{"id":21303,"date":"2025-03-28T12:20:12","date_gmt":"2025-03-28T11:20:12","guid":{"rendered":"https:\/\/agora.xtec.cat\/escola-les-roques\/?p=21303"},"modified":"2025-03-28T12:20:13","modified_gmt":"2025-03-28T11:20:13","slug":"art-i-escola-la-magia","status":"publish","type":"post","link":"https:\/\/agora.xtec.cat\/escola-les-roques\/general\/art-i-escola-la-magia\/","title":{"rendered":"ART I ESCOLA: La M\u00e0gia"},"content":{"rendered":"\n<p><strong>3 d&#8217;abril de 10-12:30h<\/strong> estarem davant de l&#8217;Atl\u00e0ntida per presentar el nostre projecte: <em>T&#8217;atreveixes a travessar el portal? <\/em><\/p>\n\n\n\n<figure class=\"wp-block-image size-large\"><a href=\"https:\/\/agora.xtec.cat\/escola-les-roques\/wp-content\/uploads\/usu2105\/2025\/03\/IMG_0987-scaled.jpg\"><img loading=\"lazy\" decoding=\"async\" width=\"1024\" height=\"768\" src=\"https:\/\/agora.xtec.cat\/escola-les-roques\/wp-content\/uploads\/usu2105\/2025\/03\/IMG_0987-1024x768.jpg\" alt=\"\" class=\"wp-image-21304\" srcset=\"https:\/\/agora.xtec.cat\/escola-les-roques\/wp-content\/uploads\/usu2105\/2025\/03\/IMG_0987-1024x768.jpg 1024w, https:\/\/agora.xtec.cat\/escola-les-roques\/wp-content\/uploads\/usu2105\/2025\/03\/IMG_0987-300x225.jpg 300w, https:\/\/agora.xtec.cat\/escola-les-roques\/wp-content\/uploads\/usu2105\/2025\/03\/IMG_0987-768x576.jpg 768w, https:\/\/agora.xtec.cat\/escola-les-roques\/wp-content\/uploads\/usu2105\/2025\/03\/IMG_0987-1536x1152.jpg 1536w, https:\/\/agora.xtec.cat\/escola-les-roques\/wp-content\/uploads\/usu2105\/2025\/03\/IMG_0987-2048x1536.jpg 2048w\" sizes=\"auto, (max-width: 1024px) 100vw, 1024px\" \/><\/a><\/figure>\n\n\n\n<p><strong>T\u2019atreveixes a travessar el portal?<\/strong> ha estat un viatge de creativitat i sobretot transformaci\u00f3 i exploraci\u00f3 art\u00edstica on ens ha portat la imaginaci\u00f3. Al llarg del projecte l\u2019alumnat ha investigat el concepte de la m\u00e0gia, explorant com les paraules, els objectes i els personatges poden transformar-se i donar vida a nous mons.<\/p>\n\n\n\n<p>El proc\u00e9s va comen\u00e7ar amb la descoberta de la transformaci\u00f3: com un poeta visual com Joan Brossa et feia veure un objecte amb una altra mirada, una paraula o poema amb una altra dimensi\u00f3, aix\u00f2 ens va portar a jugar amb les lletres i donar-els-hi un nou concepte visual. Vam seguir explorant l\u2019objecte quotidi\u00e0 i les seves possibilitats de transformaci\u00f3 adquirint una nova identitat. I vam convertir un simple full de diari en un personatge ple de vida i moviment.<\/p>\n\n\n\n<p>Aquesta exploraci\u00f3 inicial va donar pas a la creaci\u00f3 de sis portals m\u00e0gics, cadascun reflex de la imaginaci\u00f3 de cada un dels alumnes. A trav\u00e9s d\u2019aquests portals, cada infant ha donat forma a un m\u00f3n \u00fanic i fant\u00e0stic, treballant textures, formes i colors per construir un portal que convid\u00e9s a ser travessat. Hem reflexionat sobre qu\u00e8 hi ha a l\u2019altre costat del portal, com podem crear aquest portal, i si hi ha alguna manera especial de travessar-lo. Aix\u00f2 ens ha fet jugar amb la creaci\u00f3 d\u2019imatges IA per donar resposta el m\u00e9s proper possible a la imaginaci\u00f3 del qu\u00e8 veig a l\u2019altre costat del portal.<\/p>\n\n\n\n<p>M\u00e9s enll\u00e0 de la part pl\u00e0stica, el projecte ha estat una experi\u00e8ncia reflexiva sobre qu\u00e8 significa travessar un portal: un canvi de perspectiva, una aventura cap a l\u2019inconegut o fins i tot una manera de redescobrir-se a si mateix.<\/p>\n\n\n\n<p>La culminaci\u00f3 del projecte ha estat una instal\u00b7laci\u00f3 col\u00b7lectiva de 6 portals, finestres de creativitat de cada alumne, fronteres per travessar i repensar, en alguns moments, la realitat.&nbsp;<\/p>\n\n\n\n<p><strong>T\u2019atreveixes a travessar el portal? <\/strong>no ha estat nom\u00e9s una experi\u00e8ncia art\u00edstica, sin\u00f3 una oportunitat per compartir visions, emocions i hist\u00f2ries.<\/p>\n\n\n\n<div class=\"wp-block-columns is-layout-flex wp-container-core-columns-is-layout-1 wp-block-columns-is-layout-flex\">\n<div class=\"wp-block-column is-layout-flow wp-block-column-is-layout-flow\">\n<figure class=\"wp-block-image size-large\"><a href=\"https:\/\/agora.xtec.cat\/escola-les-roques\/wp-content\/uploads\/usu2105\/2025\/03\/IMG_0992-scaled.jpg\"><img loading=\"lazy\" decoding=\"async\" width=\"1024\" height=\"768\" src=\"https:\/\/agora.xtec.cat\/escola-les-roques\/wp-content\/uploads\/usu2105\/2025\/03\/IMG_0992-1024x768.jpg\" alt=\"\" class=\"wp-image-21305\" srcset=\"https:\/\/agora.xtec.cat\/escola-les-roques\/wp-content\/uploads\/usu2105\/2025\/03\/IMG_0992-1024x768.jpg 1024w, https:\/\/agora.xtec.cat\/escola-les-roques\/wp-content\/uploads\/usu2105\/2025\/03\/IMG_0992-300x225.jpg 300w, https:\/\/agora.xtec.cat\/escola-les-roques\/wp-content\/uploads\/usu2105\/2025\/03\/IMG_0992-768x576.jpg 768w, https:\/\/agora.xtec.cat\/escola-les-roques\/wp-content\/uploads\/usu2105\/2025\/03\/IMG_0992-1536x1152.jpg 1536w, https:\/\/agora.xtec.cat\/escola-les-roques\/wp-content\/uploads\/usu2105\/2025\/03\/IMG_0992-2048x1536.jpg 2048w\" sizes=\"auto, (max-width: 1024px) 100vw, 1024px\" \/><\/a><\/figure>\n<\/div>\n\n\n\n<div class=\"wp-block-column is-layout-flow wp-block-column-is-layout-flow\">\n<figure class=\"wp-block-image size-large\"><a href=\"https:\/\/agora.xtec.cat\/escola-les-roques\/wp-content\/uploads\/usu2105\/2025\/03\/IMG_0993-scaled.jpg\"><img loading=\"lazy\" decoding=\"async\" width=\"1024\" height=\"768\" src=\"https:\/\/agora.xtec.cat\/escola-les-roques\/wp-content\/uploads\/usu2105\/2025\/03\/IMG_0993-1024x768.jpg\" alt=\"\" class=\"wp-image-21306\" srcset=\"https:\/\/agora.xtec.cat\/escola-les-roques\/wp-content\/uploads\/usu2105\/2025\/03\/IMG_0993-1024x768.jpg 1024w, https:\/\/agora.xtec.cat\/escola-les-roques\/wp-content\/uploads\/usu2105\/2025\/03\/IMG_0993-300x225.jpg 300w, https:\/\/agora.xtec.cat\/escola-les-roques\/wp-content\/uploads\/usu2105\/2025\/03\/IMG_0993-768x576.jpg 768w, https:\/\/agora.xtec.cat\/escola-les-roques\/wp-content\/uploads\/usu2105\/2025\/03\/IMG_0993-1536x1152.jpg 1536w, https:\/\/agora.xtec.cat\/escola-les-roques\/wp-content\/uploads\/usu2105\/2025\/03\/IMG_0993-2048x1536.jpg 2048w\" sizes=\"auto, (max-width: 1024px) 100vw, 1024px\" \/><\/a><\/figure>\n<\/div>\n\n\n\n<div class=\"wp-block-column is-layout-flow wp-block-column-is-layout-flow\">\n<figure class=\"wp-block-image size-large\"><a href=\"https:\/\/agora.xtec.cat\/escola-les-roques\/wp-content\/uploads\/usu2105\/2025\/03\/IMG_0998-scaled.jpg\"><img loading=\"lazy\" decoding=\"async\" width=\"1024\" height=\"768\" src=\"https:\/\/agora.xtec.cat\/escola-les-roques\/wp-content\/uploads\/usu2105\/2025\/03\/IMG_0998-1024x768.jpg\" alt=\"\" class=\"wp-image-21307\" srcset=\"https:\/\/agora.xtec.cat\/escola-les-roques\/wp-content\/uploads\/usu2105\/2025\/03\/IMG_0998-1024x768.jpg 1024w, https:\/\/agora.xtec.cat\/escola-les-roques\/wp-content\/uploads\/usu2105\/2025\/03\/IMG_0998-300x225.jpg 300w, https:\/\/agora.xtec.cat\/escola-les-roques\/wp-content\/uploads\/usu2105\/2025\/03\/IMG_0998-768x576.jpg 768w, https:\/\/agora.xtec.cat\/escola-les-roques\/wp-content\/uploads\/usu2105\/2025\/03\/IMG_0998-1536x1152.jpg 1536w, https:\/\/agora.xtec.cat\/escola-les-roques\/wp-content\/uploads\/usu2105\/2025\/03\/IMG_0998-2048x1536.jpg 2048w\" sizes=\"auto, (max-width: 1024px) 100vw, 1024px\" \/><\/a><\/figure>\n<\/div>\n<\/div>\n","protected":false},"excerpt":{"rendered":"<p>3 d&#8217;abril de 10-12:30h estarem davant de l&#8217;Atl\u00e0ntida per presentar el nostre projecte: T&#8217;atreveixes a travessar el portal? T\u2019atreveixes a [&hellip;]<\/p>\n","protected":false},"author":1,"featured_media":21304,"comment_status":"open","ping_status":"open","sticky":false,"template":"","format":"standard","meta":{"_bbp_topic_count":0,"_bbp_reply_count":0,"_bbp_total_topic_count":0,"_bbp_total_reply_count":0,"_bbp_voice_count":0,"_bbp_anonymous_reply_count":0,"_bbp_topic_count_hidden":0,"_bbp_reply_count_hidden":0,"_bbp_forum_subforum_count":0,"site-sidebar-layout":"default","site-content-layout":"","ast-site-content-layout":"default","site-content-style":"default","site-sidebar-style":"default","ast-global-header-display":"","ast-banner-title-visibility":"","ast-main-header-display":"","ast-hfb-above-header-display":"","ast-hfb-below-header-display":"","ast-hfb-mobile-header-display":"","site-post-title":"","ast-breadcrumbs-content":"","ast-featured-img":"","footer-sml-layout":"","theme-transparent-header-meta":"","adv-header-id-meta":"","stick-header-meta":"","header-above-stick-meta":"","header-main-stick-meta":"","header-below-stick-meta":"","astra-migrate-meta-layouts":"set","ast-page-background-enabled":"default","ast-page-background-meta":{"desktop":{"background-color":"var(--ast-global-color-4)","background-image":"","background-repeat":"repeat","background-position":"center center","background-size":"auto","background-attachment":"scroll","background-type":"","background-media":"","overlay-type":"","overlay-color":"","overlay-opacity":"","overlay-gradient":""},"tablet":{"background-color":"","background-image":"","background-repeat":"repeat","background-position":"center center","background-size":"auto","background-attachment":"scroll","background-type":"","background-media":"","overlay-type":"","overlay-color":"","overlay-opacity":"","overlay-gradient":""},"mobile":{"background-color":"","background-image":"","background-repeat":"repeat","background-position":"center center","background-size":"auto","background-attachment":"scroll","background-type":"","background-media":"","overlay-type":"","overlay-color":"","overlay-opacity":"","overlay-gradient":""}},"ast-content-background-meta":{"desktop":{"background-color":"var(--ast-global-color-5)","background-image":"","background-repeat":"repeat","background-position":"center center","background-size":"auto","background-attachment":"scroll","background-type":"","background-media":"","overlay-type":"","overlay-color":"","overlay-opacity":"","overlay-gradient":""},"tablet":{"background-color":"var(--ast-global-color-5)","background-image":"","background-repeat":"repeat","background-position":"center center","background-size":"auto","background-attachment":"scroll","background-type":"","background-media":"","overlay-type":"","overlay-color":"","overlay-opacity":"","overlay-gradient":""},"mobile":{"background-color":"var(--ast-global-color-5)","background-image":"","background-repeat":"repeat","background-position":"center center","background-size":"auto","background-attachment":"scroll","background-type":"","background-media":"","overlay-type":"","overlay-color":"","overlay-opacity":"","overlay-gradient":""}},"footnotes":""},"categories":[14,15,11,1,4,5],"tags":[90,123,125,126,73,124],"class_list":["post-21303","post","type-post","status-publish","format-standard","has-post-thumbnail","hentry","category-5e","category-6e","category-cicle-superior","category-general","category-portada","category-primaria","tag-art","tag-art-i-escola","tag-cinque","tag-portals-magics","tag-primaria","tag-sise"],"post_mailing_queue_ids":[],"_links":{"self":[{"href":"https:\/\/agora.xtec.cat\/escola-les-roques\/wp-json\/wp\/v2\/posts\/21303","targetHints":{"allow":["GET"]}}],"collection":[{"href":"https:\/\/agora.xtec.cat\/escola-les-roques\/wp-json\/wp\/v2\/posts"}],"about":[{"href":"https:\/\/agora.xtec.cat\/escola-les-roques\/wp-json\/wp\/v2\/types\/post"}],"author":[{"embeddable":true,"href":"https:\/\/agora.xtec.cat\/escola-les-roques\/wp-json\/wp\/v2\/users\/1"}],"replies":[{"embeddable":true,"href":"https:\/\/agora.xtec.cat\/escola-les-roques\/wp-json\/wp\/v2\/comments?post=21303"}],"version-history":[{"count":1,"href":"https:\/\/agora.xtec.cat\/escola-les-roques\/wp-json\/wp\/v2\/posts\/21303\/revisions"}],"predecessor-version":[{"id":21308,"href":"https:\/\/agora.xtec.cat\/escola-les-roques\/wp-json\/wp\/v2\/posts\/21303\/revisions\/21308"}],"wp:featuredmedia":[{"embeddable":true,"href":"https:\/\/agora.xtec.cat\/escola-les-roques\/wp-json\/wp\/v2\/media\/21304"}],"wp:attachment":[{"href":"https:\/\/agora.xtec.cat\/escola-les-roques\/wp-json\/wp\/v2\/media?parent=21303"}],"wp:term":[{"taxonomy":"category","embeddable":true,"href":"https:\/\/agora.xtec.cat\/escola-les-roques\/wp-json\/wp\/v2\/categories?post=21303"},{"taxonomy":"post_tag","embeddable":true,"href":"https:\/\/agora.xtec.cat\/escola-les-roques\/wp-json\/wp\/v2\/tags?post=21303"}],"curies":[{"name":"wp","href":"https:\/\/api.w.org\/{rel}","templated":true}]}}