{"id":8667,"date":"2025-03-10T18:17:22","date_gmt":"2025-03-10T17:17:22","guid":{"rendered":"https:\/\/agora.xtec.cat\/escola-les-escomes\/?p=8667"},"modified":"2025-03-19T10:38:14","modified_gmt":"2025-03-19T09:38:14","slug":"larros-del-camp-al-plat","status":"publish","type":"post","link":"https:\/\/agora.xtec.cat\/escola-les-escomes\/general\/larros-del-camp-al-plat\/","title":{"rendered":"L&#8217;ARR\u00d2S&#8230;DEL CAMP AL PLAT!"},"content":{"rendered":"<p data-start=\"61\" data-end=\"306\">Avui ha estat un dia molt especial per als nens i nenes d&#8217;I5 i 3r, ja que hem fet una excursi\u00f3 relacionada amb els nostres projectes de curs. Hem anat amb el Xiulet de Pals, un trenet tur\u00edstic que ens ha portat a descobrir els camps d\u2019arr\u00f2s i tot el proc\u00e9s de cultiu d\u2019aquest aliment tan important.<\/p>\n<p data-start=\"308\" data-end=\"670\">Durant el trajecte, hem pogut observar els arrossars i entendre com creix l\u2019arr\u00f2s, des de la sembra fins a la collita. Tamb\u00e9 hem apr\u00e8s sobre les diferents m\u00e0quines que es fan servir per preparar el terreny, plantar i collir els grans d\u2019arr\u00f2s abans que arribin a la nostra taula. Ha estat molt interessant veure de prop com funciona tot aquest proc\u00e9s!<\/p>\n<p data-start=\"672\" data-end=\"909\">A m\u00e9s de gaudir del paisatge i de l\u2019experi\u00e8ncia de viatjar amb el Xiulet, hem apr\u00e8s moltes coses noves i hem passat un dia genial envoltats de natura!<\/p>\n<p data-start=\"672\" data-end=\"909\"><a href=\"https:\/\/drive.google.com\/drive\/folders\/17FVTVKMaGHWQrBDrCz9qMHkyvtCU8xS1?usp=sharing\"><img loading=\"lazy\" decoding=\"async\" class=\"size-medium wp-image-8668 alignleft\" src=\"https:\/\/agora.xtec.cat\/escola-les-escomes\/wp-content\/uploads\/usu361\/2025\/03\/arros-de-pals-1-225x300.jpg\" alt=\"\" width=\"225\" height=\"300\" srcset=\"https:\/\/agora.xtec.cat\/escola-les-escomes\/wp-content\/uploads\/usu361\/2025\/03\/arros-de-pals-1-225x300.jpg 225w, https:\/\/agora.xtec.cat\/escola-les-escomes\/wp-content\/uploads\/usu361\/2025\/03\/arros-de-pals-1-rotated.jpg 756w\" sizes=\"auto, (max-width: 225px) 100vw, 225px\" \/><\/a><\/p>\n","protected":false},"excerpt":{"rendered":"<p>Avui ha estat un dia molt especial per als nens i nenes d&#8217;I5 i 3r, ja que hem fet una excursi\u00f3 relacionada amb els nostres projectes de curs. Hem anat amb el Xiulet de Pals, un trenet tur\u00edstic que ens ha portat a descobrir els camps d\u2019arr\u00f2s i tot el proc\u00e9s de cultiu d\u2019aquest aliment [&hellip;]<\/p>\n","protected":false},"author":1,"featured_media":8668,"comment_status":"open","ping_status":"closed","sticky":false,"template":"","format":"standard","meta":{"_bbp_topic_count":0,"_bbp_reply_count":0,"_bbp_total_topic_count":0,"_bbp_total_reply_count":0,"_bbp_voice_count":0,"_bbp_anonymous_reply_count":0,"_bbp_topic_count_hidden":0,"_bbp_reply_count_hidden":0,"_bbp_forum_subforum_count":0,"site-sidebar-layout":"default","site-content-layout":"","ast-site-content-layout":"","site-content-style":"default","site-sidebar-style":"default","ast-global-header-display":"","ast-banner-title-visibility":"","ast-main-header-display":"","ast-hfb-above-header-display":"","ast-hfb-below-header-display":"","ast-hfb-mobile-header-display":"","site-post-title":"","ast-breadcrumbs-content":"","ast-featured-img":"","footer-sml-layout":"","theme-transparent-header-meta":"","adv-header-id-meta":"","stick-header-meta":"","header-above-stick-meta":"","header-main-stick-meta":"","header-below-stick-meta":"","astra-migrate-meta-layouts":"default","ast-page-background-enabled":"default","ast-page-background-meta":{"desktop":{"background-color":"var(--ast-global-color-4)","background-image":"","background-repeat":"repeat","background-position":"center center","background-size":"auto","background-attachment":"scroll","background-type":"","background-media":"","overlay-type":"","overlay-color":"","overlay-opacity":"","overlay-gradient":""},"tablet":{"background-color":"","background-image":"","background-repeat":"repeat","background-position":"center center","background-size":"auto","background-attachment":"scroll","background-type":"","background-media":"","overlay-type":"","overlay-color":"","overlay-opacity":"","overlay-gradient":""},"mobile":{"background-color":"","background-image":"","background-repeat":"repeat","background-position":"center center","background-size":"auto","background-attachment":"scroll","background-type":"","background-media":"","overlay-type":"","overlay-color":"","overlay-opacity":"","overlay-gradient":""}},"ast-content-background-meta":{"desktop":{"background-color":"var(--ast-global-color-5)","background-image":"","background-repeat":"repeat","background-position":"center center","background-size":"auto","background-attachment":"scroll","background-type":"","background-media":"","overlay-type":"","overlay-color":"","overlay-opacity":"","overlay-gradient":""},"tablet":{"background-color":"var(--ast-global-color-5)","background-image":"","background-repeat":"repeat","background-position":"center center","background-size":"auto","background-attachment":"scroll","background-type":"","background-media":"","overlay-type":"","overlay-color":"","overlay-opacity":"","overlay-gradient":""},"mobile":{"background-color":"var(--ast-global-color-5)","background-image":"","background-repeat":"repeat","background-position":"center center","background-size":"auto","background-attachment":"scroll","background-type":"","background-media":"","overlay-type":"","overlay-color":"","overlay-opacity":"","overlay-gradient":""}},"footnotes":""},"categories":[565,1,562,4],"tags":[],"class_list":["post-8667","post","type-post","status-publish","format-standard","has-post-thumbnail","hentry","category-3r-2","category-general","category-i5-2","category-portada"],"post_mailing_queue_ids":[],"_links":{"self":[{"href":"https:\/\/agora.xtec.cat\/escola-les-escomes\/wp-json\/wp\/v2\/posts\/8667","targetHints":{"allow":["GET"]}}],"collection":[{"href":"https:\/\/agora.xtec.cat\/escola-les-escomes\/wp-json\/wp\/v2\/posts"}],"about":[{"href":"https:\/\/agora.xtec.cat\/escola-les-escomes\/wp-json\/wp\/v2\/types\/post"}],"author":[{"embeddable":true,"href":"https:\/\/agora.xtec.cat\/escola-les-escomes\/wp-json\/wp\/v2\/users\/1"}],"replies":[{"embeddable":true,"href":"https:\/\/agora.xtec.cat\/escola-les-escomes\/wp-json\/wp\/v2\/comments?post=8667"}],"version-history":[{"count":3,"href":"https:\/\/agora.xtec.cat\/escola-les-escomes\/wp-json\/wp\/v2\/posts\/8667\/revisions"}],"predecessor-version":[{"id":8671,"href":"https:\/\/agora.xtec.cat\/escola-les-escomes\/wp-json\/wp\/v2\/posts\/8667\/revisions\/8671"}],"wp:featuredmedia":[{"embeddable":true,"href":"https:\/\/agora.xtec.cat\/escola-les-escomes\/wp-json\/wp\/v2\/media\/8668"}],"wp:attachment":[{"href":"https:\/\/agora.xtec.cat\/escola-les-escomes\/wp-json\/wp\/v2\/media?parent=8667"}],"wp:term":[{"taxonomy":"category","embeddable":true,"href":"https:\/\/agora.xtec.cat\/escola-les-escomes\/wp-json\/wp\/v2\/categories?post=8667"},{"taxonomy":"post_tag","embeddable":true,"href":"https:\/\/agora.xtec.cat\/escola-les-escomes\/wp-json\/wp\/v2\/tags?post=8667"}],"curies":[{"name":"wp","href":"https:\/\/api.w.org\/{rel}","templated":true}]}}