{"id":7955,"date":"2024-05-27T15:10:48","date_gmt":"2024-05-27T13:10:48","guid":{"rendered":"https:\/\/agora.xtec.cat\/escola-les-escomes\/?p=7955"},"modified":"2024-05-27T15:10:48","modified_gmt":"2024-05-27T13:10:48","slug":"xerrada-la-gestio-de-conflictes","status":"publish","type":"post","link":"https:\/\/agora.xtec.cat\/escola-les-escomes\/informacions-afa\/xerrada-la-gestio-de-conflictes\/","title":{"rendered":"XERRADA: La gesti\u00f3 de conflictes"},"content":{"rendered":"<p>Aquest any, a petici\u00f3 de les fam\u00edlies, hem continuat aprofundint amb el tema de la gesti\u00f3 de conflictes. Una xerrada molt amena i participativa a c\u00e0rrec de la Laia Panyella de Ranura.<br \/>\nGr\u00e0cies Laia per les teves propostes i gr\u00e0cies fam\u00edlies per la vostra participaci\u00f3.<\/p>\n<p>AFA les Escomes.<\/p>\n<p><a href=\"https:\/\/agora.xtec.cat\/escola-les-escomes\/wp-content\/uploads\/usu361\/2024\/05\/PHOTO-2024-05-23-18-09-22.jpg\"><img loading=\"lazy\" decoding=\"async\" class=\"aligncenter size-medium wp-image-7956\" src=\"https:\/\/agora.xtec.cat\/escola-les-escomes\/wp-content\/uploads\/usu361\/2024\/05\/PHOTO-2024-05-23-18-09-22-300x138.jpg\" alt=\"\" width=\"300\" height=\"138\" srcset=\"https:\/\/agora.xtec.cat\/escola-les-escomes\/wp-content\/uploads\/usu361\/2024\/05\/PHOTO-2024-05-23-18-09-22-300x138.jpg 300w, https:\/\/agora.xtec.cat\/escola-les-escomes\/wp-content\/uploads\/usu361\/2024\/05\/PHOTO-2024-05-23-18-09-22-1024x472.jpg 1024w, https:\/\/agora.xtec.cat\/escola-les-escomes\/wp-content\/uploads\/usu361\/2024\/05\/PHOTO-2024-05-23-18-09-22-768x354.jpg 768w, https:\/\/agora.xtec.cat\/escola-les-escomes\/wp-content\/uploads\/usu361\/2024\/05\/PHOTO-2024-05-23-18-09-22-1536x708.jpg 1536w, https:\/\/agora.xtec.cat\/escola-les-escomes\/wp-content\/uploads\/usu361\/2024\/05\/PHOTO-2024-05-23-18-09-22.jpg 1600w\" sizes=\"auto, (max-width: 300px) 100vw, 300px\" \/><\/a><\/p>\n","protected":false},"excerpt":{"rendered":"<p>Aquest any, a petici\u00f3 de les fam\u00edlies, hem continuat aprofundint amb el tema de la gesti\u00f3 de conflictes. Una xerrada molt amena i participativa a c\u00e0rrec de la Laia Panyella de Ranura. Gr\u00e0cies Laia per les teves propostes i gr\u00e0cies fam\u00edlies per la vostra participaci\u00f3. AFA les Escomes.<\/p>\n","protected":false},"author":1,"featured_media":7956,"comment_status":"open","ping_status":"closed","sticky":false,"template":"","format":"standard","meta":{"_bbp_topic_count":0,"_bbp_reply_count":0,"_bbp_total_topic_count":0,"_bbp_total_reply_count":0,"_bbp_voice_count":0,"_bbp_anonymous_reply_count":0,"_bbp_topic_count_hidden":0,"_bbp_reply_count_hidden":0,"_bbp_forum_subforum_count":0,"site-sidebar-layout":"default","site-content-layout":"","ast-site-content-layout":"","site-content-style":"default","site-sidebar-style":"default","ast-global-header-display":"","ast-banner-title-visibility":"","ast-main-header-display":"","ast-hfb-above-header-display":"","ast-hfb-below-header-display":"","ast-hfb-mobile-header-display":"","site-post-title":"","ast-breadcrumbs-content":"","ast-featured-img":"","footer-sml-layout":"","theme-transparent-header-meta":"","adv-header-id-meta":"","stick-header-meta":"","header-above-stick-meta":"","header-main-stick-meta":"","header-below-stick-meta":"","astra-migrate-meta-layouts":"default","ast-page-background-enabled":"default","ast-page-background-meta":{"desktop":{"background-color":"var(--ast-global-color-4)","background-image":"","background-repeat":"repeat","background-position":"center center","background-size":"auto","background-attachment":"scroll","background-type":"","background-media":"","overlay-type":"","overlay-color":"","overlay-opacity":"","overlay-gradient":""},"tablet":{"background-color":"","background-image":"","background-repeat":"repeat","background-position":"center center","background-size":"auto","background-attachment":"scroll","background-type":"","background-media":"","overlay-type":"","overlay-color":"","overlay-opacity":"","overlay-gradient":""},"mobile":{"background-color":"","background-image":"","background-repeat":"repeat","background-position":"center center","background-size":"auto","background-attachment":"scroll","background-type":"","background-media":"","overlay-type":"","overlay-color":"","overlay-opacity":"","overlay-gradient":""}},"ast-content-background-meta":{"desktop":{"background-color":"var(--ast-global-color-5)","background-image":"","background-repeat":"repeat","background-position":"center center","background-size":"auto","background-attachment":"scroll","background-type":"","background-media":"","overlay-type":"","overlay-color":"","overlay-opacity":"","overlay-gradient":""},"tablet":{"background-color":"var(--ast-global-color-5)","background-image":"","background-repeat":"repeat","background-position":"center center","background-size":"auto","background-attachment":"scroll","background-type":"","background-media":"","overlay-type":"","overlay-color":"","overlay-opacity":"","overlay-gradient":""},"mobile":{"background-color":"var(--ast-global-color-5)","background-image":"","background-repeat":"repeat","background-position":"center center","background-size":"auto","background-attachment":"scroll","background-type":"","background-media":"","overlay-type":"","overlay-color":"","overlay-opacity":"","overlay-gradient":""}},"footnotes":""},"categories":[94],"tags":[],"class_list":["post-7955","post","type-post","status-publish","format-standard","has-post-thumbnail","hentry","category-informacions-afa"],"post_mailing_queue_ids":[],"_links":{"self":[{"href":"https:\/\/agora.xtec.cat\/escola-les-escomes\/wp-json\/wp\/v2\/posts\/7955","targetHints":{"allow":["GET"]}}],"collection":[{"href":"https:\/\/agora.xtec.cat\/escola-les-escomes\/wp-json\/wp\/v2\/posts"}],"about":[{"href":"https:\/\/agora.xtec.cat\/escola-les-escomes\/wp-json\/wp\/v2\/types\/post"}],"author":[{"embeddable":true,"href":"https:\/\/agora.xtec.cat\/escola-les-escomes\/wp-json\/wp\/v2\/users\/1"}],"replies":[{"embeddable":true,"href":"https:\/\/agora.xtec.cat\/escola-les-escomes\/wp-json\/wp\/v2\/comments?post=7955"}],"version-history":[{"count":2,"href":"https:\/\/agora.xtec.cat\/escola-les-escomes\/wp-json\/wp\/v2\/posts\/7955\/revisions"}],"predecessor-version":[{"id":7958,"href":"https:\/\/agora.xtec.cat\/escola-les-escomes\/wp-json\/wp\/v2\/posts\/7955\/revisions\/7958"}],"wp:featuredmedia":[{"embeddable":true,"href":"https:\/\/agora.xtec.cat\/escola-les-escomes\/wp-json\/wp\/v2\/media\/7956"}],"wp:attachment":[{"href":"https:\/\/agora.xtec.cat\/escola-les-escomes\/wp-json\/wp\/v2\/media?parent=7955"}],"wp:term":[{"taxonomy":"category","embeddable":true,"href":"https:\/\/agora.xtec.cat\/escola-les-escomes\/wp-json\/wp\/v2\/categories?post=7955"},{"taxonomy":"post_tag","embeddable":true,"href":"https:\/\/agora.xtec.cat\/escola-les-escomes\/wp-json\/wp\/v2\/tags?post=7955"}],"curies":[{"name":"wp","href":"https:\/\/api.w.org\/{rel}","templated":true}]}}