{"id":43042,"date":"2020-02-02T18:33:20","date_gmt":"2020-02-02T17:33:20","guid":{"rendered":"http:\/\/agora.xtec.cat\/escola-lavitxeta\/?p=43042"},"modified":"2020-03-01T21:49:18","modified_gmt":"2020-03-01T20:49:18","slug":"els-alumnes-de-5e-cuidem-lhort","status":"publish","type":"post","link":"https:\/\/agora.xtec.cat\/escola-lavitxeta\/general\/els-alumnes-de-5e-cuidem-lhort\/","title":{"rendered":"Els alumnes de 5\u00e8 cuidem l&#8217;hort"},"content":{"rendered":"<p class=\"_04xlpA direction-ltr align-start para-style-body\" style=\"text-align: justify;\">Fa uns dies, vam anar a l&#8217;hort de l&#8217;escola i en Pitu, que \u00e9s un expert, ens va explicar quin treball haurem de fer enguany.<\/p>\n<p class=\"_04xlpA direction-ltr align-start para-style-body\" style=\"text-align: justify;\">Per comen\u00e7ar, ens haurem d&#8217;ocupar del compost. Es tracta d&#8217;una capsa de pl\u00e0stic amb una tapa que serveix per mantenir la temperatura, per aix\u00f2 \u00e9s important no deixar-la oberta. Tamb\u00e9 \u00e9s necessari posar restes org\u00e0niques, humides i seques. Al final del curs tindrem compost per les plantes.<\/p>\n<p class=\"_04xlpA direction-ltr align-start para-style-body\" style=\"text-align: justify;\">Per una altra banda, ens haurem d&#8217;ocupar de l&#8217;hotel d&#8217;insectes. Aqu\u00ed hi posarem rotllos de paper, palets&#8230; per a que els insectes puguin tenir un lloc on viure ja que els necessitem per pol\u00b7linitzar les flors i evitar plagues.<\/p>\n<p class=\"_04xlpA direction-ltr align-start para-style-body\" style=\"text-align: justify;\">Estem segurs que entre tots tindrem un hort fant\u00e0stic!!<\/p>\n\n\t\t<style type=\"text\/css\">\n\t\t\t#gallery-1 {\n\t\t\t\tmargin: auto;\n\t\t\t}\n\t\t\t#gallery-1 .gallery-item {\n\t\t\t\tfloat: left;\n\t\t\t\tmargin-top: 10px;\n\t\t\t\ttext-align: center;\n\t\t\t\twidth: 33%;\n\t\t\t}\n\t\t\t#gallery-1 img {\n\t\t\t\tborder: 2px solid #cfcfcf;\n\t\t\t}\n\t\t\t#gallery-1 .gallery-caption {\n\t\t\t\tmargin-left: 0;\n\t\t\t}\n\t\t\t\/* see gallery_shortcode() in wp-includes\/media.php *\/\n\t\t<\/style>\n\t\t<div id='gallery-1' class='gallery galleryid-43042 gallery-columns-3 gallery-size-thumbnail'><dl class='gallery-item'>\n\t\t\t<dt class='gallery-icon landscape'>\n\t\t\t\t<a href='https:\/\/agora.xtec.cat\/escola-lavitxeta\/general\/els-alumnes-de-5e-cuidem-lhort\/attachment\/20200114_151333\/'><img loading=\"lazy\" decoding=\"async\" width=\"150\" height=\"150\" src=\"https:\/\/agora.xtec.cat\/escola-lavitxeta\/wp-content\/uploads\/usu1195\/2020\/02\/20200114_151333-150x150.jpg\" class=\"attachment-thumbnail size-thumbnail\" alt=\"\" \/><\/a>\n\t\t\t<\/dt><\/dl><dl class='gallery-item'>\n\t\t\t<dt class='gallery-icon landscape'>\n\t\t\t\t<a href='https:\/\/agora.xtec.cat\/escola-lavitxeta\/general\/els-alumnes-de-5e-cuidem-lhort\/attachment\/20200114_151034\/'><img loading=\"lazy\" decoding=\"async\" width=\"150\" height=\"150\" src=\"https:\/\/agora.xtec.cat\/escola-lavitxeta\/wp-content\/uploads\/usu1195\/2020\/02\/20200114_151034-150x150.jpg\" class=\"attachment-thumbnail size-thumbnail\" alt=\"\" \/><\/a>\n\t\t\t<\/dt><\/dl><dl class='gallery-item'>\n\t\t\t<dt class='gallery-icon landscape'>\n\t\t\t\t<a href='https:\/\/agora.xtec.cat\/escola-lavitxeta\/general\/els-alumnes-de-5e-cuidem-lhort\/attachment\/20200114_151932\/'><img loading=\"lazy\" decoding=\"async\" width=\"150\" height=\"150\" src=\"https:\/\/agora.xtec.cat\/escola-lavitxeta\/wp-content\/uploads\/usu1195\/2020\/02\/20200114_151932-150x150.jpg\" class=\"attachment-thumbnail size-thumbnail\" alt=\"\" \/><\/a>\n\t\t\t<\/dt><\/dl><br style=\"clear: both\" \/><dl class='gallery-item'>\n\t\t\t<dt class='gallery-icon landscape'>\n\t\t\t\t<a href='https:\/\/agora.xtec.cat\/escola-lavitxeta\/general\/els-alumnes-de-5e-cuidem-lhort\/attachment\/20200114_152601\/'><img loading=\"lazy\" decoding=\"async\" width=\"150\" height=\"150\" src=\"https:\/\/agora.xtec.cat\/escola-lavitxeta\/wp-content\/uploads\/usu1195\/2020\/02\/20200114_152601-150x150.jpg\" class=\"attachment-thumbnail size-thumbnail\" alt=\"\" \/><\/a>\n\t\t\t<\/dt><\/dl>\n\t\t\t<br style='clear: both' \/>\n\t\t<\/div>\n\n","protected":false},"excerpt":{"rendered":"<p>Fa uns dies, vam anar a l&#8217;hort de l&#8217;escola i en Pitu, que \u00e9s un expert, ens va explicar quin treball haurem de fer enguany.<br \/>\nPer comen\u00e7ar, ens haurem d&#8217;ocupar del compost. Es tracta d&#8217;una capsa de pl\u00e0stic amb una tapa que serveix per mantenir la&hellip;  <a href=\"https:\/\/agora.xtec.cat\/escola-lavitxeta\/general\/els-alumnes-de-5e-cuidem-lhort\/\" title=\"Read Els alumnes de 5\u00e8 cuidem l&#8217;hort\">Llegeix m\u00e9s\u00bb<\/a><\/p>\n","protected":false},"author":25,"featured_media":43046,"comment_status":"closed","ping_status":"closed","sticky":false,"template":"","format":"standard","meta":{"_bbp_topic_count":0,"_bbp_reply_count":0,"_bbp_total_topic_count":0,"_bbp_total_reply_count":0,"_bbp_voice_count":0,"_bbp_anonymous_reply_count":0,"_bbp_topic_count_hidden":0,"_bbp_reply_count_hidden":0,"_bbp_forum_subforum_count":0,"footnotes":""},"categories":[1],"tags":[98,117,111,155],"class_list":["post-43042","post","type-post","status-publish","format-standard","has-post-thumbnail","hentry","category-general","tag-5e","tag-com-treballem","tag-hort-pati","tag-grup-grans"],"post_mailing_queue_ids":[],"_links":{"self":[{"href":"https:\/\/agora.xtec.cat\/escola-lavitxeta\/wp-json\/wp\/v2\/posts\/43042","targetHints":{"allow":["GET"]}}],"collection":[{"href":"https:\/\/agora.xtec.cat\/escola-lavitxeta\/wp-json\/wp\/v2\/posts"}],"about":[{"href":"https:\/\/agora.xtec.cat\/escola-lavitxeta\/wp-json\/wp\/v2\/types\/post"}],"author":[{"embeddable":true,"href":"https:\/\/agora.xtec.cat\/escola-lavitxeta\/wp-json\/wp\/v2\/users\/25"}],"replies":[{"embeddable":true,"href":"https:\/\/agora.xtec.cat\/escola-lavitxeta\/wp-json\/wp\/v2\/comments?post=43042"}],"version-history":[{"count":2,"href":"https:\/\/agora.xtec.cat\/escola-lavitxeta\/wp-json\/wp\/v2\/posts\/43042\/revisions"}],"predecessor-version":[{"id":43048,"href":"https:\/\/agora.xtec.cat\/escola-lavitxeta\/wp-json\/wp\/v2\/posts\/43042\/revisions\/43048"}],"wp:featuredmedia":[{"embeddable":true,"href":"https:\/\/agora.xtec.cat\/escola-lavitxeta\/wp-json\/wp\/v2\/media\/43046"}],"wp:attachment":[{"href":"https:\/\/agora.xtec.cat\/escola-lavitxeta\/wp-json\/wp\/v2\/media?parent=43042"}],"wp:term":[{"taxonomy":"category","embeddable":true,"href":"https:\/\/agora.xtec.cat\/escola-lavitxeta\/wp-json\/wp\/v2\/categories?post=43042"},{"taxonomy":"post_tag","embeddable":true,"href":"https:\/\/agora.xtec.cat\/escola-lavitxeta\/wp-json\/wp\/v2\/tags?post=43042"}],"curies":[{"name":"wp","href":"https:\/\/api.w.org\/{rel}","templated":true}]}}