{"id":41958,"date":"2019-12-11T22:40:43","date_gmt":"2019-12-11T21:40:43","guid":{"rendered":"http:\/\/agora.xtec.cat\/escola-lavitxeta\/?p=41958"},"modified":"2019-12-11T23:09:21","modified_gmt":"2019-12-11T22:09:21","slug":"laplicacio-bynapp-ja-esta-operativa","status":"publish","type":"post","link":"https:\/\/agora.xtec.cat\/escola-lavitxeta\/general\/laplicacio-bynapp-ja-esta-operativa\/","title":{"rendered":"L&#8217;aplicaci\u00f3 Bynapp ja est\u00e0 operativa"},"content":{"rendered":"<p>L&#8217;aplicaci\u00f3 <a href=\"http:\/\/agora.xtec.cat\/escola-lavitxeta\/bynapp-comunicacio-families-escola-amipa\/\">Bynapp\u00a0<\/a>com a canal de comunicaci\u00f3 fam\u00edlia-escola i AMIPA-fam\u00edlies ja est\u00e0 operativa.<\/p>\n<p><strong>Recordeu que&#8230;<br \/>\n<\/strong><\/p>\n<p>En iniciar l&#8217;aplicaci\u00f3 Bynapp ens demanar\u00e0 validar-nos amb la nostra <strong>adre\u00e7a de correu<\/strong> i la <strong>contrasenya<\/strong>. Aquesta contrasenya ens haur\u00e0 arribat per e-mail o b\u00e9 ens l&#8217;haur\u00e0 facilitat l\u2019escola.<\/p>\n<p>Despr\u00e9s d\u2019introduir e-mail i contrasenya farem clic a <strong>Entrar<\/strong> per accedir.<\/p>\n<p>A Bynapp pots tenir m\u00faltiples perfils, \u00e9s a dir, pots estar assignat a m\u00e9s d\u2019un grup d\u2019usuaris. Aix\u00ed, estar\u00e0s assignat a cada classe dels teus fills.<\/p>\n<p>Per cada perfil apareixer\u00e0 una opci\u00f3 d\u2019acc\u00e9s.<\/p>\n<p>&nbsp;<\/p>\n<p>Si has oblidat la contrasenya, o b\u00e9 no l\u2019has rebut, podr\u00e0s recuperar-la fent clic en \u201cHas oblidat la teva contrasenya?\u201d i Bynapp t\u2019enviar\u00e0 un mail a l\u2019adre\u00e7a de correu que vas facilitar a l\u2019escola i, seguint les instruccions, podr\u00e0s accedir de nou.<\/p>\n","protected":false},"excerpt":{"rendered":"<p>L&#8217;aplicaci\u00f3 <a href=\"http:\/\/agora.xtec.cat\/escola-lavitxeta\/bynapp-comunicacio-families-escola-amipa\/\">Bynapp\u00a0<\/a>com a canal de comunicaci\u00f3 fam\u00edlia-escola i AMIPA-fam\u00edlies ja est\u00e0 operativa.<br \/>\nRecordeu que&#8230;<\/p>\n<p>En iniciar l&#8217;aplicaci\u00f3 Bynapp ens demanar\u00e0 validar-nos amb la nostra adre\u00e7a de correu i la contrasenya. Aquesta contrasenya ens haur\u00e0 arribat per e-mail o b\u00e9 ens l&#8217;haur\u00e0 facilitat l\u2019escola.<br \/>\nDespr\u00e9s d\u2019introduir e-mail i&hellip;  <a href=\"https:\/\/agora.xtec.cat\/escola-lavitxeta\/general\/laplicacio-bynapp-ja-esta-operativa\/\" title=\"Read L&#8217;aplicaci\u00f3 Bynapp ja est\u00e0 operativa\">Llegeix m\u00e9s\u00bb<\/a><\/p>\n","protected":false},"author":1,"featured_media":41317,"comment_status":"closed","ping_status":"closed","sticky":false,"template":"","format":"standard","meta":{"_bbp_topic_count":0,"_bbp_reply_count":0,"_bbp_total_topic_count":0,"_bbp_total_reply_count":0,"_bbp_voice_count":0,"_bbp_anonymous_reply_count":0,"_bbp_topic_count_hidden":0,"_bbp_reply_count_hidden":0,"_bbp_forum_subforum_count":0,"footnotes":""},"categories":[1],"tags":[103,107],"class_list":["post-41958","post","type-post","status-publish","format-standard","has-post-thumbnail","hentry","category-general","tag-amipa-2","tag-escola"],"post_mailing_queue_ids":[],"_links":{"self":[{"href":"https:\/\/agora.xtec.cat\/escola-lavitxeta\/wp-json\/wp\/v2\/posts\/41958","targetHints":{"allow":["GET"]}}],"collection":[{"href":"https:\/\/agora.xtec.cat\/escola-lavitxeta\/wp-json\/wp\/v2\/posts"}],"about":[{"href":"https:\/\/agora.xtec.cat\/escola-lavitxeta\/wp-json\/wp\/v2\/types\/post"}],"author":[{"embeddable":true,"href":"https:\/\/agora.xtec.cat\/escola-lavitxeta\/wp-json\/wp\/v2\/users\/1"}],"replies":[{"embeddable":true,"href":"https:\/\/agora.xtec.cat\/escola-lavitxeta\/wp-json\/wp\/v2\/comments?post=41958"}],"version-history":[{"count":3,"href":"https:\/\/agora.xtec.cat\/escola-lavitxeta\/wp-json\/wp\/v2\/posts\/41958\/revisions"}],"predecessor-version":[{"id":41962,"href":"https:\/\/agora.xtec.cat\/escola-lavitxeta\/wp-json\/wp\/v2\/posts\/41958\/revisions\/41962"}],"wp:featuredmedia":[{"embeddable":true,"href":"https:\/\/agora.xtec.cat\/escola-lavitxeta\/wp-json\/wp\/v2\/media\/41317"}],"wp:attachment":[{"href":"https:\/\/agora.xtec.cat\/escola-lavitxeta\/wp-json\/wp\/v2\/media?parent=41958"}],"wp:term":[{"taxonomy":"category","embeddable":true,"href":"https:\/\/agora.xtec.cat\/escola-lavitxeta\/wp-json\/wp\/v2\/categories?post=41958"},{"taxonomy":"post_tag","embeddable":true,"href":"https:\/\/agora.xtec.cat\/escola-lavitxeta\/wp-json\/wp\/v2\/tags?post=41958"}],"curies":[{"name":"wp","href":"https:\/\/api.w.org\/{rel}","templated":true}]}}