{"id":41915,"date":"2019-12-11T13:37:23","date_gmt":"2019-12-11T12:37:23","guid":{"rendered":"http:\/\/agora.xtec.cat\/escola-lavitxeta\/?p=41915"},"modified":"2020-01-13T17:29:37","modified_gmt":"2020-01-13T16:29:37","slug":"campanya-per-conscienciar-sobre-lus-responsable-del-plastic","status":"publish","type":"post","link":"https:\/\/agora.xtec.cat\/escola-lavitxeta\/general\/campanya-per-conscienciar-sobre-lus-responsable-del-plastic\/","title":{"rendered":"Campanya per conscienciar sobre l\u2019\u00fas responsable del pl\u00e0stic"},"content":{"rendered":"<p style=\"text-align: justify;\">Tal com us avan\u00e7\u00e0vem fa uns dies, els nens i nenes de 6\u00e8 B estem duent a terme una campanya de conscienciaci\u00f3 sobre l&#8217;<a href=\"http:\/\/agora.xtec.cat\/escola-lavitxeta\/general\/els-de-6e-volem-acabar-amb-la-problematica-dels-plastics\/\">\u00fas dels pl\u00e0stics<\/a> com a treball final del nostre projecte. Hem preparat diverses accions per aquesta campanya: una exposici\u00f3, una recollida dels pl\u00e0stics que fem servir a l&#8217;escola amb l&#8217;objectiu de reduir-lo, un mural a la paret, un c\u00f2mic, cartes a l&#8217;Ajuntament i als supermercats i a la <span class=\"hiddenSpellError\">Greta<\/span> <span class=\"hiddenSpellError\">Thunberg<\/span> i un dec\u00e0leg, ple d&#8217;idees per no contaminar tant. Durant aquesta setmana i la seg\u00fcent expliquem el que hem fet a les altres classes de l&#8217;escola.<\/p>\n<p style=\"text-align: justify;\"><strong>Comunicar el que hem apr\u00e8s \u00e9s una gran manera de consolid<\/strong><strong>ar els aprenentatges.<\/strong><\/p>\n<p style=\"text-align: justify;\">Us convidem a entrar a l&#8217;escola a veure-ho en directe, l&#8217;exposici\u00f3 est\u00e0 al passad\u00eds que va del vest\u00edbul al porxo del pati.<\/p>\n<p><a href=\"http:\/\/agora.xtec.cat\/escola-lavitxeta\/projectes-de-medi-a-primaria\/\">Projectes de medi a prim\u00e0ria<\/a><\/p>\n<p><strong><img loading=\"lazy\" decoding=\"async\" class=\"alignnone size-large wp-image-41917\" src=\"https:\/\/agora.xtec.cat\/escola-lavitxeta\/wp-content\/uploads\/usu1195\/2019\/12\/la-vitxeta-contra-724x1024.jpg\" alt=\"\" width=\"724\" height=\"1024\" srcset=\"https:\/\/agora.xtec.cat\/escola-lavitxeta\/wp-content\/uploads\/usu1195\/2019\/12\/la-vitxeta-contra-724x1024.jpg 724w, https:\/\/agora.xtec.cat\/escola-lavitxeta\/wp-content\/uploads\/usu1195\/2019\/12\/la-vitxeta-contra-212x300.jpg 212w, https:\/\/agora.xtec.cat\/escola-lavitxeta\/wp-content\/uploads\/usu1195\/2019\/12\/la-vitxeta-contra-768x1086.jpg 768w, https:\/\/agora.xtec.cat\/escola-lavitxeta\/wp-content\/uploads\/usu1195\/2019\/12\/la-vitxeta-contra.jpg 1587w\" sizes=\"auto, (max-width: 724px) 100vw, 724px\" \/><\/strong><\/p>\n","protected":false},"excerpt":{"rendered":"<p>Tal com us avan\u00e7\u00e0vem fa uns dies, els nens i nenes de 6\u00e8 B estem duent a terme una campanya de conscienciaci\u00f3 sobre l&#8217;<a href=\"http:\/\/agora.xtec.cat\/escola-lavitxeta\/general\/els-de-6e-volem-acabar-amb-la-problematica-dels-plastics\/\">\u00fas dels pl\u00e0stics<\/a> com a treball final del nostre projecte. Hem preparat diverses accions per aquesta campanya: una exposici\u00f3, una recollida&hellip;  <a href=\"https:\/\/agora.xtec.cat\/escola-lavitxeta\/general\/campanya-per-conscienciar-sobre-lus-responsable-del-plastic\/\" title=\"Read Campanya per conscienciar sobre l\u2019\u00fas responsable del pl\u00e0stic\">Llegeix m\u00e9s\u00bb<\/a><\/p>\n","protected":false},"author":15,"featured_media":41917,"comment_status":"closed","ping_status":"closed","sticky":false,"template":"","format":"standard","meta":{"_bbp_topic_count":0,"_bbp_reply_count":0,"_bbp_total_topic_count":0,"_bbp_total_reply_count":0,"_bbp_voice_count":0,"_bbp_anonymous_reply_count":0,"_bbp_topic_count_hidden":0,"_bbp_reply_count_hidden":0,"_bbp_forum_subforum_count":0,"footnotes":""},"categories":[1],"tags":[99,117,155,107,194],"class_list":["post-41915","post","type-post","status-publish","format-standard","has-post-thumbnail","hentry","category-general","tag-6e","tag-com-treballem","tag-grup-grans","tag-escola","tag-projectes-de-medi"],"post_mailing_queue_ids":[],"_links":{"self":[{"href":"https:\/\/agora.xtec.cat\/escola-lavitxeta\/wp-json\/wp\/v2\/posts\/41915","targetHints":{"allow":["GET"]}}],"collection":[{"href":"https:\/\/agora.xtec.cat\/escola-lavitxeta\/wp-json\/wp\/v2\/posts"}],"about":[{"href":"https:\/\/agora.xtec.cat\/escola-lavitxeta\/wp-json\/wp\/v2\/types\/post"}],"author":[{"embeddable":true,"href":"https:\/\/agora.xtec.cat\/escola-lavitxeta\/wp-json\/wp\/v2\/users\/15"}],"replies":[{"embeddable":true,"href":"https:\/\/agora.xtec.cat\/escola-lavitxeta\/wp-json\/wp\/v2\/comments?post=41915"}],"version-history":[{"count":3,"href":"https:\/\/agora.xtec.cat\/escola-lavitxeta\/wp-json\/wp\/v2\/posts\/41915\/revisions"}],"predecessor-version":[{"id":41947,"href":"https:\/\/agora.xtec.cat\/escola-lavitxeta\/wp-json\/wp\/v2\/posts\/41915\/revisions\/41947"}],"wp:featuredmedia":[{"embeddable":true,"href":"https:\/\/agora.xtec.cat\/escola-lavitxeta\/wp-json\/wp\/v2\/media\/41917"}],"wp:attachment":[{"href":"https:\/\/agora.xtec.cat\/escola-lavitxeta\/wp-json\/wp\/v2\/media?parent=41915"}],"wp:term":[{"taxonomy":"category","embeddable":true,"href":"https:\/\/agora.xtec.cat\/escola-lavitxeta\/wp-json\/wp\/v2\/categories?post=41915"},{"taxonomy":"post_tag","embeddable":true,"href":"https:\/\/agora.xtec.cat\/escola-lavitxeta\/wp-json\/wp\/v2\/tags?post=41915"}],"curies":[{"name":"wp","href":"https:\/\/api.w.org\/{rel}","templated":true}]}}