{"id":41571,"date":"2019-11-15T18:36:36","date_gmt":"2019-11-15T17:36:36","guid":{"rendered":"http:\/\/agora.xtec.cat\/escola-lavitxeta\/?p=41571"},"modified":"2020-01-13T17:32:42","modified_gmt":"2020-01-13T16:32:42","slug":"setmana-europea-de-prevencio-de-residus","status":"publish","type":"post","link":"https:\/\/agora.xtec.cat\/escola-lavitxeta\/general\/setmana-europea-de-prevencio-de-residus\/","title":{"rendered":"Setmana europea de prevenci\u00f3 de residus"},"content":{"rendered":"<p style=\"text-align: justify;\">La\u00a0<strong>regidoria de Medi Ambient de l&#8217;Ajuntament de Reus<\/strong>, amb la col\u00b7laboraci\u00f3 d&#8217;altres empreses i departaments municipals, organitza diverses activitats amb motiu de la\u00a0<strong>Setmana europea de prevenci\u00f3 de Residus<\/strong>.<\/p>\n<p style=\"text-align: justify;\">D&#8217;aquesta manera, s&#8217;han programat accions com<\/p>\n<ul>\n<li style=\"text-align: justify;\">&#8216;Menys pl\u00e0stics i m\u00e9s vida&#8217;, una exposici\u00f3 produ\u00efda per l&#8217;Ag\u00e8ncia catalana de l&#8217;aigua (ACA) que es pot visitar al Mercat Central<strong>\u00a0fins el dissabte 16 de novembre, i entre el 18 i el 20 de novembre al Mercat del Carrilet.<\/strong><\/li>\n<li style=\"text-align: justify;\">&#8220;Saps quan contamines amb el teu despla\u00e7ament?&#8217;, a banda, \u00e9s un a l&#8217;estand interactiu de ci\u00e8ncia ciutadana d&#8217;AtmOOS instal\u00b7lat a la biblioteca Xavier Amor\u00f3s. Aquest dissabte,<strong>\u00a016 de novembre, i a la biblioteca central Xavier Amor\u00f3s<\/strong>, de 10 del mat\u00ed a dos quarts de 2 del migdia.<\/li>\n<li style=\"text-align: justify;\">A m\u00e9s, &#8216;Planeta amena\u00e7at, titelles al rescat!&#8217; es dur\u00e0 a terme aquest dissabte a dos quarts de 12 del migdia al mateix espai. De la m\u00e0 del Doctor Clim\u00e0tic, l&#8217;\u00f3s Pol i la fam\u00edlia Voramar, els participants viatjaran al cor del canvi clim\u00e0tic! a c\u00e0rrec de Marionetes N\u00f2mades.<\/li>\n<\/ul>\n<p style=\"text-align: justify;\">La Setmana Europea de la Prevenci\u00f3 de Residus neix d&#8217;un projecte de 3 anys que rep el suport del programa LIFE+ de la Comissi\u00f3 Europea, per tal\u00a0d&#8217;organitzar durant una mateixa setmana i arreu d&#8217;Europa, accions de sensibilitzaci\u00f3 sobre la prevenci\u00f3 de residus. Els objectius de la setmana Europea s\u00f3n: Donar a con\u00e8ixer estrat\u00e8gies de reducci\u00f3 de residus i la pol\u00edtica de la Uni\u00f3 Europea i dels seus Estats membres en aquesta mat\u00e8ria; fomentar accions sostenibles per reduir els residus arreu d&#8217;Europa; fer p\u00fablic les tasques dutes a terme pels diversos actors mitjan\u00e7ant exemples concrets de reducci\u00f3 de residus; i fer canviar el comportament quotidi\u00e0 dels europeus (consum, producci\u00f3).<\/p>\n<p><a href=\"http:\/\/agora.xtec.cat\/escola-lavitxeta\/projectes-de-medi-a-primaria\/\">Projectes de medi a prim\u00e0ria<\/a><\/p>\n","protected":false},"excerpt":{"rendered":"<p>La\u00a0regidoria de Medi Ambient de l&#8217;Ajuntament de Reus, amb la col\u00b7laboraci\u00f3 d&#8217;altres empreses i departaments municipals, organitza diverses activitats amb motiu de la\u00a0Setmana europea de prevenci\u00f3 de Residus.<br \/>\nD&#8217;aquesta manera, s&#8217;han programat accions com<\/p>\n<ul>\n<li style=\"text-align: justify;\">&#8216;Menys pl\u00e0stics i m\u00e9s vida&#8217;, una exposici\u00f3 produ\u00efda per l&#8217;Ag\u00e8ncia catalana&hellip;  <a href=\"https:\/\/agora.xtec.cat\/escola-lavitxeta\/general\/setmana-europea-de-prevencio-de-residus\/\" title=\"Read Setmana europea de prevenci\u00f3 de residus\">Llegeix m\u00e9s\u00bb<\/a><br \/>\n","protected":false},"author":1,"featured_media":41574,"comment_status":"closed","ping_status":"closed","sticky":false,"template":"","format":"standard","meta":{"_bbp_topic_count":0,"_bbp_reply_count":0,"_bbp_total_topic_count":0,"_bbp_total_reply_count":0,"_bbp_voice_count":0,"_bbp_anonymous_reply_count":0,"_bbp_topic_count_hidden":0,"_bbp_reply_count_hidden":0,"_bbp_forum_subforum_count":0,"footnotes":""},"categories":[1],"tags":[155,86,107,194],"class_list":["post-41571","post","type-post","status-publish","format-standard","has-post-thumbnail","hentry","category-general","tag-grup-grans","tag-grup-mitjans","tag-escola","tag-projectes-de-medi"],"post_mailing_queue_ids":[],"_links":{"self":[{"href":"https:\/\/agora.xtec.cat\/escola-lavitxeta\/wp-json\/wp\/v2\/posts\/41571","targetHints":{"allow":["GET"]}}],"collection":[{"href":"https:\/\/agora.xtec.cat\/escola-lavitxeta\/wp-json\/wp\/v2\/posts"}],"about":[{"href":"https:\/\/agora.xtec.cat\/escola-lavitxeta\/wp-json\/wp\/v2\/types\/post"}],"author":[{"embeddable":true,"href":"https:\/\/agora.xtec.cat\/escola-lavitxeta\/wp-json\/wp\/v2\/users\/1"}],"replies":[{"embeddable":true,"href":"https:\/\/agora.xtec.cat\/escola-lavitxeta\/wp-json\/wp\/v2\/comments?post=41571"}],"version-history":[{"count":3,"href":"https:\/\/agora.xtec.cat\/escola-lavitxeta\/wp-json\/wp\/v2\/posts\/41571\/revisions"}],"predecessor-version":[{"id":41950,"href":"https:\/\/agora.xtec.cat\/escola-lavitxeta\/wp-json\/wp\/v2\/posts\/41571\/revisions\/41950"}],"wp:featuredmedia":[{"embeddable":true,"href":"https:\/\/agora.xtec.cat\/escola-lavitxeta\/wp-json\/wp\/v2\/media\/41574"}],"wp:attachment":[{"href":"https:\/\/agora.xtec.cat\/escola-lavitxeta\/wp-json\/wp\/v2\/media?parent=41571"}],"wp:term":[{"taxonomy":"category","embeddable":true,"href":"https:\/\/agora.xtec.cat\/escola-lavitxeta\/wp-json\/wp\/v2\/categories?post=41571"},{"taxonomy":"post_tag","embeddable":true,"href":"https:\/\/agora.xtec.cat\/escola-lavitxeta\/wp-json\/wp\/v2\/tags?post=41571"}],"curies":[{"name":"wp","href":"https:\/\/api.w.org\/{rel}","templated":true}]}}