{"id":40692,"date":"2019-09-10T15:26:10","date_gmt":"2019-09-10T13:26:10","guid":{"rendered":"http:\/\/agora.xtec.cat\/escola-lavitxeta\/?p=40692"},"modified":"2019-09-19T21:20:12","modified_gmt":"2019-09-19T19:20:12","slug":"amipa-inici-de-curs-19-20","status":"publish","type":"post","link":"https:\/\/agora.xtec.cat\/escola-lavitxeta\/general\/amipa-inici-de-curs-19-20\/","title":{"rendered":"AMIPA: INFORMACIONS INICI DE CURS 19\/20"},"content":{"rendered":"<p>Benvolgudes fam\u00edlies,<\/p>\n<p>En primer lloc, des de l\u2019AMIPA us volem desitjar un bon inici de curs 2019\/2020. A continuaci\u00f3, us facilitem algunes informacions per comen\u00e7ar els primers dies.<\/p>\n<p>Properament anireu rebent m\u00e9s informacions. Mentrestant, qualsevol dubte, estem a la vostra disposici\u00f3.<\/p>\n<p><strong>CONTACTE:<\/strong><\/p>\n<p>Tel\u00e8fon 977 33 08 83<\/p>\n<p>Correu gen\u00e8ric: <a href=\"mailto:amipalavitxeta@gmail.com\">amipalavitxeta@gmail.com<\/a><\/p>\n<p>Correu menjador: <a href=\"mailto:menjadorvitxeta@gmail.com\">menjadorvitxeta@gmail.com<\/a><\/p>\n<p><a href=\"mailto:menjadorvitxeta@gmail.com\"><span style=\"font-family: inherit; font-size: 1em; color: #222222;\">Correu extraescolars: <\/span><\/a><a style=\"font-family: inherit; font-size: 1em;\" href=\"mailto:extraescolarsvitxeta@gmail.com\">extraescolarsvitxeta@gmail.com<\/a><\/p>\n<p>&nbsp;<\/p>\n<p><strong>ACOLLIDA MAT\u00cd<\/strong><\/p>\n<ul>\n<li>De 7:30 a 8:30 al menjador de l\u2019escola.<\/li>\n<li>Per un \u00fas puntual no cal avisar pr\u00e8viament.<\/li>\n<li>Si s\u2019utilitza de forma regular, omplir formulari d\u2019acollida.<\/li>\n<\/ul>\n<p>&nbsp;<\/p>\n<p><strong>ACOLLIDA MIGDIA:<\/strong><\/p>\n<ul>\n<li>De 12 a 13h al pati de Prim\u00e0ria.<\/li>\n<li>Per \u00fas puntual cal avisar pr\u00e8viament.<\/li>\n<li>Si s\u2019utilitza de forma regular, omplir formulari d\u2019acollida.<\/li>\n<li>Les fam\u00edlies poden accedir al pati gran per recollir els seus fills\/es.<\/li>\n<\/ul>\n<p>&nbsp;<\/p>\n<p><strong>ACOLLIDA TARDA:<\/strong><\/p>\n<ul>\n<li>De 16 a 17:30h.<\/li>\n<li>Per \u00fas puntual cal avisar pr\u00e8viament.<\/li>\n<li>Si s\u2019utilitza de forma regular, omplir <a href=\"https:\/\/agora.xtec.cat\/escola-lavitxeta\/wp-content\/uploads\/usu1195\/ACOLLIDA-1819.pdf\">formulari d&#8217;acollida. <\/a><\/li>\n<li>A les 17h i a les 17:30h la monitora d\u2019acollida sortir\u00e0 a la porta principal de l\u2019escola amb els infants.<\/li>\n<li>Si alguna fam\u00edlia vol recollir els seus fill\/es abans d\u2019hora, passar per l\u2019AMIPA i us els portar\u00e0 alg\u00fa de l\u2019associaci\u00f3.<\/li>\n<li>Els infants que facin activitats extraescolars tenen la possibilitat de quedar-se fins a les 17:30h en acollida gratu\u00eftament.<\/li>\n<\/ul>\n<p>&nbsp;<\/p>\n<p><strong>ACTIVITATS EXTRAESCOLARS MIGDIA:<\/strong><\/p>\n<p><a href=\"https:\/\/drive.google.com\/file\/d\/17OEDVhkILUrzSYZBS1NBBpQXQsPxlHmR\/view\">Formulari d&#8217;inscripci\u00f3<\/a><\/p>\n<p><a href=\"http:\/\/agora.xtec.cat\/escola-lavitxeta\/general\/llistes-activitats-extraescolars-curs-2019-2020\/\">Llistes Activitats Extraescolars Curs 2019-2020<\/a><\/p>\n<ul>\n<li>Comen\u00e7aran el DILLUNS 16 DE SETEMBRE.<\/li>\n<li>Des del menjador ja adaptarem horaris de dinar amb horaris d\u2019extraescolars.<\/li>\n<li>Durant el setembre es poden fer modificacions. A partir de l\u2019octubre, recordeu que les altes, baixes i canvis es fan d\u2019un mes per l\u2019altre.<\/li>\n<\/ul>\n<p>&nbsp;<\/p>\n<p><strong>ACTIVITAT EXTRAESCOLARS TARDA<\/strong><\/p>\n<p><a href=\"https:\/\/drive.google.com\/file\/d\/17OEDVhkILUrzSYZBS1NBBpQXQsPxlHmR\/view\">Formulari d&#8217;inscripci\u00f3<\/a><\/p>\n<p><a href=\"http:\/\/agora.xtec.cat\/escola-lavitxeta\/general\/llistes-activitats-extraescolars-curs-2019-2020\/\">Llistes Activitats Extraescolars Curs 2019-2020<\/a><\/p>\n<ul>\n<li>Comen\u00e7aran el DIJOUS 12 DE SETEMBRE.<\/li>\n<li>Durant els primers dies d\u2019activitats, els infants de Prim\u00e0ria que facin extraescolars es trobaran tots al gimn\u00e0s a les 16h per tal de poder-los fer una bona benvinguda, fer repartiment de grups i de monitors. Els monitors d\u2019Infantil aniran a buscar a l\u2019alumnat directament a l\u2019aula.<\/li>\n<li>En finalitzar l\u2019activitat, podreu recollir els alumnes a la porta principal de l\u2019escola.<\/li>\n<li>Durant el setembre es poden fer modificacions. A partir de l\u2019octubre, recordeu que les altes, baixes i canvis es fan d\u2019un mes per l\u2019altre.<\/li>\n<\/ul>\n<p>&nbsp;<\/p>\n<p><strong>MENJADOR<\/strong><\/p>\n<ul>\n<li>Cal omplir el <a href=\"http:\/\/agora.xtec.cat\/escola-lavitxeta\/menjador-escolar\/\">formulari del menjador<\/a> i indicar la modalitat d\u2019assist\u00e8ncia al menjador.<\/li>\n<li>A les classes NO ES PASSA LLISTA! Els canvis, no assist\u00e8ncies, assist\u00e8ncies extraordin\u00e0ries al menjador s\u2019han de comunicar a l\u2019AMIPA. En els cursos d\u2019Infantil es demana tamb\u00e9 que si hi ha algun canvi, a part d\u2019avisar a l\u2019AMIPA, avisar tamb\u00e9 a la tutora.<\/li>\n<li>Si les fam\u00edlies avisen d\u2019una NO ASSIST\u00c8NCIA al menjador abans de les 10h del mat\u00ed, des de l\u2019AMIPA es podr\u00e0 descomptar la part proporcional al men\u00fa del dia (la part proporcional a monitoratge i estructura, no).<\/li>\n<li>Les fam\u00edlies que hagin rebut un ajut per al menjador escolar, han de contactar amb l\u2019AMIPA per regularitzar la situaci\u00f3.<\/li>\n<li>Per al menjador caldr\u00e0 anar portant el seg\u00fcent material<\/li>\n<\/ul>\n<p><em>P3:<\/em><\/p>\n<ul>\n<li>1 Bossa de roba amb anses per posar-ho tot.<\/li>\n<li>1 bata (el m\u00e9s f\u00e0cil possible de treure i posar)<\/li>\n<li>2-3 tovallons de roba amb una beta de m\u00ednim un pam cosida en una de les cantonades)<\/li>\n<li>1 baixera pel llit (mides del llit: 130&#215;54)<\/li>\n<li>1 llen\u00e7ol<\/li>\n<li><strong>MARCAR-HO TOT!! AMB EL NOM O AMB ALGUN IDENTIFICATIU<\/strong><\/li>\n<\/ul>\n<p><em>(Cada divendres es retornaran els tovallons i la bata per a poder-los rentar. Cada 2 divendres es retornaran tamb\u00e9 els llen\u00e7ols. Els dilluns s\u2019ha de portar a l\u2019escola net.)<\/em><\/p>\n<p>&nbsp;<\/p>\n<p><em>P4 I P5:<\/em><\/p>\n<ul>\n<li>1 bata<\/li>\n<li>1 necesser<\/li>\n<li>1 raspall de dents<\/li>\n<li>1 pasta dent\u00edfrica<\/li>\n<li>Raspall o pinta (opcional)<\/li>\n<li><strong>MARCAR-HO TOT!! AMB EL NOM O AMB ALGUN IDENTIFICATIU<\/strong><\/li>\n<\/ul>\n<p><em>(En aquests cursos es reutilitzar\u00e0 el tovall\u00f3 de roba de l\u2019esmorzar a l\u2019hora de dinar. Per tant, cada dia aquest tovall\u00f3 tornar\u00e0 a casa. Cada divendres es retornar\u00e0 la bata per a poder-la rentar. Cada 2\/3 divendres es retornar\u00e0 el necesser, per rentar-lo i per repassar l\u2019estat dels estris. Els dilluns s\u2019ha de portar a l\u2019escola net).\u00a0<\/em><\/p>\n<p>&nbsp;<\/p>\n<p><em>PRIM\u00c0RIA:<\/em><\/p>\n<ul>\n<li>1-2 tovallons de roba<\/li>\n<li>1 necesser<\/li>\n<li>1 raspall de dents<\/li>\n<li>1 pasta dent\u00edfrica<\/li>\n<li>Raspall o pinta (opcional)<\/li>\n<li><strong>MARCAR-HO TOT!! AMB EL NOM O AMB ALGUN IDENTIFICATIU<\/strong><\/li>\n<\/ul>\n<p><em>\u00a0<\/em><em>(Cada divendres, o el darrer dia de la setmana que es quedin a dinar els infants, s\u2019emportaran els tovallons a casa. Els dilluns o el primer dia de la setmana que es quedi a dinar, s\u2019han de portar els tovallons de roba nets. El darrer divendres de mes tamb\u00e9 es retornaran els necessers per poder-los netejar i per repassar\/reposar els estris)<\/em><\/p>\n","protected":false},"excerpt":{"rendered":"<p>Benvolgudes fam\u00edlies,<br \/>\nEn primer lloc, des de l\u2019AMIPA us volem desitjar un bon inici de curs 2019\/2020. A continuaci\u00f3, us facilitem algunes informacions per comen\u00e7ar els primers dies.<br \/>\nProperament anireu rebent m\u00e9s informacions. Mentrestant, qualsevol dubte, estem a la vostra disposici\u00f3.<br \/>\nCONTACTE:<br \/>\nTel\u00e8fon 977 33 08 83<br \/>\nCorreu gen\u00e8ric: <a&hellip;  <a href=\"https:\/\/agora.xtec.cat\/escola-lavitxeta\/general\/amipa-inici-de-curs-19-20\/\" title=\"Read AMIPA: INFORMACIONS INICI DE CURS 19\/20\">Llegeix m\u00e9s\u00bb<\/a><\/p>\n","protected":false},"author":33,"featured_media":40697,"comment_status":"closed","ping_status":"closed","sticky":false,"template":"","format":"standard","meta":{"_bbp_topic_count":0,"_bbp_reply_count":0,"_bbp_total_topic_count":0,"_bbp_total_reply_count":0,"_bbp_voice_count":0,"_bbp_anonymous_reply_count":0,"_bbp_topic_count_hidden":0,"_bbp_reply_count_hidden":0,"_bbp_forum_subforum_count":0,"footnotes":""},"categories":[1],"tags":[103,189],"class_list":["post-40692","post","type-post","status-publish","format-standard","has-post-thumbnail","hentry","category-general","tag-amipa-2","tag-temps-de-migdia"],"post_mailing_queue_ids":[],"_links":{"self":[{"href":"https:\/\/agora.xtec.cat\/escola-lavitxeta\/wp-json\/wp\/v2\/posts\/40692","targetHints":{"allow":["GET"]}}],"collection":[{"href":"https:\/\/agora.xtec.cat\/escola-lavitxeta\/wp-json\/wp\/v2\/posts"}],"about":[{"href":"https:\/\/agora.xtec.cat\/escola-lavitxeta\/wp-json\/wp\/v2\/types\/post"}],"author":[{"embeddable":true,"href":"https:\/\/agora.xtec.cat\/escola-lavitxeta\/wp-json\/wp\/v2\/users\/33"}],"replies":[{"embeddable":true,"href":"https:\/\/agora.xtec.cat\/escola-lavitxeta\/wp-json\/wp\/v2\/comments?post=40692"}],"version-history":[{"count":3,"href":"https:\/\/agora.xtec.cat\/escola-lavitxeta\/wp-json\/wp\/v2\/posts\/40692\/revisions"}],"predecessor-version":[{"id":40737,"href":"https:\/\/agora.xtec.cat\/escola-lavitxeta\/wp-json\/wp\/v2\/posts\/40692\/revisions\/40737"}],"wp:featuredmedia":[{"embeddable":true,"href":"https:\/\/agora.xtec.cat\/escola-lavitxeta\/wp-json\/wp\/v2\/media\/40697"}],"wp:attachment":[{"href":"https:\/\/agora.xtec.cat\/escola-lavitxeta\/wp-json\/wp\/v2\/media?parent=40692"}],"wp:term":[{"taxonomy":"category","embeddable":true,"href":"https:\/\/agora.xtec.cat\/escola-lavitxeta\/wp-json\/wp\/v2\/categories?post=40692"},{"taxonomy":"post_tag","embeddable":true,"href":"https:\/\/agora.xtec.cat\/escola-lavitxeta\/wp-json\/wp\/v2\/tags?post=40692"}],"curies":[{"name":"wp","href":"https:\/\/api.w.org\/{rel}","templated":true}]}}