{"id":39826,"date":"2019-05-25T10:09:06","date_gmt":"2019-05-25T08:09:06","guid":{"rendered":"http:\/\/agora.xtec.cat\/escola-lavitxeta\/?p=39826"},"modified":"2019-05-26T22:21:29","modified_gmt":"2019-05-26T20:21:29","slug":"conferencia-sobre-la-prehistoria-5e-b-grup-2","status":"publish","type":"post","link":"https:\/\/agora.xtec.cat\/escola-lavitxeta\/general\/conferencia-sobre-la-prehistoria-5e-b-grup-2\/","title":{"rendered":"Confer\u00e8ncia sobre la prehist\u00f2ria -5\u00e8B, grup 2"},"content":{"rendered":"<p style=\"text-align: justify;\">Tal i com us hem explicat en <a href=\"http:\/\/agora.xtec.cat\/escola-lavitxeta\/general\/la-prehistoria-5e-b-grup1\/\">articles anteriors<\/a>, els nens i nenes de 5\u00e8 de l&#8217;escola hem estat aprenent molt sobre la prehist\u00f2ria. Dijous va ser el torn dels nens de 5\u00e8B (grup 2). Aquest grup ha preparat una confer\u00e8ncia, ha portat algun element per explicar-se millor com: pedres fogueres, metalls, cer\u00e0mica, carb\u00f3&#8230;\u00a0 S&#8217;han explicat molt b\u00e9, a m\u00e9s a m\u00e9s han fet una confer\u00e8ncia molt activa en la que sovint han fet preguntes als nens i nenes de 4t per tal de fer-los pensar i estar atents.<\/p>\n<p style=\"text-align: justify;\">Han acabat la confer\u00e8ncia fent-los reflexionar sobre la seg\u00fcent pregunta: &#8220;Es viu millor ara o es vivia millor a la prehist\u00f2ria?&#8221;, els nens i nenes de 4t han fet reflexions molt interessants i l&#8217;Emma ha explicat les conclusions que hem tret els de 5\u00e8: &#8220;a la prehist\u00f2ria hi havia coses millors com ara que nom\u00e9s treballaven dues hores al dia (ens ho van explicar al museu de Reus), no hi havia contaminaci\u00f3 i no hi havia tecnologia (aquest aspecte trobem que pot ser positiu i a la vegada negatiu, segons l&#8217;\u00fas que se&#8217;n faci). Actualment tamb\u00e9 hi ha coses molt bones (creuen els nens i nenes de 5\u00e8): anem a l&#8217;escola i sabem m\u00e9s coses, vivim m\u00e9s anys i tenim tecnologia&#8221;.<\/p>\n<p style=\"text-align: justify;\">El debat hagu\u00e9s pogut allargar-se molt&#8230; per\u00f2 vam haver d&#8217;acabar per tenir temps de fer pintures rupestres. Els de 5\u00e8 vam estar molt orgullosos de com vam fer la confer\u00e8ncia i els de 4t van aprendre molt i tots junts vam xalar pintant amb les mans.<\/p>\n<p><img loading=\"lazy\" decoding=\"async\" class=\"alignnone size-large wp-image-39820\" src=\"https:\/\/agora.xtec.cat\/escola-lavitxeta\/wp-content\/uploads\/usu1195\/2019\/05\/IMG_20190509_113556_538-1024x766.jpg\" alt=\"\" width=\"1024\" height=\"766\" srcset=\"https:\/\/agora.xtec.cat\/escola-lavitxeta\/wp-content\/uploads\/usu1195\/2019\/05\/IMG_20190509_113556_538-1024x766.jpg 1024w, https:\/\/agora.xtec.cat\/escola-lavitxeta\/wp-content\/uploads\/usu1195\/2019\/05\/IMG_20190509_113556_538-300x224.jpg 300w, https:\/\/agora.xtec.cat\/escola-lavitxeta\/wp-content\/uploads\/usu1195\/2019\/05\/IMG_20190509_113556_538-768x574.jpg 768w, https:\/\/agora.xtec.cat\/escola-lavitxeta\/wp-content\/uploads\/usu1195\/2019\/05\/IMG_20190509_113556_538-200x150.jpg 200w, https:\/\/agora.xtec.cat\/escola-lavitxeta\/wp-content\/uploads\/usu1195\/2019\/05\/IMG_20190509_113556_538.jpg 2016w\" sizes=\"auto, (max-width: 1024px) 100vw, 1024px\" \/> <img loading=\"lazy\" decoding=\"async\" class=\"alignnone size-large wp-image-39831\" src=\"https:\/\/agora.xtec.cat\/escola-lavitxeta\/wp-content\/uploads\/usu1195\/2019\/05\/IMG_20190523_114539-1024x768.jpg\" alt=\"\" width=\"1024\" height=\"768\" srcset=\"https:\/\/agora.xtec.cat\/escola-lavitxeta\/wp-content\/uploads\/usu1195\/2019\/05\/IMG_20190523_114539-1024x768.jpg 1024w, https:\/\/agora.xtec.cat\/escola-lavitxeta\/wp-content\/uploads\/usu1195\/2019\/05\/IMG_20190523_114539-300x225.jpg 300w, https:\/\/agora.xtec.cat\/escola-lavitxeta\/wp-content\/uploads\/usu1195\/2019\/05\/IMG_20190523_114539-768x576.jpg 768w, https:\/\/agora.xtec.cat\/escola-lavitxeta\/wp-content\/uploads\/usu1195\/2019\/05\/IMG_20190523_114539-200x150.jpg 200w\" sizes=\"auto, (max-width: 1024px) 100vw, 1024px\" \/> <img loading=\"lazy\" decoding=\"async\" class=\"alignnone size-large wp-image-39830\" src=\"https:\/\/agora.xtec.cat\/escola-lavitxeta\/wp-content\/uploads\/usu1195\/2019\/05\/IMG_20190523_114148-768x1024.jpg\" alt=\"\" width=\"768\" height=\"1024\" srcset=\"https:\/\/agora.xtec.cat\/escola-lavitxeta\/wp-content\/uploads\/usu1195\/2019\/05\/IMG_20190523_114148-768x1024.jpg 768w, https:\/\/agora.xtec.cat\/escola-lavitxeta\/wp-content\/uploads\/usu1195\/2019\/05\/IMG_20190523_114148-225x300.jpg 225w, https:\/\/agora.xtec.cat\/escola-lavitxeta\/wp-content\/uploads\/usu1195\/2019\/05\/IMG_20190523_114148.jpg 1560w\" sizes=\"auto, (max-width: 768px) 100vw, 768px\" \/> <img loading=\"lazy\" decoding=\"async\" class=\"alignnone size-large wp-image-39829\" src=\"https:\/\/agora.xtec.cat\/escola-lavitxeta\/wp-content\/uploads\/usu1195\/2019\/05\/IMG_20190523_113835-768x1024.jpg\" alt=\"\" width=\"768\" height=\"1024\" srcset=\"https:\/\/agora.xtec.cat\/escola-lavitxeta\/wp-content\/uploads\/usu1195\/2019\/05\/IMG_20190523_113835-768x1024.jpg 768w, https:\/\/agora.xtec.cat\/escola-lavitxeta\/wp-content\/uploads\/usu1195\/2019\/05\/IMG_20190523_113835-225x300.jpg 225w, https:\/\/agora.xtec.cat\/escola-lavitxeta\/wp-content\/uploads\/usu1195\/2019\/05\/IMG_20190523_113835.jpg 1560w\" sizes=\"auto, (max-width: 768px) 100vw, 768px\" \/> <img loading=\"lazy\" decoding=\"async\" class=\"alignnone size-large wp-image-39828\" src=\"https:\/\/agora.xtec.cat\/escola-lavitxeta\/wp-content\/uploads\/usu1195\/2019\/05\/IMG_20190523_112734-2-768x1024.jpg\" alt=\"\" width=\"768\" height=\"1024\" srcset=\"https:\/\/agora.xtec.cat\/escola-lavitxeta\/wp-content\/uploads\/usu1195\/2019\/05\/IMG_20190523_112734-2-768x1024.jpg 768w, https:\/\/agora.xtec.cat\/escola-lavitxeta\/wp-content\/uploads\/usu1195\/2019\/05\/IMG_20190523_112734-2-225x300.jpg 225w, https:\/\/agora.xtec.cat\/escola-lavitxeta\/wp-content\/uploads\/usu1195\/2019\/05\/IMG_20190523_112734-2.jpg 1560w\" sizes=\"auto, (max-width: 768px) 100vw, 768px\" \/> <img loading=\"lazy\" decoding=\"async\" class=\"alignnone size-large wp-image-39827\" src=\"https:\/\/agora.xtec.cat\/escola-lavitxeta\/wp-content\/uploads\/usu1195\/2019\/05\/IMG_20190523_114547-1-768x1024.jpg\" alt=\"\" width=\"768\" height=\"1024\" srcset=\"https:\/\/agora.xtec.cat\/escola-lavitxeta\/wp-content\/uploads\/usu1195\/2019\/05\/IMG_20190523_114547-1-768x1024.jpg 768w, https:\/\/agora.xtec.cat\/escola-lavitxeta\/wp-content\/uploads\/usu1195\/2019\/05\/IMG_20190523_114547-1-225x300.jpg 225w, https:\/\/agora.xtec.cat\/escola-lavitxeta\/wp-content\/uploads\/usu1195\/2019\/05\/IMG_20190523_114547-1.jpg 1560w\" sizes=\"auto, (max-width: 768px) 100vw, 768px\" \/><\/p>\n<p>&nbsp;<\/p>\n<p>&nbsp;<\/p>\n<p>&nbsp;<\/p>\n<p style=\"margin: 12px auto 6px auto; font-family: Helvetica,Arial,Sans-serif; font-style: normal; font-variant: normal; font-weight: normal; font-size: 14px; line-height: normal;\"><a style=\"text-decoration: underline;\" title=\"View Prehisto\u0300ria (Grup 2) on Scribd\" href=\"https:\/\/www.scribd.com\/document\/411419905\/Prehisto-ria-Grup-2#from_embed\">Prehisto\u0300ria (Grup 2)<\/a> by <a style=\"text-decoration: underline;\" title=\"View JORDINA OLIVE BARBERA's profile on Scribd\" href=\"https:\/\/www.scribd.com\/user\/450996751\/JORDINA-OLIVE-BARBERA#from_embed\">JORDINA OLIVE BARBERA<\/a> on Scribd<\/p>\n<p><iframe loading=\"lazy\" id=\"doc_43940\" class=\"scribd_iframe_embed\" title=\"Prehisto\u0300ria (Grup 2)\" src=\"https:\/\/www.scribd.com\/embeds\/411419905\/content?start_page=1&amp;view_mode=scroll&amp;access_key=key-BneBcsz1b1OmUCgN3SZX&amp;show_recommendations=true\" width=\"100%\" height=\"600\" frameborder=\"0\" scrolling=\"no\" data-auto-height=\"false\" data-aspect-ratio=\"1.7790927021696252\"><\/iframe><\/p>\n","protected":false},"excerpt":{"rendered":"<p>Tal i com us hem explicat en <a href=\"http:\/\/agora.xtec.cat\/escola-lavitxeta\/general\/la-prehistoria-5e-b-grup1\/\">articles anteriors<\/a>, els nens i nenes de 5\u00e8 de l&#8217;escola hem estat aprenent molt sobre la prehist\u00f2ria. Dijous va ser el torn dels nens de 5\u00e8B (grup 2). Aquest grup ha preparat una confer\u00e8ncia, ha portat algun&hellip;  <a href=\"https:\/\/agora.xtec.cat\/escola-lavitxeta\/general\/conferencia-sobre-la-prehistoria-5e-b-grup-2\/\" title=\"Read Confer\u00e8ncia sobre la prehist\u00f2ria -5\u00e8B, grup 2\">Llegeix m\u00e9s\u00bb<\/a><\/p>\n","protected":false},"author":15,"featured_media":39820,"comment_status":"closed","ping_status":"closed","sticky":false,"template":"","format":"standard","meta":{"_bbp_topic_count":0,"_bbp_reply_count":0,"_bbp_total_topic_count":0,"_bbp_total_reply_count":0,"_bbp_voice_count":0,"_bbp_anonymous_reply_count":0,"_bbp_topic_count_hidden":0,"_bbp_reply_count_hidden":0,"_bbp_forum_subforum_count":0,"footnotes":""},"categories":[1],"tags":[88,98,117,144,155,107],"class_list":["post-39826","post","type-post","status-publish","format-standard","has-post-thumbnail","hentry","category-general","tag-4t","tag-5e","tag-com-treballem","tag-comunitat-daprenentatge","tag-grup-grans","tag-escola"],"post_mailing_queue_ids":[],"_links":{"self":[{"href":"https:\/\/agora.xtec.cat\/escola-lavitxeta\/wp-json\/wp\/v2\/posts\/39826","targetHints":{"allow":["GET"]}}],"collection":[{"href":"https:\/\/agora.xtec.cat\/escola-lavitxeta\/wp-json\/wp\/v2\/posts"}],"about":[{"href":"https:\/\/agora.xtec.cat\/escola-lavitxeta\/wp-json\/wp\/v2\/types\/post"}],"author":[{"embeddable":true,"href":"https:\/\/agora.xtec.cat\/escola-lavitxeta\/wp-json\/wp\/v2\/users\/15"}],"replies":[{"embeddable":true,"href":"https:\/\/agora.xtec.cat\/escola-lavitxeta\/wp-json\/wp\/v2\/comments?post=39826"}],"version-history":[{"count":3,"href":"https:\/\/agora.xtec.cat\/escola-lavitxeta\/wp-json\/wp\/v2\/posts\/39826\/revisions"}],"predecessor-version":[{"id":39866,"href":"https:\/\/agora.xtec.cat\/escola-lavitxeta\/wp-json\/wp\/v2\/posts\/39826\/revisions\/39866"}],"wp:featuredmedia":[{"embeddable":true,"href":"https:\/\/agora.xtec.cat\/escola-lavitxeta\/wp-json\/wp\/v2\/media\/39820"}],"wp:attachment":[{"href":"https:\/\/agora.xtec.cat\/escola-lavitxeta\/wp-json\/wp\/v2\/media?parent=39826"}],"wp:term":[{"taxonomy":"category","embeddable":true,"href":"https:\/\/agora.xtec.cat\/escola-lavitxeta\/wp-json\/wp\/v2\/categories?post=39826"},{"taxonomy":"post_tag","embeddable":true,"href":"https:\/\/agora.xtec.cat\/escola-lavitxeta\/wp-json\/wp\/v2\/tags?post=39826"}],"curies":[{"name":"wp","href":"https:\/\/api.w.org\/{rel}","templated":true}]}}