{"id":39598,"date":"2019-05-26T10:09:27","date_gmt":"2019-05-26T08:09:27","guid":{"rendered":"http:\/\/agora.xtec.cat\/escola-lavitxeta\/?p=39598"},"modified":"2019-05-26T22:24:33","modified_gmt":"2019-05-26T20:24:33","slug":"la-prehistoria-5ea-segona-part","status":"publish","type":"post","link":"https:\/\/agora.xtec.cat\/escola-lavitxeta\/general\/la-prehistoria-5ea-segona-part\/","title":{"rendered":"La prehist\u00f2ria -5\u00e8A (segona part)"},"content":{"rendered":"<p>Tal com us explic\u00e0vem a <a href=\"http:\/\/agora.xtec.cat\/escola-lavitxeta\/general\/la-prehistoria-5ea-primera-part\/\">La Prehist\u00f2ria \u2013 5\u00e8A (primera part)<\/a>, els nens i nenes de 5\u00e8 hem estat aprenent moltes coses sobre la prehist\u00f2ria aquests \u00faltims mesos. Hem visitat les coves prehist\u00f2riques de l&#8217;Espluga de Francol\u00ed, hem anat a veure l&#8217;exposici\u00f3 &#8220;Neandertals a Catalunya&#8221; al Museu de Reus i hem consultat llibres. Ens ha apassionat molt\u00edssim aquest tema!<\/p>\n<p>Aix\u00ed, hem decidit que hav\u00edem d&#8217;explicar als nens i nenes de 3r i 4t tot el que hem apr\u00e8s. El grup 1 de la classe dels Llimoners, ha realitzat una presentaci\u00f3 amb format digital per als nens i nenes de la classe del Pau, 4tA. En acabar, tots junts, hem pintat amb pigments naturals tal com es feia en l&#8217;\u00e8poca prehist\u00f2rica. Ha estat una activitat molt divertida!<\/p>\n<p>Aqu\u00ed us deixem un petit aperitiu del nostre dia d&#8217;experts que podeu consultar al complet al drive!<\/p>\n<p><iframe loading=\"lazy\" class=\"scribd_iframe_embed\" title=\"Grup 1\" src=\"https:\/\/www.scribd.com\/embeds\/410650499\/content?start_page=1&amp;view_mode=scroll&amp;show_recommendations=false&amp;access_key=key-EpgU0Gq2kLFsv28VTarf\" width=\"100%\" height=\"600\" frameborder=\"0\" scrolling=\"no\" data-auto-height=\"true\" data-aspect-ratio=\"null\"><\/iframe><\/p>\n<p><img loading=\"lazy\" decoding=\"async\" class=\"alignnone size-large wp-image-39607\" src=\"https:\/\/agora.xtec.cat\/escola-lavitxeta\/wp-content\/uploads\/usu1195\/2019\/05\/IMG_20190513_150216-min-1024x576.jpg\" alt=\"\" width=\"1024\" height=\"576\" srcset=\"https:\/\/agora.xtec.cat\/escola-lavitxeta\/wp-content\/uploads\/usu1195\/2019\/05\/IMG_20190513_150216-min-1024x576.jpg 1024w, https:\/\/agora.xtec.cat\/escola-lavitxeta\/wp-content\/uploads\/usu1195\/2019\/05\/IMG_20190513_150216-min-300x169.jpg 300w, https:\/\/agora.xtec.cat\/escola-lavitxeta\/wp-content\/uploads\/usu1195\/2019\/05\/IMG_20190513_150216-min-768x432.jpg 768w\" sizes=\"auto, (max-width: 1024px) 100vw, 1024px\" \/> <img loading=\"lazy\" decoding=\"async\" class=\"alignnone size-large wp-image-39608\" src=\"https:\/\/agora.xtec.cat\/escola-lavitxeta\/wp-content\/uploads\/usu1195\/2019\/05\/IMG_20190513_150230-min-1024x576.jpg\" alt=\"\" width=\"1024\" height=\"576\" srcset=\"https:\/\/agora.xtec.cat\/escola-lavitxeta\/wp-content\/uploads\/usu1195\/2019\/05\/IMG_20190513_150230-min-1024x576.jpg 1024w, https:\/\/agora.xtec.cat\/escola-lavitxeta\/wp-content\/uploads\/usu1195\/2019\/05\/IMG_20190513_150230-min-300x169.jpg 300w, https:\/\/agora.xtec.cat\/escola-lavitxeta\/wp-content\/uploads\/usu1195\/2019\/05\/IMG_20190513_150230-min-768x432.jpg 768w\" sizes=\"auto, (max-width: 1024px) 100vw, 1024px\" \/> <img loading=\"lazy\" decoding=\"async\" class=\"alignnone size-large wp-image-39609\" src=\"https:\/\/agora.xtec.cat\/escola-lavitxeta\/wp-content\/uploads\/usu1195\/2019\/05\/IMG_20190513_150358-min-1024x576.jpg\" alt=\"\" width=\"1024\" height=\"576\" srcset=\"https:\/\/agora.xtec.cat\/escola-lavitxeta\/wp-content\/uploads\/usu1195\/2019\/05\/IMG_20190513_150358-min-1024x576.jpg 1024w, https:\/\/agora.xtec.cat\/escola-lavitxeta\/wp-content\/uploads\/usu1195\/2019\/05\/IMG_20190513_150358-min-300x169.jpg 300w, https:\/\/agora.xtec.cat\/escola-lavitxeta\/wp-content\/uploads\/usu1195\/2019\/05\/IMG_20190513_150358-min-768x432.jpg 768w\" sizes=\"auto, (max-width: 1024px) 100vw, 1024px\" \/> <img loading=\"lazy\" decoding=\"async\" class=\"alignnone size-large wp-image-39610\" src=\"https:\/\/agora.xtec.cat\/escola-lavitxeta\/wp-content\/uploads\/usu1195\/2019\/05\/IMG_20190513_150420-min-1024x576.jpg\" alt=\"\" width=\"1024\" height=\"576\" srcset=\"https:\/\/agora.xtec.cat\/escola-lavitxeta\/wp-content\/uploads\/usu1195\/2019\/05\/IMG_20190513_150420-min-1024x576.jpg 1024w, https:\/\/agora.xtec.cat\/escola-lavitxeta\/wp-content\/uploads\/usu1195\/2019\/05\/IMG_20190513_150420-min-300x169.jpg 300w, https:\/\/agora.xtec.cat\/escola-lavitxeta\/wp-content\/uploads\/usu1195\/2019\/05\/IMG_20190513_150420-min-768x432.jpg 768w\" sizes=\"auto, (max-width: 1024px) 100vw, 1024px\" \/> <img loading=\"lazy\" decoding=\"async\" class=\"alignnone size-large wp-image-39611\" src=\"https:\/\/agora.xtec.cat\/escola-lavitxeta\/wp-content\/uploads\/usu1195\/2019\/05\/IMG_20190513_150850-min-576x1024.jpg\" alt=\"\" width=\"576\" height=\"1024\" srcset=\"https:\/\/agora.xtec.cat\/escola-lavitxeta\/wp-content\/uploads\/usu1195\/2019\/05\/IMG_20190513_150850-min-576x1024.jpg 576w, https:\/\/agora.xtec.cat\/escola-lavitxeta\/wp-content\/uploads\/usu1195\/2019\/05\/IMG_20190513_150850-min-169x300.jpg 169w, https:\/\/agora.xtec.cat\/escola-lavitxeta\/wp-content\/uploads\/usu1195\/2019\/05\/IMG_20190513_150850-min-768x1365.jpg 768w\" sizes=\"auto, (max-width: 576px) 100vw, 576px\" \/> <img loading=\"lazy\" decoding=\"async\" class=\"alignnone size-large wp-image-39612\" src=\"https:\/\/agora.xtec.cat\/escola-lavitxeta\/wp-content\/uploads\/usu1195\/2019\/05\/IMG_20190513_151706-min-1024x576.jpg\" alt=\"\" width=\"1024\" height=\"576\" srcset=\"https:\/\/agora.xtec.cat\/escola-lavitxeta\/wp-content\/uploads\/usu1195\/2019\/05\/IMG_20190513_151706-min-1024x576.jpg 1024w, https:\/\/agora.xtec.cat\/escola-lavitxeta\/wp-content\/uploads\/usu1195\/2019\/05\/IMG_20190513_151706-min-300x169.jpg 300w, https:\/\/agora.xtec.cat\/escola-lavitxeta\/wp-content\/uploads\/usu1195\/2019\/05\/IMG_20190513_151706-min-768x432.jpg 768w\" sizes=\"auto, (max-width: 1024px) 100vw, 1024px\" \/> <img loading=\"lazy\" decoding=\"async\" class=\"alignnone size-large wp-image-39613\" src=\"https:\/\/agora.xtec.cat\/escola-lavitxeta\/wp-content\/uploads\/usu1195\/2019\/05\/IMG-20190513-WA0001-min-1024x768.jpg\" alt=\"\" width=\"1024\" height=\"768\" srcset=\"https:\/\/agora.xtec.cat\/escola-lavitxeta\/wp-content\/uploads\/usu1195\/2019\/05\/IMG-20190513-WA0001-min-1024x768.jpg 1024w, https:\/\/agora.xtec.cat\/escola-lavitxeta\/wp-content\/uploads\/usu1195\/2019\/05\/IMG-20190513-WA0001-min-300x225.jpg 300w, https:\/\/agora.xtec.cat\/escola-lavitxeta\/wp-content\/uploads\/usu1195\/2019\/05\/IMG-20190513-WA0001-min-768x576.jpg 768w, https:\/\/agora.xtec.cat\/escola-lavitxeta\/wp-content\/uploads\/usu1195\/2019\/05\/IMG-20190513-WA0001-min-200x150.jpg 200w, https:\/\/agora.xtec.cat\/escola-lavitxeta\/wp-content\/uploads\/usu1195\/2019\/05\/IMG-20190513-WA0001-min.jpg 1600w\" sizes=\"auto, (max-width: 1024px) 100vw, 1024px\" \/><\/p>\n","protected":false},"excerpt":{"rendered":"<p>Tal com us explic\u00e0vem a <a href=\"http:\/\/agora.xtec.cat\/escola-lavitxeta\/general\/la-prehistoria-5ea-primera-part\/\">La Prehist\u00f2ria \u2013 5\u00e8A (primera part)<\/a>, els nens i nenes de 5\u00e8 hem estat aprenent moltes coses sobre la prehist\u00f2ria aquests \u00faltims mesos. Hem visitat les coves prehist\u00f2riques de l&#8217;Espluga de Francol\u00ed, hem anat a veure l&#8217;exposici\u00f3 &#8220;Neandertals a&hellip;  <a href=\"https:\/\/agora.xtec.cat\/escola-lavitxeta\/general\/la-prehistoria-5ea-segona-part\/\" title=\"Read La prehist\u00f2ria -5\u00e8A (segona part)\">Llegeix m\u00e9s\u00bb<\/a><\/p>\n","protected":false},"author":15,"featured_media":39606,"comment_status":"closed","ping_status":"closed","sticky":false,"template":"","format":"standard","meta":{"_bbp_topic_count":0,"_bbp_reply_count":0,"_bbp_total_topic_count":0,"_bbp_total_reply_count":0,"_bbp_voice_count":0,"_bbp_anonymous_reply_count":0,"_bbp_topic_count_hidden":0,"_bbp_reply_count_hidden":0,"_bbp_forum_subforum_count":0,"footnotes":""},"categories":[1],"tags":[87,98,117,155,86,115],"class_list":["post-39598","post","type-post","status-publish","format-standard","has-post-thumbnail","hentry","category-general","tag-3r","tag-5e","tag-com-treballem","tag-grup-grans","tag-grup-mitjans","tag-la-comunitat-apren"],"post_mailing_queue_ids":[],"_links":{"self":[{"href":"https:\/\/agora.xtec.cat\/escola-lavitxeta\/wp-json\/wp\/v2\/posts\/39598","targetHints":{"allow":["GET"]}}],"collection":[{"href":"https:\/\/agora.xtec.cat\/escola-lavitxeta\/wp-json\/wp\/v2\/posts"}],"about":[{"href":"https:\/\/agora.xtec.cat\/escola-lavitxeta\/wp-json\/wp\/v2\/types\/post"}],"author":[{"embeddable":true,"href":"https:\/\/agora.xtec.cat\/escola-lavitxeta\/wp-json\/wp\/v2\/users\/15"}],"replies":[{"embeddable":true,"href":"https:\/\/agora.xtec.cat\/escola-lavitxeta\/wp-json\/wp\/v2\/comments?post=39598"}],"version-history":[{"count":3,"href":"https:\/\/agora.xtec.cat\/escola-lavitxeta\/wp-json\/wp\/v2\/posts\/39598\/revisions"}],"predecessor-version":[{"id":39868,"href":"https:\/\/agora.xtec.cat\/escola-lavitxeta\/wp-json\/wp\/v2\/posts\/39598\/revisions\/39868"}],"wp:featuredmedia":[{"embeddable":true,"href":"https:\/\/agora.xtec.cat\/escola-lavitxeta\/wp-json\/wp\/v2\/media\/39606"}],"wp:attachment":[{"href":"https:\/\/agora.xtec.cat\/escola-lavitxeta\/wp-json\/wp\/v2\/media?parent=39598"}],"wp:term":[{"taxonomy":"category","embeddable":true,"href":"https:\/\/agora.xtec.cat\/escola-lavitxeta\/wp-json\/wp\/v2\/categories?post=39598"},{"taxonomy":"post_tag","embeddable":true,"href":"https:\/\/agora.xtec.cat\/escola-lavitxeta\/wp-json\/wp\/v2\/tags?post=39598"}],"curies":[{"name":"wp","href":"https:\/\/api.w.org\/{rel}","templated":true}]}}