{"id":36414,"date":"2019-01-15T12:38:56","date_gmt":"2019-01-15T11:38:56","guid":{"rendered":"http:\/\/agora.xtec.cat\/escola-lavitxeta\/?p=36414"},"modified":"2019-01-15T12:38:56","modified_gmt":"2019-01-15T11:38:56","slug":"speaking-english-in-the-english-class","status":"publish","type":"post","link":"https:\/\/agora.xtec.cat\/escola-lavitxeta\/general\/speaking-english-in-the-english-class\/","title":{"rendered":"Speaking English in the English Class"},"content":{"rendered":"<blockquote>\n<p style=\"text-align: justify;\">La comunicaci\u00f3 oral \u00e9s l\u2019activitat m\u00e9s freq\u00fcent i universal que els parlants de qualsevol llengua duen a terme i implica la capacitat de comprendre i expressar missatges orals tenint present <strong>la situaci\u00f3 comunicativa<\/strong>. En el cas de les <strong>lleng\u00fces estrangeres<\/strong>, aquesta dimensi\u00f3 (comunicaci\u00f3 oral) vertebra la resta de dimensions. L\u2019expressi\u00f3 oral en lleng\u00fces estrangeres implica el coneixement d\u2019un l\u00e8xic, d\u2019uns elements morfosint\u00e0ctics i textuals, d\u2019uns elements fon\u00e8tics i fonol\u00f2gics i d\u2019uns elements comunicatius no verbals.<\/p>\n<p>(Extret del <a href=\"http:\/\/xtec.gencat.cat\/ca\/curriculum\/primaria\/competencies-basiques-ambits\/ambit-linguistic\/\">Curr\u00edculum del Departament d&#8217;Educaci\u00f3 &#8211; \u00c0mbit ling\u00fc\u00edstic<\/a>)<\/p><\/blockquote>\n<p style=\"text-align: justify;\">A les orientacions metodol\u00f2giques de lleng\u00fces estrangeres del mateix Curr\u00edculum es recullen els seg\u00fcents apartats entre molts altres, per\u00f2 s\u00f3n aquests que avui <span style=\"color: #0000ff;\">us volem il\u00b7lustrar amb activitats dutes a terme a l&#8217;aula i que volem compartir:<\/span><\/p>\n<ul>\n<li style=\"text-align: justify;\">\n<blockquote><p>Proporcionar un entorn ric que contingui treball col\u00b7laboratiu, activitats i materials aut\u00e8ntics i crear situacions motivadores, funcionals i significatives que afavoreixin la participaci\u00f3 de l\u2019alumnat amb llibertat, seguretat i confian\u00e7a.<\/p><\/blockquote>\n<\/li>\n<li style=\"text-align: justify;\">\n<blockquote><p>Treballar \u00a0sobre els temes quotidians i propers a l\u2019alumnat. La pr\u00e0ctica i la producci\u00f3 oral a l\u2019aula requereix una metodologia gradual: des de tasques on l\u2019alumne ha de reproduir un model, a tasques dirigides, per passar despr\u00e9s a una actuaci\u00f3 semiguiada i fins arribar a la producci\u00f3 lliure i espont\u00e0nia de l\u2019alumne.<\/p><\/blockquote>\n<\/li>\n<li style=\"text-align: justify;\">\n<blockquote><p>Potenciar situacions d\u2019interacci\u00f3 a l\u2019aula que siguin significatives per als alumnes i properes als seus interessos: di\u00e0legs breus \u00a0de la vida quotidiana (compra en una botiga, un dinar familiar en un restaurant), (&#8230;) dramatitzacions, (&#8230;).<\/p><\/blockquote>\n<\/li>\n<\/ul>\n<p style=\"text-align: justify;\">A continuaci\u00f3 podreu veure 3 activitats diferents que tamb\u00e9 hem compartit al <a href=\"http:\/\/vitxetenglishathome.blogspot.com\/\">Bloc de Llengua Anglesa de l&#8217;escola<\/a> i que us animem a visitar, totes elles emmarcades en un projecte m\u00e9s global.<\/p>\n<ul>\n<li style=\"text-align: justify;\">A la <strong>primera activitat<\/strong> podreu veure com els alumnes de primer van a comprar el material necessari per a fer uns bra\u00e7alets amb els colors de la can\u00e7\u00f3 <a href=\"https:\/\/vitxetenglishathome.blogspot.com\/2016\/12\/i-can-sing-rainbow.html\">I Can Sing a Rainbow<\/a>. Uns <em>shop assistants<\/em> s&#8217;encarreguen de vendre i la resta del grup classe ha d&#8217;anar a comprar:\n<ul>\n<li><em>Good morning. Can I have 2 yellow beads, please?<\/em><\/li>\n<li><em>Yes. Here you are.<\/em><\/li>\n<li><em>Thank you.<\/em><\/li>\n<li><em>You&#8217;re welcome!<\/em><\/li>\n<\/ul>\n<\/li>\n<\/ul>\n<ul>\n<li>A la <strong>segona activitat<\/strong> podreu veure i escoltar com els alumnes de primer fan una trucada telef\u00f2nica al <em>Dr Monkey <\/em>perqu\u00e8 hi ha alg\u00fa a la classe que no es troba prou b\u00e9.<\/li>\n<\/ul>\n<ul>\n<li style=\"text-align: justify;\">A la <strong>tercera activitat<\/strong> podreu veure com els alumnes de tercer fan un tast de diferents menjars a l&#8217;aula d&#8217;angl\u00e8s i prenen nota dels seus gustos que m\u00e9s tard hauran de compartir per parelles i s&#8217;elabora un gr\u00e0fic de gustos del grup.\n<ul>\n<li><em>Do you like avocado?<\/em><\/li>\n<li><em>Yes, I do. It&#8217;s delicious!<\/em><\/li>\n<\/ul>\n<\/li>\n<\/ul>\n<p><iframe loading=\"lazy\" title=\"shopassistantsIcansingarainbow1A\" width=\"500\" height=\"375\" src=\"https:\/\/www.youtube.com\/embed\/IMJCra5vokk?feature=oembed\" frameborder=\"0\" allow=\"accelerometer; autoplay; clipboard-write; encrypted-media; gyroscope; picture-in-picture; web-share\" referrerpolicy=\"strict-origin-when-cross-origin\" allowfullscreen><\/iframe><\/p>\n<p><iframe loading=\"lazy\" title=\"shopassistantsIcansingarainbow1B\" width=\"500\" height=\"375\" src=\"https:\/\/www.youtube.com\/embed\/P7Fp-VSHCbc?feature=oembed\" frameborder=\"0\" allow=\"accelerometer; autoplay; clipboard-write; encrypted-media; gyroscope; picture-in-picture; web-share\" referrerpolicy=\"strict-origin-when-cross-origin\" allowfullscreen><\/iframe><\/p>\n<p><iframe loading=\"lazy\" title=\"callingdrmonkey\" width=\"500\" height=\"375\" src=\"https:\/\/www.youtube.com\/embed\/8j48SbVLLmM?feature=oembed\" frameborder=\"0\" allow=\"accelerometer; autoplay; clipboard-write; encrypted-media; gyroscope; picture-in-picture; web-share\" referrerpolicy=\"strict-origin-when-cross-origin\" allowfullscreen><\/iframe><\/p>\n<p><iframe loading=\"lazy\" title=\"Mmmm... delicious 3A\" width=\"500\" height=\"375\" src=\"https:\/\/www.youtube.com\/embed\/o5EKadbcEGY?feature=oembed\" frameborder=\"0\" allow=\"accelerometer; autoplay; clipboard-write; encrypted-media; gyroscope; picture-in-picture; web-share\" referrerpolicy=\"strict-origin-when-cross-origin\" allowfullscreen><\/iframe><\/p>\n<p><iframe loading=\"lazy\" title=\"Mmmm... delicious 3B\" width=\"500\" height=\"375\" src=\"https:\/\/www.youtube.com\/embed\/fu7FdQ2CUFQ?feature=oembed\" frameborder=\"0\" allow=\"accelerometer; autoplay; clipboard-write; encrypted-media; gyroscope; picture-in-picture; web-share\" referrerpolicy=\"strict-origin-when-cross-origin\" allowfullscreen><\/iframe><\/p>\n","protected":false},"excerpt":{"rendered":"<p>La comunicaci\u00f3 oral \u00e9s l\u2019activitat m\u00e9s freq\u00fcent i universal que els parlants de qualsevol llengua duen a terme i implica la capacitat de comprendre i expressar missatges orals tenint present la situaci\u00f3 comunicativa. En el cas de les lleng\u00fces estrangeres, aquesta dimensi\u00f3 (comunicaci\u00f3 oral) vertebra&hellip;  <a href=\"https:\/\/agora.xtec.cat\/escola-lavitxeta\/general\/speaking-english-in-the-english-class\/\" title=\"Read Speaking English in the English Class\">Llegeix m\u00e9s\u00bb<\/a><\/p>\n","protected":false},"author":1,"featured_media":36416,"comment_status":"closed","ping_status":"closed","sticky":false,"template":"","format":"standard","meta":{"_bbp_topic_count":0,"_bbp_reply_count":0,"_bbp_total_topic_count":0,"_bbp_total_reply_count":0,"_bbp_voice_count":0,"_bbp_anonymous_reply_count":0,"_bbp_topic_count_hidden":0,"_bbp_reply_count_hidden":0,"_bbp_forum_subforum_count":0,"footnotes":""},"categories":[1],"tags":[96,87,119,117],"class_list":["post-36414","post","type-post","status-publish","format-standard","has-post-thumbnail","hentry","category-general","tag-1r","tag-3r","tag-angles","tag-com-treballem"],"post_mailing_queue_ids":[],"_links":{"self":[{"href":"https:\/\/agora.xtec.cat\/escola-lavitxeta\/wp-json\/wp\/v2\/posts\/36414","targetHints":{"allow":["GET"]}}],"collection":[{"href":"https:\/\/agora.xtec.cat\/escola-lavitxeta\/wp-json\/wp\/v2\/posts"}],"about":[{"href":"https:\/\/agora.xtec.cat\/escola-lavitxeta\/wp-json\/wp\/v2\/types\/post"}],"author":[{"embeddable":true,"href":"https:\/\/agora.xtec.cat\/escola-lavitxeta\/wp-json\/wp\/v2\/users\/1"}],"replies":[{"embeddable":true,"href":"https:\/\/agora.xtec.cat\/escola-lavitxeta\/wp-json\/wp\/v2\/comments?post=36414"}],"version-history":[{"count":4,"href":"https:\/\/agora.xtec.cat\/escola-lavitxeta\/wp-json\/wp\/v2\/posts\/36414\/revisions"}],"predecessor-version":[{"id":42968,"href":"https:\/\/agora.xtec.cat\/escola-lavitxeta\/wp-json\/wp\/v2\/posts\/36414\/revisions\/42968"}],"wp:featuredmedia":[{"embeddable":true,"href":"https:\/\/agora.xtec.cat\/escola-lavitxeta\/wp-json\/wp\/v2\/media\/36416"}],"wp:attachment":[{"href":"https:\/\/agora.xtec.cat\/escola-lavitxeta\/wp-json\/wp\/v2\/media?parent=36414"}],"wp:term":[{"taxonomy":"category","embeddable":true,"href":"https:\/\/agora.xtec.cat\/escola-lavitxeta\/wp-json\/wp\/v2\/categories?post=36414"},{"taxonomy":"post_tag","embeddable":true,"href":"https:\/\/agora.xtec.cat\/escola-lavitxeta\/wp-json\/wp\/v2\/tags?post=36414"}],"curies":[{"name":"wp","href":"https:\/\/api.w.org\/{rel}","templated":true}]}}