{"id":36234,"date":"2018-12-21T11:06:59","date_gmt":"2018-12-21T10:06:59","guid":{"rendered":"http:\/\/agora.xtec.cat\/escola-lavitxeta\/?p=36234"},"modified":"2018-12-21T11:06:59","modified_gmt":"2018-12-21T10:06:59","slug":"nadales-a-canal-reus-tv","status":"publish","type":"post","link":"https:\/\/agora.xtec.cat\/escola-lavitxeta\/general\/nadales-a-canal-reus-tv\/","title":{"rendered":"Nadales a Canal Reus TV"},"content":{"rendered":"<p>Benvolgudes fam\u00edlies,<\/p>\n<p>&nbsp;<\/p>\n<p style=\"text-align: justify;\">tal com us explic\u00e0vem a <a href=\"http:\/\/agora.xtec.cat\/escola-lavitxeta\/general\/cantada-de-nadales-a-tv-reus\/\">Cantada de Nadales a Canal Reus TV<\/a>, els alumnes de 5\u00e8 de l&#8217;escola van anar a gravar una nadala a Canal Reus TV. A continuaci\u00f3 us passem el calendari de la retransmissi\u00f3 per Canal Reus TV:<\/p>\n<ul>\n<li>28 de desembre a les 11 h<\/li>\n<li>4 de gener a les 21 h<\/li>\n<\/ul>\n<p>&nbsp;<\/p>\n<p style=\"text-align: justify;\">Els dies 25, 26, 30 de desembre i l&#8217;1 i 5 de gener retransmetran tot el programa, per tant, no us podem dir a quina hora exacta sortiran.<\/p>\n<p>&nbsp;<\/p>\n<div>\n<p>De totes maneres ja es troben penjades al web, per si les voleu veure i compartir:<\/p>\n<\/div>\n<p><iframe loading=\"lazy\" title=\"Nadales 2018: La Vitxeta A &#039;Un Camell d&#039;Orient&#039;\" width=\"500\" height=\"281\" src=\"https:\/\/www.youtube.com\/embed\/2StD_tVQvNM?feature=oembed\" frameborder=\"0\" allow=\"accelerometer; autoplay; clipboard-write; encrypted-media; gyroscope; picture-in-picture; web-share\" referrerpolicy=\"strict-origin-when-cross-origin\" allowfullscreen><\/iframe><\/p>\n<p>&nbsp;<\/p>\n<div>\n<p><iframe loading=\"lazy\" title=\"Nadales 2018: La Vitxeta B &#039;Un Camell d&#039;Orient&#039;\" width=\"500\" height=\"281\" src=\"https:\/\/www.youtube.com\/embed\/LVIT-cMT9RU?feature=oembed\" frameborder=\"0\" allow=\"accelerometer; autoplay; clipboard-write; encrypted-media; gyroscope; picture-in-picture; web-share\" referrerpolicy=\"strict-origin-when-cross-origin\" allowfullscreen><\/iframe><\/p>\n<p>Moltes gr\u00e0cies<\/p>\n<p>&nbsp;<\/p>\n<p>ESC La Vitxeta<\/p>\n<\/div>\n","protected":false},"excerpt":{"rendered":"<p>Benvolgudes fam\u00edlies,<br \/>\n&nbsp;<br \/>\ntal com us explic\u00e0vem a <a href=\"http:\/\/agora.xtec.cat\/escola-lavitxeta\/general\/cantada-de-nadales-a-tv-reus\/\">Cantada de Nadales a Canal Reus TV<\/a>, els alumnes de 5\u00e8 de l&#8217;escola van anar a gravar una nadala a Canal Reus TV. A continuaci\u00f3 us passem el calendari de la retransmissi\u00f3 per Canal Reus TV:<\/p>\n<ul>\n<li>28 de desembre&hellip;  <a href=\"https:\/\/agora.xtec.cat\/escola-lavitxeta\/general\/nadales-a-canal-reus-tv\/\" title=\"Read Nadales a Canal Reus TV\">Llegeix m\u00e9s\u00bb<\/a><br \/>\n","protected":false},"author":1,"featured_media":36235,"comment_status":"closed","ping_status":"closed","sticky":false,"template":"","format":"standard","meta":{"_bbp_topic_count":0,"_bbp_reply_count":0,"_bbp_total_topic_count":0,"_bbp_total_reply_count":0,"_bbp_voice_count":0,"_bbp_anonymous_reply_count":0,"_bbp_topic_count_hidden":0,"_bbp_reply_count_hidden":0,"_bbp_forum_subforum_count":0,"footnotes":""},"categories":[1],"tags":[98,107,108,71],"class_list":["post-36234","post","type-post","status-publish","format-standard","has-post-thumbnail","hentry","category-general","tag-5e","tag-escola","tag-festes","tag-musica"],"post_mailing_queue_ids":[],"_links":{"self":[{"href":"https:\/\/agora.xtec.cat\/escola-lavitxeta\/wp-json\/wp\/v2\/posts\/36234","targetHints":{"allow":["GET"]}}],"collection":[{"href":"https:\/\/agora.xtec.cat\/escola-lavitxeta\/wp-json\/wp\/v2\/posts"}],"about":[{"href":"https:\/\/agora.xtec.cat\/escola-lavitxeta\/wp-json\/wp\/v2\/types\/post"}],"author":[{"embeddable":true,"href":"https:\/\/agora.xtec.cat\/escola-lavitxeta\/wp-json\/wp\/v2\/users\/1"}],"replies":[{"embeddable":true,"href":"https:\/\/agora.xtec.cat\/escola-lavitxeta\/wp-json\/wp\/v2\/comments?post=36234"}],"version-history":[{"count":1,"href":"https:\/\/agora.xtec.cat\/escola-lavitxeta\/wp-json\/wp\/v2\/posts\/36234\/revisions"}],"predecessor-version":[{"id":36236,"href":"https:\/\/agora.xtec.cat\/escola-lavitxeta\/wp-json\/wp\/v2\/posts\/36234\/revisions\/36236"}],"wp:featuredmedia":[{"embeddable":true,"href":"https:\/\/agora.xtec.cat\/escola-lavitxeta\/wp-json\/wp\/v2\/media\/36235"}],"wp:attachment":[{"href":"https:\/\/agora.xtec.cat\/escola-lavitxeta\/wp-json\/wp\/v2\/media?parent=36234"}],"wp:term":[{"taxonomy":"category","embeddable":true,"href":"https:\/\/agora.xtec.cat\/escola-lavitxeta\/wp-json\/wp\/v2\/categories?post=36234"},{"taxonomy":"post_tag","embeddable":true,"href":"https:\/\/agora.xtec.cat\/escola-lavitxeta\/wp-json\/wp\/v2\/tags?post=36234"}],"curies":[{"name":"wp","href":"https:\/\/api.w.org\/{rel}","templated":true}]}}