{"id":36017,"date":"2018-12-20T12:36:38","date_gmt":"2018-12-20T11:36:38","guid":{"rendered":"http:\/\/agora.xtec.cat\/escola-lavitxeta\/?p=36017"},"modified":"2019-01-07T22:49:55","modified_gmt":"2019-01-07T21:49:55","slug":"festival-de-nadal-dinfantil-i-primer","status":"publish","type":"post","link":"https:\/\/agora.xtec.cat\/escola-lavitxeta\/general\/festival-de-nadal-dinfantil-i-primer\/","title":{"rendered":"Festival de Nadal d&#8217;infantil i primer"},"content":{"rendered":"<p style=\"text-align: justify;\">El dimecres 19 de desembre a l&#8217;escola vam celebrar el ja tradicional festival de Nadal. El primer dia, com ja \u00e9s habitual, \u00e9s el torn dels m\u00e9s petits, des de P3 fins a primer. Moltes hores de feina, esfor\u00e7, const\u00e0ncia i moltes rialles han donat el seu fruit perqu\u00e8 qui canta els seus mals espanta!<\/p>\n<p style=\"text-align: justify;\">Tant els qui ho vau poder gaudir en directe com els que no us adjuntem un v\u00eddeo amb totes les actuacions de la tarda. Quedeu-vos fins al final que hi ha sorpresa!<\/p>\n<p style=\"text-align: justify;\"><iframe loading=\"lazy\" src=\"https:\/\/www.youtube.com\/embed\/dP2kaHCFmn8\" width=\"760\" height=\"515\" frameborder=\"0\" allowfullscreen=\"allowfullscreen\"><span data-mce-type=\"bookmark\" style=\"display: inline-block; width: 0px; overflow: hidden; line-height: 0;\" class=\"mce_SELRES_start\">\ufeff<\/span><span data-mce-type=\"bookmark\" style=\"display: inline-block; width: 0px; overflow: hidden; line-height: 0;\" class=\"mce_SELRES_start\">\ufeff<\/span><\/iframe><\/p>\n<blockquote><p>El v\u00eddeo ha estat possible gr\u00e0cies a un col\u00b7laborador de la nostra web que n&#8217;ha fet la gravaci\u00f3 i posterior edici\u00f3. Si voleu con\u00e8ixer m\u00e9s de prop les activitats de l&#8217;escola, feu-vos col\u00b7laboradors de la Comissi\u00f3 de projecci\u00f3 exterior: <a href=\"mailto:lavitxeta.net@gmail.com\">lavitxeta.net@gmail.com<\/a><\/p>\n<p>Moltes gr\u00e0cies!<\/p><\/blockquote>\n","protected":false},"excerpt":{"rendered":"<p>El dimecres 19 de desembre a l&#8217;escola vam celebrar el ja tradicional festival de Nadal de P3 fins a Primer. &hellip;  <a href=\"https:\/\/agora.xtec.cat\/escola-lavitxeta\/general\/festival-de-nadal-dinfantil-i-primer\/\" title=\"Read Festival de Nadal d&#8217;infantil i primer\">Llegeix m\u00e9s\u00bb<\/a><\/p>\n","protected":false},"author":34,"featured_media":36018,"comment_status":"closed","ping_status":"closed","sticky":false,"template":"","format":"standard","meta":{"_bbp_topic_count":0,"_bbp_reply_count":0,"_bbp_total_topic_count":0,"_bbp_total_reply_count":0,"_bbp_voice_count":0,"_bbp_anonymous_reply_count":0,"_bbp_topic_count_hidden":0,"_bbp_reply_count_hidden":0,"_bbp_forum_subforum_count":0,"footnotes":""},"categories":[1],"tags":[96,107,108,101,102,95],"class_list":["post-36017","post","type-post","status-publish","format-standard","has-post-thumbnail","hentry","category-general","tag-1r","tag-escola","tag-festes","tag-p3","tag-p4","tag-p5"],"post_mailing_queue_ids":[],"_links":{"self":[{"href":"https:\/\/agora.xtec.cat\/escola-lavitxeta\/wp-json\/wp\/v2\/posts\/36017","targetHints":{"allow":["GET"]}}],"collection":[{"href":"https:\/\/agora.xtec.cat\/escola-lavitxeta\/wp-json\/wp\/v2\/posts"}],"about":[{"href":"https:\/\/agora.xtec.cat\/escola-lavitxeta\/wp-json\/wp\/v2\/types\/post"}],"author":[{"embeddable":true,"href":"https:\/\/agora.xtec.cat\/escola-lavitxeta\/wp-json\/wp\/v2\/users\/34"}],"replies":[{"embeddable":true,"href":"https:\/\/agora.xtec.cat\/escola-lavitxeta\/wp-json\/wp\/v2\/comments?post=36017"}],"version-history":[{"count":3,"href":"https:\/\/agora.xtec.cat\/escola-lavitxeta\/wp-json\/wp\/v2\/posts\/36017\/revisions"}],"predecessor-version":[{"id":36264,"href":"https:\/\/agora.xtec.cat\/escola-lavitxeta\/wp-json\/wp\/v2\/posts\/36017\/revisions\/36264"}],"wp:featuredmedia":[{"embeddable":true,"href":"https:\/\/agora.xtec.cat\/escola-lavitxeta\/wp-json\/wp\/v2\/media\/36018"}],"wp:attachment":[{"href":"https:\/\/agora.xtec.cat\/escola-lavitxeta\/wp-json\/wp\/v2\/media?parent=36017"}],"wp:term":[{"taxonomy":"category","embeddable":true,"href":"https:\/\/agora.xtec.cat\/escola-lavitxeta\/wp-json\/wp\/v2\/categories?post=36017"},{"taxonomy":"post_tag","embeddable":true,"href":"https:\/\/agora.xtec.cat\/escola-lavitxeta\/wp-json\/wp\/v2\/tags?post=36017"}],"curies":[{"name":"wp","href":"https:\/\/api.w.org\/{rel}","templated":true}]}}