{"id":35141,"date":"2018-09-21T16:11:29","date_gmt":"2018-09-21T14:11:29","guid":{"rendered":"http:\/\/agora.xtec.cat\/escola-lavitxeta\/?p=35141"},"modified":"2019-05-28T21:47:39","modified_gmt":"2019-05-28T19:47:39","slug":"els-pirates-desembarquen-de-nou","status":"publish","type":"post","link":"https:\/\/agora.xtec.cat\/escola-lavitxeta\/general\/els-pirates-desembarquen-de-nou\/","title":{"rendered":"Els pirates desembarquen de nou"},"content":{"rendered":"<p>Benvolgudes fam\u00edlies,<\/p>\n<p style=\"text-align: justify;\">Els pirates de la Vitxeta i del Pi del Burgar es posen de nou en peu de guerra i us anuncien que sortiran de nou pels carrers de Reus en motiu de les festes de Miseric\u00f2rdia, per interpretar el Ball parlat de Marcos Vicente, el pirata m\u00e9s temut del Mediterrani.<\/p>\n<p style=\"text-align: justify;\">El ball parlat de Marcos Vicente explica la hist\u00f2ria d\u2019aquest personatge valenci\u00e0, que renega dels seus, i com a pirata fa mil malifetes, fins que per casualitat un fet crucial el fa reflexionar sobre la seva vida delictiva.\u00a0 Aquest \u00e9s l\u2019argument del ball parlat, que com a tal, cont\u00e9 di\u00e0legs en vers, dansa i m\u00fasica i que ser\u00e0 interpretat pels nostres actors de l\u2019Escola la Vitxeta i l\u2019Institut-escola Pi del Burgar.<\/p>\n<p>Calendari actuacions:<\/p>\n<p>Diumenge 23 de setembre: Farem l&#8217;abordatge al seguici festiu petit de Miseric\u00f2rdia:<\/p>\n<p>-18h: Seguici petit pels carrers de Reus.<\/p>\n<p>&#8211; 20.15h: Actuaci\u00f3 completa del Ball de Marcos Vicente a la pla\u00e7a d&#8217;Evarist F\u00e0bregas<\/p>\n<p>Salutacions cordials i Visca la Festa Major!!<\/p>\n<p>#MarcosVicenteReus<\/p>\n<p><img loading=\"lazy\" decoding=\"async\" class=\"aligncenter wp-image-35142 size-medium\" src=\"http:\/\/agora.xtec.cat\/escola-lavitxeta\/wp-content\/uploads\/usu1195\/IMG_20180921_152936-300x168.jpg\" alt=\"\" width=\"300\" height=\"168\" \/><\/p>\n","protected":false},"excerpt":{"rendered":"<p>Benvolgudes fam\u00edlies,<br \/>\nEls pirates de la Vitxeta i del Pi del Burgar es posen de nou en peu de guerra i us anuncien que sortiran de nou pels carrers de Reus en motiu de les festes de Miseric\u00f2rdia, per interpretar el Ball parlat de Marcos Vicente,&hellip;  <a href=\"https:\/\/agora.xtec.cat\/escola-lavitxeta\/general\/els-pirates-desembarquen-de-nou\/\" title=\"Read Els pirates desembarquen de nou\">Llegeix m\u00e9s\u00bb<\/a><\/p>\n","protected":false},"author":1,"featured_media":0,"comment_status":"closed","ping_status":"closed","sticky":false,"template":"","format":"standard","meta":{"_bbp_topic_count":0,"_bbp_reply_count":0,"_bbp_total_topic_count":0,"_bbp_total_reply_count":0,"_bbp_voice_count":0,"_bbp_anonymous_reply_count":0,"_bbp_topic_count_hidden":0,"_bbp_reply_count_hidden":0,"_bbp_forum_subforum_count":0,"footnotes":""},"categories":[1],"tags":[139,117,108],"class_list":["post-35141","post","type-post","status-publish","format-standard","hentry","category-general","tag-ball-de-marcos-vicente","tag-com-treballem","tag-festes"],"post_mailing_queue_ids":[],"_links":{"self":[{"href":"https:\/\/agora.xtec.cat\/escola-lavitxeta\/wp-json\/wp\/v2\/posts\/35141","targetHints":{"allow":["GET"]}}],"collection":[{"href":"https:\/\/agora.xtec.cat\/escola-lavitxeta\/wp-json\/wp\/v2\/posts"}],"about":[{"href":"https:\/\/agora.xtec.cat\/escola-lavitxeta\/wp-json\/wp\/v2\/types\/post"}],"author":[{"embeddable":true,"href":"https:\/\/agora.xtec.cat\/escola-lavitxeta\/wp-json\/wp\/v2\/users\/1"}],"replies":[{"embeddable":true,"href":"https:\/\/agora.xtec.cat\/escola-lavitxeta\/wp-json\/wp\/v2\/comments?post=35141"}],"version-history":[{"count":3,"href":"https:\/\/agora.xtec.cat\/escola-lavitxeta\/wp-json\/wp\/v2\/posts\/35141\/revisions"}],"predecessor-version":[{"id":35146,"href":"https:\/\/agora.xtec.cat\/escola-lavitxeta\/wp-json\/wp\/v2\/posts\/35141\/revisions\/35146"}],"wp:attachment":[{"href":"https:\/\/agora.xtec.cat\/escola-lavitxeta\/wp-json\/wp\/v2\/media?parent=35141"}],"wp:term":[{"taxonomy":"category","embeddable":true,"href":"https:\/\/agora.xtec.cat\/escola-lavitxeta\/wp-json\/wp\/v2\/categories?post=35141"},{"taxonomy":"post_tag","embeddable":true,"href":"https:\/\/agora.xtec.cat\/escola-lavitxeta\/wp-json\/wp\/v2\/tags?post=35141"}],"curies":[{"name":"wp","href":"https:\/\/api.w.org\/{rel}","templated":true}]}}