{"id":2703,"date":"2026-04-27T10:05:20","date_gmt":"2026-04-27T08:05:20","guid":{"rendered":"https:\/\/agora.xtec.cat\/escola-lallantia\/?p=2703"},"modified":"2026-04-27T10:06:45","modified_gmt":"2026-04-27T08:06:45","slug":"i5-viatge-de-la-salut-3","status":"publish","type":"post","link":"https:\/\/agora.xtec.cat\/escola-lallantia\/portada\/i5-viatge-de-la-salut-3\/","title":{"rendered":"I5. Viatge de la Salut. Ens vista l&#8217;escola El Tur\u00f3!"},"content":{"rendered":"<p data-start=\"0\" data-end=\"184\">El passat 16 d\u2019abril vam rebre la visita dels nens i nenes d\u2019I5 de l\u2019escola El Tur\u00f3. Vam compartir amb ells el \u201cViatge de la Salut\u201d i vam gaudir d\u2019un mat\u00ed ple d\u2019activitat i diversi\u00f3.<\/p>\n<p data-start=\"186\" data-end=\"398\">Primer, vam fer diferents jocs a la pista per moure\u2019ns i fer una mica d\u2019esport. Despr\u00e9s, vam esmorzar tots junts en un ambient molt agradable. Per acabar, vam posar el toc final ballant plegats amb el \u201cCarido\u201d.<\/p>\n<p data-start=\"400\" data-end=\"535\" data-is-last-node=\"\" data-is-only-node=\"\">Va ser una experi\u00e8ncia molt bonica que recordarem amb un somriure. A continuaci\u00f3, podeu veure un v\u00eddeo amb alguns dels millors moments.<a href=\"https:\/\/drive.google.com\/file\/d\/1C1a1o1LOnnq8sQ5za2RxMvmePDSZz126\/view?usp=sharing\"><img loading=\"lazy\" decoding=\"async\" class=\"size-medium wp-image-2704 aligncenter\" src=\"https:\/\/agora.xtec.cat\/escola-lallantia\/wp-content\/uploads\/usu2434\/2026\/04\/Captura-de-pantalla-2026-04-27-095927-300x180.png\" alt=\"\" width=\"300\" height=\"180\" srcset=\"https:\/\/agora.xtec.cat\/escola-lallantia\/wp-content\/uploads\/usu2434\/2026\/04\/Captura-de-pantalla-2026-04-27-095927-300x180.png 300w, https:\/\/agora.xtec.cat\/escola-lallantia\/wp-content\/uploads\/usu2434\/2026\/04\/Captura-de-pantalla-2026-04-27-095927.png 493w\" sizes=\"auto, (max-width: 300px) 100vw, 300px\" \/><\/a><\/p>\n<p data-start=\"400\" data-end=\"535\" data-is-last-node=\"\" data-is-only-node=\"\">\n<p data-start=\"400\" data-end=\"535\" data-is-last-node=\"\" data-is-only-node=\"\">\n","protected":false},"excerpt":{"rendered":"<p>El passat 16 d\u2019abril vam rebre la visita dels nens i nenes d\u2019I5 de l\u2019escola El Tur\u00f3. Vam compartir amb ells el \u201cViatge de la Salut\u201d i vam gaudir d\u2019un mat\u00ed ple d\u2019activitat i diversi\u00f3. Primer, vam fer diferents jocs a la pista per moure\u2019ns i fer una mica d\u2019esport. Despr\u00e9s, vam esmorzar tots junts [&hellip;]<\/p>\n","protected":false},"author":41,"featured_media":2704,"comment_status":"closed","ping_status":"closed","sticky":false,"template":"","format":"standard","meta":{"_bbp_topic_count":0,"_bbp_reply_count":0,"_bbp_total_topic_count":0,"_bbp_total_reply_count":0,"_bbp_voice_count":0,"_bbp_anonymous_reply_count":0,"_bbp_topic_count_hidden":0,"_bbp_reply_count_hidden":0,"_bbp_forum_subforum_count":0,"site-sidebar-layout":"default","site-content-layout":"","ast-site-content-layout":"default","site-content-style":"default","site-sidebar-style":"default","ast-global-header-display":"","ast-banner-title-visibility":"","ast-main-header-display":"","ast-hfb-above-header-display":"","ast-hfb-below-header-display":"","ast-hfb-mobile-header-display":"","site-post-title":"","ast-breadcrumbs-content":"","ast-featured-img":"","footer-sml-layout":"","theme-transparent-header-meta":"default","adv-header-id-meta":"","stick-header-meta":"","header-above-stick-meta":"","header-main-stick-meta":"","header-below-stick-meta":"","astra-migrate-meta-layouts":"set","ast-page-background-enabled":"default","ast-page-background-meta":{"desktop":{"background-color":"var(--ast-global-color-4)","background-image":"","background-repeat":"repeat","background-position":"center center","background-size":"auto","background-attachment":"scroll","background-type":"","background-media":"","overlay-type":"","overlay-color":"","overlay-opacity":"","overlay-gradient":""},"tablet":{"background-color":"","background-image":"","background-repeat":"repeat","background-position":"center center","background-size":"auto","background-attachment":"scroll","background-type":"","background-media":"","overlay-type":"","overlay-color":"","overlay-opacity":"","overlay-gradient":""},"mobile":{"background-color":"","background-image":"","background-repeat":"repeat","background-position":"center center","background-size":"auto","background-attachment":"scroll","background-type":"","background-media":"","overlay-type":"","overlay-color":"","overlay-opacity":"","overlay-gradient":""}},"ast-content-background-meta":{"desktop":{"background-color":"var(--ast-global-color-5)","background-image":"","background-repeat":"repeat","background-position":"center center","background-size":"auto","background-attachment":"scroll","background-type":"","background-media":"","overlay-type":"","overlay-color":"","overlay-opacity":"","overlay-gradient":""},"tablet":{"background-color":"var(--ast-global-color-5)","background-image":"","background-repeat":"repeat","background-position":"center center","background-size":"auto","background-attachment":"scroll","background-type":"","background-media":"","overlay-type":"","overlay-color":"","overlay-opacity":"","overlay-gradient":""},"mobile":{"background-color":"var(--ast-global-color-5)","background-image":"","background-repeat":"repeat","background-position":"center center","background-size":"auto","background-attachment":"scroll","background-type":"","background-media":"","overlay-type":"","overlay-color":"","overlay-opacity":"","overlay-gradient":""}},"footnotes":""},"categories":[4,65],"tags":[],"class_list":["post-2703","post","type-post","status-publish","format-standard","has-post-thumbnail","hentry","category-portada","category-salut-integral"],"post_mailing_queue_ids":[],"_links":{"self":[{"href":"https:\/\/agora.xtec.cat\/escola-lallantia\/wp-json\/wp\/v2\/posts\/2703","targetHints":{"allow":["GET"]}}],"collection":[{"href":"https:\/\/agora.xtec.cat\/escola-lallantia\/wp-json\/wp\/v2\/posts"}],"about":[{"href":"https:\/\/agora.xtec.cat\/escola-lallantia\/wp-json\/wp\/v2\/types\/post"}],"author":[{"embeddable":true,"href":"https:\/\/agora.xtec.cat\/escola-lallantia\/wp-json\/wp\/v2\/users\/41"}],"replies":[{"embeddable":true,"href":"https:\/\/agora.xtec.cat\/escola-lallantia\/wp-json\/wp\/v2\/comments?post=2703"}],"version-history":[{"count":2,"href":"https:\/\/agora.xtec.cat\/escola-lallantia\/wp-json\/wp\/v2\/posts\/2703\/revisions"}],"predecessor-version":[{"id":2707,"href":"https:\/\/agora.xtec.cat\/escola-lallantia\/wp-json\/wp\/v2\/posts\/2703\/revisions\/2707"}],"wp:featuredmedia":[{"embeddable":true,"href":"https:\/\/agora.xtec.cat\/escola-lallantia\/wp-json\/wp\/v2\/media\/2704"}],"wp:attachment":[{"href":"https:\/\/agora.xtec.cat\/escola-lallantia\/wp-json\/wp\/v2\/media?parent=2703"}],"wp:term":[{"taxonomy":"category","embeddable":true,"href":"https:\/\/agora.xtec.cat\/escola-lallantia\/wp-json\/wp\/v2\/categories?post=2703"},{"taxonomy":"post_tag","embeddable":true,"href":"https:\/\/agora.xtec.cat\/escola-lallantia\/wp-json\/wp\/v2\/tags?post=2703"}],"curies":[{"name":"wp","href":"https:\/\/api.w.org\/{rel}","templated":true}]}}