{"id":2667,"date":"2026-03-27T10:22:11","date_gmt":"2026-03-27T09:22:11","guid":{"rendered":"https:\/\/agora.xtec.cat\/escola-lallantia\/?p=2667"},"modified":"2026-04-27T10:06:25","modified_gmt":"2026-04-27T08:06:25","slug":"i5-viatge-de-la-salut-2","status":"publish","type":"post","link":"https:\/\/agora.xtec.cat\/escola-lallantia\/portada\/i5-viatge-de-la-salut-2\/","title":{"rendered":"I5- Viatge de la Salut. Anem a l&#8217;escola Cirera!"},"content":{"rendered":"<p class=\"isSelectedEnd\">El passat 12 de mar\u00e7, els alumnes d\u2019I5 van anar a visitar l\u2019escola Cirera en el marc del nostre Programa de Salut Integral. Aquesta activitat forma part del que anomenem \u201cel viatge de la salut\u201d, una iniciativa que ens permet visitar altres escoles i participar en propostes relacionades amb els h\u00e0bits saludables.<\/p>\n<p class=\"isSelectedEnd\">Durant la visita, vam tenir l\u2019oportunitat de con\u00e8ixer els alumnes d\u2019I5 de l\u2019escola Cirera i compartir una estona molt enriquidora amb ells. Vam gaudir de diferents jocs al pati, fomentant el moviment i la conviv\u00e8ncia, i tamb\u00e9 vam rebre una visita molt especial: el C\u00e0rido, amb qui vam estar ballant i passant-ho d\u2019all\u00f2 m\u00e9s b\u00e9.<\/p>\n<p class=\"isSelectedEnd\">Per acabar el mat\u00ed, ens van convidar a un esmorzar molt saludable que vam gaudir tots plegats.<\/p>\n<p>Va ser una experi\u00e8ncia molt divertida i significativa que, sens dubte, recordarem amb un gran somriure!<\/p>\n<p><a href=\"https:\/\/drive.google.com\/drive\/folders\/1_4AJ-NYsyyNAfrSOezBn3271aPTUcn2v?usp=sharing\"><img loading=\"lazy\" decoding=\"async\" class=\"size-medium wp-image-2668 aligncenter\" src=\"https:\/\/agora.xtec.cat\/escola-lallantia\/wp-content\/uploads\/usu2434\/2026\/03\/Captura-de-pantalla-2026-03-27-101938-300x228.png\" alt=\"\" width=\"300\" height=\"228\" srcset=\"https:\/\/agora.xtec.cat\/escola-lallantia\/wp-content\/uploads\/usu2434\/2026\/03\/Captura-de-pantalla-2026-03-27-101938-300x228.png 300w, https:\/\/agora.xtec.cat\/escola-lallantia\/wp-content\/uploads\/usu2434\/2026\/03\/Captura-de-pantalla-2026-03-27-101938-768x585.png 768w, https:\/\/agora.xtec.cat\/escola-lallantia\/wp-content\/uploads\/usu2434\/2026\/03\/Captura-de-pantalla-2026-03-27-101938.png 1006w\" sizes=\"auto, (max-width: 300px) 100vw, 300px\" \/><\/a><\/p>\n","protected":false},"excerpt":{"rendered":"<p>El passat 12 de mar\u00e7, els alumnes d\u2019I5 van anar a visitar l\u2019escola Cirera en el marc del nostre Programa de Salut Integral. Aquesta activitat forma part del que anomenem \u201cel viatge de la salut\u201d, una iniciativa que ens permet visitar altres escoles i participar en propostes relacionades amb els h\u00e0bits saludables. Durant la visita, [&hellip;]<\/p>\n","protected":false},"author":41,"featured_media":0,"comment_status":"closed","ping_status":"closed","sticky":false,"template":"","format":"standard","meta":{"_bbp_topic_count":0,"_bbp_reply_count":0,"_bbp_total_topic_count":0,"_bbp_total_reply_count":0,"_bbp_voice_count":0,"_bbp_anonymous_reply_count":0,"_bbp_topic_count_hidden":0,"_bbp_reply_count_hidden":0,"_bbp_forum_subforum_count":0,"site-sidebar-layout":"default","site-content-layout":"","ast-site-content-layout":"","site-content-style":"default","site-sidebar-style":"default","ast-global-header-display":"","ast-banner-title-visibility":"","ast-main-header-display":"","ast-hfb-above-header-display":"","ast-hfb-below-header-display":"","ast-hfb-mobile-header-display":"","site-post-title":"","ast-breadcrumbs-content":"","ast-featured-img":"","footer-sml-layout":"","theme-transparent-header-meta":"","adv-header-id-meta":"","stick-header-meta":"","header-above-stick-meta":"","header-main-stick-meta":"","header-below-stick-meta":"","astra-migrate-meta-layouts":"default","ast-page-background-enabled":"default","ast-page-background-meta":{"desktop":{"background-color":"var(--ast-global-color-4)","background-image":"","background-repeat":"repeat","background-position":"center center","background-size":"auto","background-attachment":"scroll","background-type":"","background-media":"","overlay-type":"","overlay-color":"","overlay-opacity":"","overlay-gradient":""},"tablet":{"background-color":"","background-image":"","background-repeat":"repeat","background-position":"center center","background-size":"auto","background-attachment":"scroll","background-type":"","background-media":"","overlay-type":"","overlay-color":"","overlay-opacity":"","overlay-gradient":""},"mobile":{"background-color":"","background-image":"","background-repeat":"repeat","background-position":"center center","background-size":"auto","background-attachment":"scroll","background-type":"","background-media":"","overlay-type":"","overlay-color":"","overlay-opacity":"","overlay-gradient":""}},"ast-content-background-meta":{"desktop":{"background-color":"var(--ast-global-color-5)","background-image":"","background-repeat":"repeat","background-position":"center center","background-size":"auto","background-attachment":"scroll","background-type":"","background-media":"","overlay-type":"","overlay-color":"","overlay-opacity":"","overlay-gradient":""},"tablet":{"background-color":"var(--ast-global-color-5)","background-image":"","background-repeat":"repeat","background-position":"center center","background-size":"auto","background-attachment":"scroll","background-type":"","background-media":"","overlay-type":"","overlay-color":"","overlay-opacity":"","overlay-gradient":""},"mobile":{"background-color":"var(--ast-global-color-5)","background-image":"","background-repeat":"repeat","background-position":"center center","background-size":"auto","background-attachment":"scroll","background-type":"","background-media":"","overlay-type":"","overlay-color":"","overlay-opacity":"","overlay-gradient":""}},"footnotes":""},"categories":[4,65],"tags":[],"class_list":["post-2667","post","type-post","status-publish","format-standard","hentry","category-portada","category-salut-integral"],"post_mailing_queue_ids":[],"_links":{"self":[{"href":"https:\/\/agora.xtec.cat\/escola-lallantia\/wp-json\/wp\/v2\/posts\/2667","targetHints":{"allow":["GET"]}}],"collection":[{"href":"https:\/\/agora.xtec.cat\/escola-lallantia\/wp-json\/wp\/v2\/posts"}],"about":[{"href":"https:\/\/agora.xtec.cat\/escola-lallantia\/wp-json\/wp\/v2\/types\/post"}],"author":[{"embeddable":true,"href":"https:\/\/agora.xtec.cat\/escola-lallantia\/wp-json\/wp\/v2\/users\/41"}],"replies":[{"embeddable":true,"href":"https:\/\/agora.xtec.cat\/escola-lallantia\/wp-json\/wp\/v2\/comments?post=2667"}],"version-history":[{"count":2,"href":"https:\/\/agora.xtec.cat\/escola-lallantia\/wp-json\/wp\/v2\/posts\/2667\/revisions"}],"predecessor-version":[{"id":2706,"href":"https:\/\/agora.xtec.cat\/escola-lallantia\/wp-json\/wp\/v2\/posts\/2667\/revisions\/2706"}],"wp:attachment":[{"href":"https:\/\/agora.xtec.cat\/escola-lallantia\/wp-json\/wp\/v2\/media?parent=2667"}],"wp:term":[{"taxonomy":"category","embeddable":true,"href":"https:\/\/agora.xtec.cat\/escola-lallantia\/wp-json\/wp\/v2\/categories?post=2667"},{"taxonomy":"post_tag","embeddable":true,"href":"https:\/\/agora.xtec.cat\/escola-lallantia\/wp-json\/wp\/v2\/tags?post=2667"}],"curies":[{"name":"wp","href":"https:\/\/api.w.org\/{rel}","templated":true}]}}