{"id":2662,"date":"2026-03-26T13:23:30","date_gmt":"2026-03-26T12:23:30","guid":{"rendered":"https:\/\/agora.xtec.cat\/escola-lallantia\/?p=2662"},"modified":"2026-03-26T13:24:43","modified_gmt":"2026-03-26T12:24:43","slug":"dia-mundia-de-lef-al-carrer","status":"publish","type":"post","link":"https:\/\/agora.xtec.cat\/escola-lallantia\/cicle-mitja\/dia-mundia-de-lef-al-carrer\/","title":{"rendered":"Dia Mundial de l&#8217;EF al carrer!"},"content":{"rendered":"<p data-start=\"0\" data-end=\"195\">Ahir, els alumnes de cicle mitj\u00e0 vam viure una experi\u00e8ncia molt especial al Parc Central, on vam celebrar el Dia Mundial de l\u2019Educaci\u00f3 F\u00edsica al Carrer, una iniciativa del Pla Catal\u00e0 de l\u2019Esport.<\/p>\n<p data-start=\"545\" data-end=\"796\">Cada centre va fer els seus propis jocs d\u2019educaci\u00f3 f\u00edsica. Despr\u00e9s, ens vam reunir tots plegats per gaudir d\u2019una divertida sessi\u00f3 de zumba.<\/p>\n<p data-start=\"798\" data-end=\"940\" data-is-last-node=\"\" data-is-only-node=\"\">Sens dubte, va ser un mat\u00ed molt divertit, ple d\u2019activitat f\u00edsica, conviv\u00e8ncia i bons moments compartits. Ens ho vam passar d\u2019all\u00f2 m\u00e9s b\u00e9!<\/p>\n<p><a href=\"https:\/\/drive.google.com\/drive\/folders\/19VKdsCS3kCxGuq9caOMkhYsvpg8rsHnl?usp=sharing\"><img loading=\"lazy\" decoding=\"async\" class=\"size-medium wp-image-2663 aligncenter\" src=\"https:\/\/agora.xtec.cat\/escola-lallantia\/wp-content\/uploads\/usu2434\/2026\/03\/1744309021913-300x225.jpg\" alt=\"\" width=\"300\" height=\"225\" srcset=\"https:\/\/agora.xtec.cat\/escola-lallantia\/wp-content\/uploads\/usu2434\/2026\/03\/1744309021913-300x225.jpg 300w, https:\/\/agora.xtec.cat\/escola-lallantia\/wp-content\/uploads\/usu2434\/2026\/03\/1744309021913-1024x768.jpg 1024w, https:\/\/agora.xtec.cat\/escola-lallantia\/wp-content\/uploads\/usu2434\/2026\/03\/1744309021913-768x576.jpg 768w, https:\/\/agora.xtec.cat\/escola-lallantia\/wp-content\/uploads\/usu2434\/2026\/03\/1744309021913-200x150.jpg 200w, https:\/\/agora.xtec.cat\/escola-lallantia\/wp-content\/uploads\/usu2434\/2026\/03\/1744309021913.jpg 1334w\" sizes=\"auto, (max-width: 300px) 100vw, 300px\" \/><\/a><\/p>\n","protected":false},"excerpt":{"rendered":"<p>Ahir, els alumnes de cicle mitj\u00e0 vam viure una experi\u00e8ncia molt especial al Parc Central, on vam celebrar el Dia Mundial de l\u2019Educaci\u00f3 F\u00edsica al Carrer, una iniciativa del Pla Catal\u00e0 de l\u2019Esport. Cada centre va fer els seus propis jocs d\u2019educaci\u00f3 f\u00edsica. Despr\u00e9s, ens vam reunir tots plegats per gaudir d\u2019una divertida sessi\u00f3 de [&hellip;]<\/p>\n","protected":false},"author":41,"featured_media":0,"comment_status":"closed","ping_status":"open","sticky":false,"template":"","format":"standard","meta":{"_bbp_topic_count":0,"_bbp_reply_count":0,"_bbp_total_topic_count":0,"_bbp_total_reply_count":0,"_bbp_voice_count":0,"_bbp_anonymous_reply_count":0,"_bbp_topic_count_hidden":0,"_bbp_reply_count_hidden":0,"_bbp_forum_subforum_count":0,"site-sidebar-layout":"default","site-content-layout":"","ast-site-content-layout":"","site-content-style":"default","site-sidebar-style":"default","ast-global-header-display":"","ast-banner-title-visibility":"","ast-main-header-display":"","ast-hfb-above-header-display":"","ast-hfb-below-header-display":"","ast-hfb-mobile-header-display":"","site-post-title":"","ast-breadcrumbs-content":"","ast-featured-img":"","footer-sml-layout":"","theme-transparent-header-meta":"","adv-header-id-meta":"","stick-header-meta":"","header-above-stick-meta":"","header-main-stick-meta":"","header-below-stick-meta":"","astra-migrate-meta-layouts":"default","ast-page-background-enabled":"default","ast-page-background-meta":{"desktop":{"background-color":"var(--ast-global-color-4)","background-image":"","background-repeat":"repeat","background-position":"center center","background-size":"auto","background-attachment":"scroll","background-type":"","background-media":"","overlay-type":"","overlay-color":"","overlay-opacity":"","overlay-gradient":""},"tablet":{"background-color":"","background-image":"","background-repeat":"repeat","background-position":"center center","background-size":"auto","background-attachment":"scroll","background-type":"","background-media":"","overlay-type":"","overlay-color":"","overlay-opacity":"","overlay-gradient":""},"mobile":{"background-color":"","background-image":"","background-repeat":"repeat","background-position":"center center","background-size":"auto","background-attachment":"scroll","background-type":"","background-media":"","overlay-type":"","overlay-color":"","overlay-opacity":"","overlay-gradient":""}},"ast-content-background-meta":{"desktop":{"background-color":"var(--ast-global-color-5)","background-image":"","background-repeat":"repeat","background-position":"center center","background-size":"auto","background-attachment":"scroll","background-type":"","background-media":"","overlay-type":"","overlay-color":"","overlay-opacity":"","overlay-gradient":""},"tablet":{"background-color":"var(--ast-global-color-5)","background-image":"","background-repeat":"repeat","background-position":"center center","background-size":"auto","background-attachment":"scroll","background-type":"","background-media":"","overlay-type":"","overlay-color":"","overlay-opacity":"","overlay-gradient":""},"mobile":{"background-color":"var(--ast-global-color-5)","background-image":"","background-repeat":"repeat","background-position":"center center","background-size":"auto","background-attachment":"scroll","background-type":"","background-media":"","overlay-type":"","overlay-color":"","overlay-opacity":"","overlay-gradient":""}},"footnotes":""},"categories":[3,67,4],"tags":[],"class_list":["post-2662","post","type-post","status-publish","format-standard","hentry","category-cicle-mitja","category-educacio-fisica","category-portada"],"post_mailing_queue_ids":[],"_links":{"self":[{"href":"https:\/\/agora.xtec.cat\/escola-lallantia\/wp-json\/wp\/v2\/posts\/2662","targetHints":{"allow":["GET"]}}],"collection":[{"href":"https:\/\/agora.xtec.cat\/escola-lallantia\/wp-json\/wp\/v2\/posts"}],"about":[{"href":"https:\/\/agora.xtec.cat\/escola-lallantia\/wp-json\/wp\/v2\/types\/post"}],"author":[{"embeddable":true,"href":"https:\/\/agora.xtec.cat\/escola-lallantia\/wp-json\/wp\/v2\/users\/41"}],"replies":[{"embeddable":true,"href":"https:\/\/agora.xtec.cat\/escola-lallantia\/wp-json\/wp\/v2\/comments?post=2662"}],"version-history":[{"count":3,"href":"https:\/\/agora.xtec.cat\/escola-lallantia\/wp-json\/wp\/v2\/posts\/2662\/revisions"}],"predecessor-version":[{"id":2666,"href":"https:\/\/agora.xtec.cat\/escola-lallantia\/wp-json\/wp\/v2\/posts\/2662\/revisions\/2666"}],"wp:attachment":[{"href":"https:\/\/agora.xtec.cat\/escola-lallantia\/wp-json\/wp\/v2\/media?parent=2662"}],"wp:term":[{"taxonomy":"category","embeddable":true,"href":"https:\/\/agora.xtec.cat\/escola-lallantia\/wp-json\/wp\/v2\/categories?post=2662"},{"taxonomy":"post_tag","embeddable":true,"href":"https:\/\/agora.xtec.cat\/escola-lallantia\/wp-json\/wp\/v2\/tags?post=2662"}],"curies":[{"name":"wp","href":"https:\/\/api.w.org\/{rel}","templated":true}]}}