{"id":2401,"date":"2025-05-16T11:57:50","date_gmt":"2025-05-16T09:57:50","guid":{"rendered":"https:\/\/agora.xtec.cat\/escola-lallantia\/?p=2401"},"modified":"2025-05-23T11:53:51","modified_gmt":"2025-05-23T09:53:51","slug":"6e-torneig-auale","status":"publish","type":"post","link":"https:\/\/agora.xtec.cat\/escola-lallantia\/portada\/6e-torneig-auale\/","title":{"rendered":"6\u00e8. Torneig Aual\u00e9."},"content":{"rendered":"<p class=\"\" data-start=\"139\" data-end=\"328\">Ahir els alumnes de 6\u00e8 van participar en el torneig d&#8217;Aual\u00e9 amb altres escoles de Matar\u00f3. Van gaudir molt jugant partides amb nois i noies d\u2019altres centres i van acabar la jornada ballant tots junts. Aqu\u00ed us deixem un v\u00eddeo de <a href=\"https:\/\/www.instagram.com\/reel\/DJ6_DJ-MeaV\/?igsh=MWthMnY4bWJueHk3\">TV Matar\u00f3.<\/a><\/p>\n<p data-start=\"139\" data-end=\"328\"><a href=\"https:\/\/photos.app.goo.gl\/4GbCFL2hoZQSfhoT9\"><img loading=\"lazy\" decoding=\"async\" class=\"size-medium wp-image-2402 aligncenter\" src=\"https:\/\/agora.xtec.cat\/escola-lallantia\/wp-content\/uploads\/usu2434\/2025\/05\/foto-2-auale-300x208.png\" alt=\"\" width=\"300\" height=\"208\" srcset=\"https:\/\/agora.xtec.cat\/escola-lallantia\/wp-content\/uploads\/usu2434\/2025\/05\/foto-2-auale-300x208.png 300w, https:\/\/agora.xtec.cat\/escola-lallantia\/wp-content\/uploads\/usu2434\/2025\/05\/foto-2-auale.png 525w\" sizes=\"auto, (max-width: 300px) 100vw, 300px\" \/><\/a><\/p>\n<p class=\"\" style=\"text-align: center\" data-start=\"330\" data-end=\"403\">Un cop m\u00e9s, <strong data-start=\"342\" data-end=\"379\">vam quedar <em data-start=\"355\" data-end=\"364\">primers<\/em> del torneig!<\/strong> Enhorabona a tots!<\/p>\n","protected":false},"excerpt":{"rendered":"<p>Ahir els alumnes de 6\u00e8 van participar en el torneig d&#8217;Aual\u00e9 amb altres escoles de Matar\u00f3. Van gaudir molt jugant partides amb nois i noies d\u2019altres centres i van acabar la jornada ballant tots junts. Aqu\u00ed us deixem un v\u00eddeo de TV Matar\u00f3. Un cop m\u00e9s, vam quedar primers del torneig! Enhorabona a tots!<\/p>\n","protected":false},"author":41,"featured_media":0,"comment_status":"open","ping_status":"closed","sticky":false,"template":"","format":"standard","meta":{"_bbp_topic_count":0,"_bbp_reply_count":0,"_bbp_total_topic_count":0,"_bbp_total_reply_count":0,"_bbp_voice_count":0,"_bbp_anonymous_reply_count":0,"_bbp_topic_count_hidden":0,"_bbp_reply_count_hidden":0,"_bbp_forum_subforum_count":0,"site-sidebar-layout":"default","site-content-layout":"","ast-site-content-layout":"","site-content-style":"default","site-sidebar-style":"default","ast-global-header-display":"","ast-banner-title-visibility":"","ast-main-header-display":"","ast-hfb-above-header-display":"","ast-hfb-below-header-display":"","ast-hfb-mobile-header-display":"","site-post-title":"","ast-breadcrumbs-content":"","ast-featured-img":"","footer-sml-layout":"","theme-transparent-header-meta":"","adv-header-id-meta":"","stick-header-meta":"","header-above-stick-meta":"","header-main-stick-meta":"","header-below-stick-meta":"","astra-migrate-meta-layouts":"default","ast-page-background-enabled":"default","ast-page-background-meta":{"desktop":{"background-color":"var(--ast-global-color-4)","background-image":"","background-repeat":"repeat","background-position":"center center","background-size":"auto","background-attachment":"scroll","background-type":"","background-media":"","overlay-type":"","overlay-color":"","overlay-opacity":"","overlay-gradient":""},"tablet":{"background-color":"","background-image":"","background-repeat":"repeat","background-position":"center center","background-size":"auto","background-attachment":"scroll","background-type":"","background-media":"","overlay-type":"","overlay-color":"","overlay-opacity":"","overlay-gradient":""},"mobile":{"background-color":"","background-image":"","background-repeat":"repeat","background-position":"center center","background-size":"auto","background-attachment":"scroll","background-type":"","background-media":"","overlay-type":"","overlay-color":"","overlay-opacity":"","overlay-gradient":""}},"ast-content-background-meta":{"desktop":{"background-color":"var(--ast-global-color-5)","background-image":"","background-repeat":"repeat","background-position":"center center","background-size":"auto","background-attachment":"scroll","background-type":"","background-media":"","overlay-type":"","overlay-color":"","overlay-opacity":"","overlay-gradient":""},"tablet":{"background-color":"var(--ast-global-color-5)","background-image":"","background-repeat":"repeat","background-position":"center center","background-size":"auto","background-attachment":"scroll","background-type":"","background-media":"","overlay-type":"","overlay-color":"","overlay-opacity":"","overlay-gradient":""},"mobile":{"background-color":"var(--ast-global-color-5)","background-image":"","background-repeat":"repeat","background-position":"center center","background-size":"auto","background-attachment":"scroll","background-type":"","background-media":"","overlay-type":"","overlay-color":"","overlay-opacity":"","overlay-gradient":""}},"footnotes":""},"categories":[67,4],"tags":[],"class_list":["post-2401","post","type-post","status-publish","format-standard","hentry","category-educacio-fisica","category-portada"],"post_mailing_queue_ids":[],"_links":{"self":[{"href":"https:\/\/agora.xtec.cat\/escola-lallantia\/wp-json\/wp\/v2\/posts\/2401","targetHints":{"allow":["GET"]}}],"collection":[{"href":"https:\/\/agora.xtec.cat\/escola-lallantia\/wp-json\/wp\/v2\/posts"}],"about":[{"href":"https:\/\/agora.xtec.cat\/escola-lallantia\/wp-json\/wp\/v2\/types\/post"}],"author":[{"embeddable":true,"href":"https:\/\/agora.xtec.cat\/escola-lallantia\/wp-json\/wp\/v2\/users\/41"}],"replies":[{"embeddable":true,"href":"https:\/\/agora.xtec.cat\/escola-lallantia\/wp-json\/wp\/v2\/comments?post=2401"}],"version-history":[{"count":2,"href":"https:\/\/agora.xtec.cat\/escola-lallantia\/wp-json\/wp\/v2\/posts\/2401\/revisions"}],"predecessor-version":[{"id":2458,"href":"https:\/\/agora.xtec.cat\/escola-lallantia\/wp-json\/wp\/v2\/posts\/2401\/revisions\/2458"}],"wp:attachment":[{"href":"https:\/\/agora.xtec.cat\/escola-lallantia\/wp-json\/wp\/v2\/media?parent=2401"}],"wp:term":[{"taxonomy":"category","embeddable":true,"href":"https:\/\/agora.xtec.cat\/escola-lallantia\/wp-json\/wp\/v2\/categories?post=2401"},{"taxonomy":"post_tag","embeddable":true,"href":"https:\/\/agora.xtec.cat\/escola-lallantia\/wp-json\/wp\/v2\/tags?post=2401"}],"curies":[{"name":"wp","href":"https:\/\/api.w.org\/{rel}","templated":true}]}}