{"id":2340,"date":"2025-04-09T18:08:16","date_gmt":"2025-04-09T16:08:16","guid":{"rendered":"https:\/\/agora.xtec.cat\/escola-lallantia\/?p=2340"},"modified":"2025-04-09T18:08:16","modified_gmt":"2025-04-09T16:08:16","slug":"3r-sortida-al-cim-daligues","status":"publish","type":"post","link":"https:\/\/agora.xtec.cat\/escola-lallantia\/cicle-mitja\/3r-sortida-al-cim-daligues\/","title":{"rendered":"3r-Sortida al Cim d&#8217;\u00c0ligues."},"content":{"rendered":"<p class=\"\" data-start=\"132\" data-end=\"336\">El passat dijous 4 d\u2019abril, els alumnes de 3r van fer una sortida molt especial al <strong data-start=\"215\" data-end=\"232\">Cim d\u2019\u00c0ligues<\/strong>, un centre dedicat a la conservaci\u00f3 i divulgaci\u00f3 de les aus rapinyaires situat a Sant Feliu de Codines.<\/p>\n<p class=\"\" data-start=\"338\" data-end=\"711\">Durant la visita, els nens i nenes van poder observar de ben a prop \u00e0ligues, falcons, voltors i mussols, i van aprendre moltes curiositats sobre aquests animals: com viuen, qu\u00e8 mengen i quin paper tenen en l\u2019ecosistema. Un dels moments m\u00e9s emocionants va ser la <strong data-start=\"600\" data-end=\"624\">sessi\u00f3 de vol lliure<\/strong>, on van veure com les aus sobrevolaven els seus caps, gaireb\u00e9 tocant-los amb les ales!<a href=\"https:\/\/photos.app.goo.gl\/9fAPBT49EhuDcLXT7\"><img loading=\"lazy\" decoding=\"async\" class=\"size-medium wp-image-2341 aligncenter\" src=\"https:\/\/agora.xtec.cat\/escola-lallantia\/wp-content\/uploads\/usu2434\/2025\/04\/cim-daligues-274x300.png\" alt=\"\" width=\"274\" height=\"300\" srcset=\"https:\/\/agora.xtec.cat\/escola-lallantia\/wp-content\/uploads\/usu2434\/2025\/04\/cim-daligues-274x300.png 274w, https:\/\/agora.xtec.cat\/escola-lallantia\/wp-content\/uploads\/usu2434\/2025\/04\/cim-daligues.png 655w\" sizes=\"auto, (max-width: 274px) 100vw, 274px\" \/><\/a><\/p>\n","protected":false},"excerpt":{"rendered":"<p>El passat dijous 4 d\u2019abril, els alumnes de 3r van fer una sortida molt especial al Cim d\u2019\u00c0ligues, un centre dedicat a la conservaci\u00f3 i divulgaci\u00f3 de les aus rapinyaires situat a Sant Feliu de Codines. Durant la visita, els nens i nenes van poder observar de ben a prop \u00e0ligues, falcons, voltors i mussols, [&hellip;]<\/p>\n","protected":false},"author":41,"featured_media":0,"comment_status":"open","ping_status":"closed","sticky":false,"template":"","format":"standard","meta":{"_bbp_topic_count":0,"_bbp_reply_count":0,"_bbp_total_topic_count":0,"_bbp_total_reply_count":0,"_bbp_voice_count":0,"_bbp_anonymous_reply_count":0,"_bbp_topic_count_hidden":0,"_bbp_reply_count_hidden":0,"_bbp_forum_subforum_count":0,"site-sidebar-layout":"default","site-content-layout":"","ast-site-content-layout":"","site-content-style":"default","site-sidebar-style":"default","ast-global-header-display":"","ast-banner-title-visibility":"","ast-main-header-display":"","ast-hfb-above-header-display":"","ast-hfb-below-header-display":"","ast-hfb-mobile-header-display":"","site-post-title":"","ast-breadcrumbs-content":"","ast-featured-img":"","footer-sml-layout":"","theme-transparent-header-meta":"","adv-header-id-meta":"","stick-header-meta":"","header-above-stick-meta":"","header-main-stick-meta":"","header-below-stick-meta":"","astra-migrate-meta-layouts":"default","ast-page-background-enabled":"default","ast-page-background-meta":{"desktop":{"background-color":"var(--ast-global-color-4)","background-image":"","background-repeat":"repeat","background-position":"center center","background-size":"auto","background-attachment":"scroll","background-type":"","background-media":"","overlay-type":"","overlay-color":"","overlay-opacity":"","overlay-gradient":""},"tablet":{"background-color":"","background-image":"","background-repeat":"repeat","background-position":"center center","background-size":"auto","background-attachment":"scroll","background-type":"","background-media":"","overlay-type":"","overlay-color":"","overlay-opacity":"","overlay-gradient":""},"mobile":{"background-color":"","background-image":"","background-repeat":"repeat","background-position":"center center","background-size":"auto","background-attachment":"scroll","background-type":"","background-media":"","overlay-type":"","overlay-color":"","overlay-opacity":"","overlay-gradient":""}},"ast-content-background-meta":{"desktop":{"background-color":"var(--ast-global-color-5)","background-image":"","background-repeat":"repeat","background-position":"center center","background-size":"auto","background-attachment":"scroll","background-type":"","background-media":"","overlay-type":"","overlay-color":"","overlay-opacity":"","overlay-gradient":""},"tablet":{"background-color":"var(--ast-global-color-5)","background-image":"","background-repeat":"repeat","background-position":"center center","background-size":"auto","background-attachment":"scroll","background-type":"","background-media":"","overlay-type":"","overlay-color":"","overlay-opacity":"","overlay-gradient":""},"mobile":{"background-color":"var(--ast-global-color-5)","background-image":"","background-repeat":"repeat","background-position":"center center","background-size":"auto","background-attachment":"scroll","background-type":"","background-media":"","overlay-type":"","overlay-color":"","overlay-opacity":"","overlay-gradient":""}},"footnotes":""},"categories":[3,4],"tags":[],"class_list":["post-2340","post","type-post","status-publish","format-standard","hentry","category-cicle-mitja","category-portada"],"post_mailing_queue_ids":[],"_links":{"self":[{"href":"https:\/\/agora.xtec.cat\/escola-lallantia\/wp-json\/wp\/v2\/posts\/2340","targetHints":{"allow":["GET"]}}],"collection":[{"href":"https:\/\/agora.xtec.cat\/escola-lallantia\/wp-json\/wp\/v2\/posts"}],"about":[{"href":"https:\/\/agora.xtec.cat\/escola-lallantia\/wp-json\/wp\/v2\/types\/post"}],"author":[{"embeddable":true,"href":"https:\/\/agora.xtec.cat\/escola-lallantia\/wp-json\/wp\/v2\/users\/41"}],"replies":[{"embeddable":true,"href":"https:\/\/agora.xtec.cat\/escola-lallantia\/wp-json\/wp\/v2\/comments?post=2340"}],"version-history":[{"count":1,"href":"https:\/\/agora.xtec.cat\/escola-lallantia\/wp-json\/wp\/v2\/posts\/2340\/revisions"}],"predecessor-version":[{"id":2342,"href":"https:\/\/agora.xtec.cat\/escola-lallantia\/wp-json\/wp\/v2\/posts\/2340\/revisions\/2342"}],"wp:attachment":[{"href":"https:\/\/agora.xtec.cat\/escola-lallantia\/wp-json\/wp\/v2\/media?parent=2340"}],"wp:term":[{"taxonomy":"category","embeddable":true,"href":"https:\/\/agora.xtec.cat\/escola-lallantia\/wp-json\/wp\/v2\/categories?post=2340"},{"taxonomy":"post_tag","embeddable":true,"href":"https:\/\/agora.xtec.cat\/escola-lallantia\/wp-json\/wp\/v2\/tags?post=2340"}],"curies":[{"name":"wp","href":"https:\/\/api.w.org\/{rel}","templated":true}]}}