{"id":1577,"date":"2023-02-08T17:17:30","date_gmt":"2023-02-08T16:17:30","guid":{"rendered":"https:\/\/agora.xtec.cat\/escola-lallantia\/?p=1577"},"modified":"2023-02-08T17:17:30","modified_gmt":"2023-02-08T16:17:30","slug":"video-per-la-marato","status":"publish","type":"post","link":"https:\/\/agora.xtec.cat\/escola-lallantia\/portada\/video-per-la-marato\/","title":{"rendered":"V\u00eddeo per la Marat\u00f3"},"content":{"rendered":"<div class=\"css-1dbjc4n\">\n<div class=\"css-1dbjc4n r-1s2bzr4\">\n<div dir=\"auto\" lang=\"ca\" data-testid=\"tweetText\">L&#8217;Escola La Ll\u00e0ntia participa des del 2012 del Programa de Salut Integral (SI!) d&#8217;h\u00e0bits saludables per tenir cura del cor. Aquest any, junt amb altres escoles de Matar\u00f3, els alumnes de P5 han participat en un v\u00eddeo per<span class=\"css-901oao css-16my406 r-poiln3 r-bcqeeo r-qvutc0\"> la Marat\u00f3.<\/span><\/div>\n<\/div>\n<\/div>\n<div dir=\"auto\" lang=\"ca\" data-testid=\"tweetText\"><a href=\"https:\/\/drive.google.com\/file\/d\/1cBjkghYRpaWJZ4BvX7RnIeZk9XDC95lk\/view?usp=sharing\"><img loading=\"lazy\" decoding=\"async\" class=\"wp-image-1578 aligncenter\" src=\"https:\/\/agora.xtec.cat\/escola-lallantia\/wp-content\/uploads\/usu2434\/2023\/02\/video-cardio-1024x580.png\" alt=\"\" width=\"439\" height=\"249\" srcset=\"https:\/\/agora.xtec.cat\/escola-lallantia\/wp-content\/uploads\/usu2434\/2023\/02\/video-cardio-1024x580.png 1024w, https:\/\/agora.xtec.cat\/escola-lallantia\/wp-content\/uploads\/usu2434\/2023\/02\/video-cardio-300x170.png 300w, https:\/\/agora.xtec.cat\/escola-lallantia\/wp-content\/uploads\/usu2434\/2023\/02\/video-cardio-768x435.png 768w, https:\/\/agora.xtec.cat\/escola-lallantia\/wp-content\/uploads\/usu2434\/2023\/02\/video-cardio.png 1213w\" sizes=\"auto, (max-width: 439px) 100vw, 439px\" \/><\/a><\/div>\n","protected":false},"excerpt":{"rendered":"<p>L&#8217;Escola La Ll\u00e0ntia participa des del 2012 del Programa de Salut Integral (SI!) d&#8217;h\u00e0bits saludables per tenir cura del cor. Aquest any, junt amb altres escoles de Matar\u00f3, els alumnes de P5 han participat en un v\u00eddeo per la Marat\u00f3.<\/p>\n","protected":false},"author":41,"featured_media":0,"comment_status":"closed","ping_status":"closed","sticky":false,"template":"","format":"standard","meta":{"_bbp_topic_count":0,"_bbp_reply_count":0,"_bbp_total_topic_count":0,"_bbp_total_reply_count":0,"_bbp_voice_count":0,"_bbp_anonymous_reply_count":0,"_bbp_topic_count_hidden":0,"_bbp_reply_count_hidden":0,"_bbp_forum_subforum_count":0,"site-sidebar-layout":"default","site-content-layout":"","ast-site-content-layout":"","site-content-style":"default","site-sidebar-style":"default","ast-global-header-display":"","ast-banner-title-visibility":"","ast-main-header-display":"","ast-hfb-above-header-display":"","ast-hfb-below-header-display":"","ast-hfb-mobile-header-display":"","site-post-title":"","ast-breadcrumbs-content":"","ast-featured-img":"","footer-sml-layout":"","theme-transparent-header-meta":"","adv-header-id-meta":"","stick-header-meta":"","header-above-stick-meta":"","header-main-stick-meta":"","header-below-stick-meta":"","astra-migrate-meta-layouts":"default","ast-page-background-enabled":"default","ast-page-background-meta":{"desktop":{"background-color":"var(--ast-global-color-4)","background-image":"","background-repeat":"repeat","background-position":"center center","background-size":"auto","background-attachment":"scroll","background-type":"","background-media":"","overlay-type":"","overlay-color":"","overlay-opacity":"","overlay-gradient":""},"tablet":{"background-color":"","background-image":"","background-repeat":"repeat","background-position":"center center","background-size":"auto","background-attachment":"scroll","background-type":"","background-media":"","overlay-type":"","overlay-color":"","overlay-opacity":"","overlay-gradient":""},"mobile":{"background-color":"","background-image":"","background-repeat":"repeat","background-position":"center center","background-size":"auto","background-attachment":"scroll","background-type":"","background-media":"","overlay-type":"","overlay-color":"","overlay-opacity":"","overlay-gradient":""}},"ast-content-background-meta":{"desktop":{"background-color":"var(--ast-global-color-5)","background-image":"","background-repeat":"repeat","background-position":"center center","background-size":"auto","background-attachment":"scroll","background-type":"","background-media":"","overlay-type":"","overlay-color":"","overlay-opacity":"","overlay-gradient":""},"tablet":{"background-color":"var(--ast-global-color-5)","background-image":"","background-repeat":"repeat","background-position":"center center","background-size":"auto","background-attachment":"scroll","background-type":"","background-media":"","overlay-type":"","overlay-color":"","overlay-opacity":"","overlay-gradient":""},"mobile":{"background-color":"var(--ast-global-color-5)","background-image":"","background-repeat":"repeat","background-position":"center center","background-size":"auto","background-attachment":"scroll","background-type":"","background-media":"","overlay-type":"","overlay-color":"","overlay-opacity":"","overlay-gradient":""}},"footnotes":""},"categories":[4,65],"tags":[],"class_list":["post-1577","post","type-post","status-publish","format-standard","hentry","category-portada","category-salut-integral"],"post_mailing_queue_ids":[],"_links":{"self":[{"href":"https:\/\/agora.xtec.cat\/escola-lallantia\/wp-json\/wp\/v2\/posts\/1577","targetHints":{"allow":["GET"]}}],"collection":[{"href":"https:\/\/agora.xtec.cat\/escola-lallantia\/wp-json\/wp\/v2\/posts"}],"about":[{"href":"https:\/\/agora.xtec.cat\/escola-lallantia\/wp-json\/wp\/v2\/types\/post"}],"author":[{"embeddable":true,"href":"https:\/\/agora.xtec.cat\/escola-lallantia\/wp-json\/wp\/v2\/users\/41"}],"replies":[{"embeddable":true,"href":"https:\/\/agora.xtec.cat\/escola-lallantia\/wp-json\/wp\/v2\/comments?post=1577"}],"version-history":[{"count":2,"href":"https:\/\/agora.xtec.cat\/escola-lallantia\/wp-json\/wp\/v2\/posts\/1577\/revisions"}],"predecessor-version":[{"id":1580,"href":"https:\/\/agora.xtec.cat\/escola-lallantia\/wp-json\/wp\/v2\/posts\/1577\/revisions\/1580"}],"wp:attachment":[{"href":"https:\/\/agora.xtec.cat\/escola-lallantia\/wp-json\/wp\/v2\/media?parent=1577"}],"wp:term":[{"taxonomy":"category","embeddable":true,"href":"https:\/\/agora.xtec.cat\/escola-lallantia\/wp-json\/wp\/v2\/categories?post=1577"},{"taxonomy":"post_tag","embeddable":true,"href":"https:\/\/agora.xtec.cat\/escola-lallantia\/wp-json\/wp\/v2\/tags?post=1577"}],"curies":[{"name":"wp","href":"https:\/\/api.w.org\/{rel}","templated":true}]}}