{"id":1503,"date":"2022-10-26T16:58:15","date_gmt":"2022-10-26T14:58:15","guid":{"rendered":"https:\/\/agora.xtec.cat\/escola-lallantia\/?p=1503"},"modified":"2022-10-26T17:05:00","modified_gmt":"2022-10-26T15:05:00","slug":"setmana-de-la-salut-i-lalimentacio-educacio-infantil","status":"publish","type":"post","link":"https:\/\/agora.xtec.cat\/escola-lallantia\/portada\/setmana-de-la-salut-i-lalimentacio-educacio-infantil\/","title":{"rendered":"Setmana de la Salut i l&#8217;alimentaci\u00f3 Educaci\u00f3 Infantil"},"content":{"rendered":"<p>La setmana passada els alumnes d\u2019Educaci\u00f3 Infantil van celebrar la Setmana de la Salut realitzant diverses activitats relacionades amb l\u2019\u00e0rea \u201cDescoberta d\u2019un mateix i dels altres\u201d per tal de conscienciar-los de la import\u00e0ncia de tenir una l\u2019alimentaci\u00f3 saludable, fer exercici f\u00edsic, tenir una bona higiene i recon\u00e8ixer i gestionar les emocions. Aqu\u00ed us deixem unes fotos <a href=\"https:\/\/photos.app.goo.gl\/z8nJZxoGCSkvbxjD9\">P3<\/a>, <a href=\"https:\/\/photos.app.goo.gl\/iD6MCPeJkNbsJEhz9\">P4<\/a> i <a href=\"https:\/\/photos.app.goo.gl\/zwC5v6JhU2zfdsHz7\">P5<\/a>.<a href=\"https:\/\/agora.xtec.cat\/escola-lallantia\/wp-content\/uploads\/usu2434\/2022\/10\/Captura-de-pantalla-2022-10-26-165421.png\"><img loading=\"lazy\" decoding=\"async\" class=\"wp-image-1504 aligncenter\" src=\"https:\/\/agora.xtec.cat\/escola-lallantia\/wp-content\/uploads\/usu2434\/2022\/10\/Captura-de-pantalla-2022-10-26-165421.png\" alt=\"\" width=\"511\" height=\"460\" srcset=\"https:\/\/agora.xtec.cat\/escola-lallantia\/wp-content\/uploads\/usu2434\/2022\/10\/Captura-de-pantalla-2022-10-26-165421.png 975w, https:\/\/agora.xtec.cat\/escola-lallantia\/wp-content\/uploads\/usu2434\/2022\/10\/Captura-de-pantalla-2022-10-26-165421-300x270.png 300w, https:\/\/agora.xtec.cat\/escola-lallantia\/wp-content\/uploads\/usu2434\/2022\/10\/Captura-de-pantalla-2022-10-26-165421-768x691.png 768w\" sizes=\"auto, (max-width: 511px) 100vw, 511px\" \/><\/a><\/p>\n","protected":false},"excerpt":{"rendered":"<p>La setmana passada els alumnes d\u2019Educaci\u00f3 Infantil van celebrar la Setmana de la Salut realitzant diverses activitats relacionades amb l\u2019\u00e0rea \u201cDescoberta d\u2019un mateix i dels altres\u201d per tal de conscienciar-los de la import\u00e0ncia de tenir una l\u2019alimentaci\u00f3 saludable, fer exercici f\u00edsic, tenir una bona higiene i recon\u00e8ixer i gestionar les emocions. Aqu\u00ed us deixem unes [&hellip;]<\/p>\n","protected":false},"author":41,"featured_media":0,"comment_status":"open","ping_status":"closed","sticky":false,"template":"","format":"standard","meta":{"_bbp_topic_count":0,"_bbp_reply_count":0,"_bbp_total_topic_count":0,"_bbp_total_reply_count":0,"_bbp_voice_count":0,"_bbp_anonymous_reply_count":0,"_bbp_topic_count_hidden":0,"_bbp_reply_count_hidden":0,"_bbp_forum_subforum_count":0,"site-sidebar-layout":"default","site-content-layout":"","ast-site-content-layout":"","site-content-style":"default","site-sidebar-style":"default","ast-global-header-display":"","ast-banner-title-visibility":"","ast-main-header-display":"","ast-hfb-above-header-display":"","ast-hfb-below-header-display":"","ast-hfb-mobile-header-display":"","site-post-title":"","ast-breadcrumbs-content":"","ast-featured-img":"","footer-sml-layout":"","theme-transparent-header-meta":"","adv-header-id-meta":"","stick-header-meta":"","header-above-stick-meta":"","header-main-stick-meta":"","header-below-stick-meta":"","astra-migrate-meta-layouts":"default","ast-page-background-enabled":"default","ast-page-background-meta":{"desktop":{"background-color":"var(--ast-global-color-4)","background-image":"","background-repeat":"repeat","background-position":"center center","background-size":"auto","background-attachment":"scroll","background-type":"","background-media":"","overlay-type":"","overlay-color":"","overlay-opacity":"","overlay-gradient":""},"tablet":{"background-color":"","background-image":"","background-repeat":"repeat","background-position":"center center","background-size":"auto","background-attachment":"scroll","background-type":"","background-media":"","overlay-type":"","overlay-color":"","overlay-opacity":"","overlay-gradient":""},"mobile":{"background-color":"","background-image":"","background-repeat":"repeat","background-position":"center center","background-size":"auto","background-attachment":"scroll","background-type":"","background-media":"","overlay-type":"","overlay-color":"","overlay-opacity":"","overlay-gradient":""}},"ast-content-background-meta":{"desktop":{"background-color":"var(--ast-global-color-5)","background-image":"","background-repeat":"repeat","background-position":"center center","background-size":"auto","background-attachment":"scroll","background-type":"","background-media":"","overlay-type":"","overlay-color":"","overlay-opacity":"","overlay-gradient":""},"tablet":{"background-color":"var(--ast-global-color-5)","background-image":"","background-repeat":"repeat","background-position":"center center","background-size":"auto","background-attachment":"scroll","background-type":"","background-media":"","overlay-type":"","overlay-color":"","overlay-opacity":"","overlay-gradient":""},"mobile":{"background-color":"var(--ast-global-color-5)","background-image":"","background-repeat":"repeat","background-position":"center center","background-size":"auto","background-attachment":"scroll","background-type":"","background-media":"","overlay-type":"","overlay-color":"","overlay-opacity":"","overlay-gradient":""}},"footnotes":""},"categories":[4,65],"tags":[],"class_list":["post-1503","post","type-post","status-publish","format-standard","hentry","category-portada","category-salut-integral"],"post_mailing_queue_ids":[],"_links":{"self":[{"href":"https:\/\/agora.xtec.cat\/escola-lallantia\/wp-json\/wp\/v2\/posts\/1503","targetHints":{"allow":["GET"]}}],"collection":[{"href":"https:\/\/agora.xtec.cat\/escola-lallantia\/wp-json\/wp\/v2\/posts"}],"about":[{"href":"https:\/\/agora.xtec.cat\/escola-lallantia\/wp-json\/wp\/v2\/types\/post"}],"author":[{"embeddable":true,"href":"https:\/\/agora.xtec.cat\/escola-lallantia\/wp-json\/wp\/v2\/users\/41"}],"replies":[{"embeddable":true,"href":"https:\/\/agora.xtec.cat\/escola-lallantia\/wp-json\/wp\/v2\/comments?post=1503"}],"version-history":[{"count":2,"href":"https:\/\/agora.xtec.cat\/escola-lallantia\/wp-json\/wp\/v2\/posts\/1503\/revisions"}],"predecessor-version":[{"id":1506,"href":"https:\/\/agora.xtec.cat\/escola-lallantia\/wp-json\/wp\/v2\/posts\/1503\/revisions\/1506"}],"wp:attachment":[{"href":"https:\/\/agora.xtec.cat\/escola-lallantia\/wp-json\/wp\/v2\/media?parent=1503"}],"wp:term":[{"taxonomy":"category","embeddable":true,"href":"https:\/\/agora.xtec.cat\/escola-lallantia\/wp-json\/wp\/v2\/categories?post=1503"},{"taxonomy":"post_tag","embeddable":true,"href":"https:\/\/agora.xtec.cat\/escola-lallantia\/wp-json\/wp\/v2\/tags?post=1503"}],"curies":[{"name":"wp","href":"https:\/\/api.w.org\/{rel}","templated":true}]}}