{"id":1408,"date":"2022-05-29T08:56:28","date_gmt":"2022-05-29T06:56:28","guid":{"rendered":"https:\/\/agora.xtec.cat\/escola-lallantia\/?p=1408"},"modified":"2024-11-19T11:14:28","modified_gmt":"2024-11-19T10:14:28","slug":"la-clika","status":"publish","type":"post","link":"https:\/\/agora.xtec.cat\/escola-lallantia\/musica\/la-clika\/","title":{"rendered":"LA CLIKA"},"content":{"rendered":"<p><a href=\"http:\/\/La Clika\">La Clika<\/a><\/p>\n<p>La Clika \u00e9s un projecte social sense \u00e0nim de lucre que promou la m\u00fasica i la cultura a la infantesa.<a href=\"https:\/\/agora.xtec.cat\/escola-lallantia\/musica\/la-clika\/attachment\/la-clika-logo-2\/\" rel=\"attachment wp-att-2130\"><img loading=\"lazy\" decoding=\"async\" class=\"wp-image-2130 alignright\" src=\"https:\/\/agora.xtec.cat\/escola-lallantia\/wp-content\/uploads\/usu2434\/2022\/05\/la-clika-logo-2.svg\" alt=\"\" width=\"122\" height=\"76\" \/><\/a><\/p>\n<p>Connectem la m\u00fasica a la mainada a trav\u00e9s de l\u2019univers narratiu de nou personatges que formen la colla d\u2019amigues que dona nom al projecte, La Clika. Elles i les seves aventures, s\u00f3n el fil conductor de totes les iniciatives del projecte.<\/p>\n<p>A trav\u00e9s de l\u2019univers de La Clika, generem recursos gratu\u00efts per enfortir l\u2019aprenentatge musical als centres de prim\u00e0ria, materials per a fer m\u00fasica en fam\u00edlia i organitzem espectacles familiars i cantates escolars, que desperten l\u2019amor per la cultura i la m\u00fasica en viu a la quitxalla.<\/p>\n<p>&nbsp;<\/p>\n<p>Els alumnes de tercer han actuat al Teatre Monumental cantant unes can\u00e7ons amb molt de ritme.<\/p>\n<p>Ha estat tot un \u00e8xit i hem gaudit molt\u00edssim.<\/p>\n<p>Clica a la imatge.<\/p>\n<p><a href=\"https:\/\/drive.google.com\/drive\/folders\/1wCQb53rV0Z25Sr1IWwfLonPKzM_YT3nG?usp=sharing\"><img decoding=\"async\" src=\"https:\/\/laclika.cat\/wp-content\/uploads\/2020\/04\/La-Clika-musica-escola-primaria-cantata1.jpg\" alt=\"Cantata LA CLIKA | SONABLOC\" \/><\/a><\/p>\n<p>&nbsp;<\/p>\n<p>&nbsp;<\/p>\n","protected":false},"excerpt":{"rendered":"<p>La Clika La Clika \u00e9s un projecte social sense \u00e0nim de lucre que promou la m\u00fasica i la cultura a la infantesa. Connectem la m\u00fasica a la mainada a trav\u00e9s de l\u2019univers narratiu de nou personatges que formen la colla d\u2019amigues que dona nom al projecte, La Clika. Elles i les seves aventures, s\u00f3n el [&hellip;]<\/p>\n","protected":false},"author":33,"featured_media":0,"comment_status":"open","ping_status":"closed","sticky":false,"template":"","format":"standard","meta":{"_bbp_topic_count":0,"_bbp_reply_count":0,"_bbp_total_topic_count":0,"_bbp_total_reply_count":0,"_bbp_voice_count":0,"_bbp_anonymous_reply_count":0,"_bbp_topic_count_hidden":0,"_bbp_reply_count_hidden":0,"_bbp_forum_subforum_count":0,"site-sidebar-layout":"default","site-content-layout":"","ast-site-content-layout":"","site-content-style":"default","site-sidebar-style":"default","ast-global-header-display":"","ast-banner-title-visibility":"","ast-main-header-display":"","ast-hfb-above-header-display":"","ast-hfb-below-header-display":"","ast-hfb-mobile-header-display":"","site-post-title":"","ast-breadcrumbs-content":"","ast-featured-img":"","footer-sml-layout":"","theme-transparent-header-meta":"","adv-header-id-meta":"","stick-header-meta":"","header-above-stick-meta":"","header-main-stick-meta":"","header-below-stick-meta":"","astra-migrate-meta-layouts":"default","ast-page-background-enabled":"default","ast-page-background-meta":{"desktop":{"background-color":"var(--ast-global-color-4)","background-image":"","background-repeat":"repeat","background-position":"center center","background-size":"auto","background-attachment":"scroll","background-type":"","background-media":"","overlay-type":"","overlay-color":"","overlay-opacity":"","overlay-gradient":""},"tablet":{"background-color":"","background-image":"","background-repeat":"repeat","background-position":"center center","background-size":"auto","background-attachment":"scroll","background-type":"","background-media":"","overlay-type":"","overlay-color":"","overlay-opacity":"","overlay-gradient":""},"mobile":{"background-color":"","background-image":"","background-repeat":"repeat","background-position":"center center","background-size":"auto","background-attachment":"scroll","background-type":"","background-media":"","overlay-type":"","overlay-color":"","overlay-opacity":"","overlay-gradient":""}},"ast-content-background-meta":{"desktop":{"background-color":"var(--ast-global-color-5)","background-image":"","background-repeat":"repeat","background-position":"center center","background-size":"auto","background-attachment":"scroll","background-type":"","background-media":"","overlay-type":"","overlay-color":"","overlay-opacity":"","overlay-gradient":""},"tablet":{"background-color":"var(--ast-global-color-5)","background-image":"","background-repeat":"repeat","background-position":"center center","background-size":"auto","background-attachment":"scroll","background-type":"","background-media":"","overlay-type":"","overlay-color":"","overlay-opacity":"","overlay-gradient":""},"mobile":{"background-color":"var(--ast-global-color-5)","background-image":"","background-repeat":"repeat","background-position":"center center","background-size":"auto","background-attachment":"scroll","background-type":"","background-media":"","overlay-type":"","overlay-color":"","overlay-opacity":"","overlay-gradient":""}},"footnotes":""},"categories":[66],"tags":[],"class_list":["post-1408","post","type-post","status-publish","format-standard","hentry","category-musica"],"post_mailing_queue_ids":[],"_links":{"self":[{"href":"https:\/\/agora.xtec.cat\/escola-lallantia\/wp-json\/wp\/v2\/posts\/1408","targetHints":{"allow":["GET"]}}],"collection":[{"href":"https:\/\/agora.xtec.cat\/escola-lallantia\/wp-json\/wp\/v2\/posts"}],"about":[{"href":"https:\/\/agora.xtec.cat\/escola-lallantia\/wp-json\/wp\/v2\/types\/post"}],"author":[{"embeddable":true,"href":"https:\/\/agora.xtec.cat\/escola-lallantia\/wp-json\/wp\/v2\/users\/33"}],"replies":[{"embeddable":true,"href":"https:\/\/agora.xtec.cat\/escola-lallantia\/wp-json\/wp\/v2\/comments?post=1408"}],"version-history":[{"count":4,"href":"https:\/\/agora.xtec.cat\/escola-lallantia\/wp-json\/wp\/v2\/posts\/1408\/revisions"}],"predecessor-version":[{"id":2132,"href":"https:\/\/agora.xtec.cat\/escola-lallantia\/wp-json\/wp\/v2\/posts\/1408\/revisions\/2132"}],"wp:attachment":[{"href":"https:\/\/agora.xtec.cat\/escola-lallantia\/wp-json\/wp\/v2\/media?parent=1408"}],"wp:term":[{"taxonomy":"category","embeddable":true,"href":"https:\/\/agora.xtec.cat\/escola-lallantia\/wp-json\/wp\/v2\/categories?post=1408"},{"taxonomy":"post_tag","embeddable":true,"href":"https:\/\/agora.xtec.cat\/escola-lallantia\/wp-json\/wp\/v2\/tags?post=1408"}],"curies":[{"name":"wp","href":"https:\/\/api.w.org\/{rel}","templated":true}]}}