{"id":118,"date":"2021-03-04T09:41:11","date_gmt":"2021-03-04T08:41:11","guid":{"rendered":"http:\/\/agora.xtec.cat\/escola-lallantia\/?p=118"},"modified":"2021-03-25T11:51:22","modified_gmt":"2021-03-25T10:51:22","slug":"noticia-5-2","status":"publish","type":"post","link":"https:\/\/agora.xtec.cat\/escola-lallantia\/cicle-mitja\/noticia-5-2\/","title":{"rendered":"Sortida a Can Gel"},"content":{"rendered":"<p><a href=\"https:\/\/drive.google.com\/drive\/folders\/1ODQv93Y7YMxb6miisbkus-0y-NiKKu3M?usp=sharing\"><img loading=\"lazy\" decoding=\"async\" class=\"aligncenter size-large wp-image-654\" src=\"https:\/\/agora.xtec.cat\/escola-lallantia\/wp-content\/uploads\/usu2434\/2021\/03\/20210303_122825-min-1024x498.jpg\" alt=\"\" width=\"1024\" height=\"498\" srcset=\"https:\/\/agora.xtec.cat\/escola-lallantia\/wp-content\/uploads\/usu2434\/2021\/03\/20210303_122825-min-1024x498.jpg 1024w, https:\/\/agora.xtec.cat\/escola-lallantia\/wp-content\/uploads\/usu2434\/2021\/03\/20210303_122825-min-300x146.jpg 300w, https:\/\/agora.xtec.cat\/escola-lallantia\/wp-content\/uploads\/usu2434\/2021\/03\/20210303_122825-min-768x373.jpg 768w\" sizes=\"auto, (max-width: 1024px) 100vw, 1024px\" \/><\/a><\/p>\n<p>Els alumnes de 4t, hem fet una sortida a Can Gel, un granja de vaques on hem pogut veure el proc\u00e9s per produir la llet: com cuiden a les vaques, com mengen, com les munyen&#8230;.aix\u00ed com tamb\u00e9 hem vist altres animals: porcs, cabres, oques, \u00e0necs, rucs, cavalls&#8230;<\/p>\n<p>Hem gaudit d\u2019 un dia a la natura, hem jugat, saltat incl\u00fas alguns s\u2019 han rebolcat al fang, ho hem passat d\u2019 all\u00f2 m\u00e9s b\u00e9.<\/p>\n<p><a href=\"https:\/\/www.can-gel.com\/\">https:\/\/www.can-gel.com\/<\/a><\/p>\n","protected":false},"excerpt":{"rendered":"<p>Els alumnes de 4t, hem fet una sortida a Can Gel, un granja de vaques on hem pogut veure el proc\u00e9s per produir la llet: com cuiden a les vaques, com mengen, com les munyen&#8230;.aix\u00ed com tamb\u00e9 hem vist altres animals: porcs, cabres, oques, \u00e0necs, rucs, cavalls&#8230; Hem gaudit d\u2019 un dia a la natura, [&hellip;]<\/p>\n","protected":false},"author":1,"featured_media":0,"comment_status":"open","ping_status":"closed","sticky":false,"template":"","format":"standard","meta":{"_bbp_topic_count":0,"_bbp_reply_count":0,"_bbp_total_topic_count":0,"_bbp_total_reply_count":0,"_bbp_voice_count":0,"_bbp_anonymous_reply_count":0,"_bbp_topic_count_hidden":0,"_bbp_reply_count_hidden":0,"_bbp_forum_subforum_count":0,"site-sidebar-layout":"default","site-content-layout":"","ast-site-content-layout":"","site-content-style":"default","site-sidebar-style":"default","ast-global-header-display":"","ast-banner-title-visibility":"","ast-main-header-display":"","ast-hfb-above-header-display":"","ast-hfb-below-header-display":"","ast-hfb-mobile-header-display":"","site-post-title":"","ast-breadcrumbs-content":"","ast-featured-img":"","footer-sml-layout":"","theme-transparent-header-meta":"","adv-header-id-meta":"","stick-header-meta":"","header-above-stick-meta":"","header-main-stick-meta":"","header-below-stick-meta":"","astra-migrate-meta-layouts":"default","ast-page-background-enabled":"default","ast-page-background-meta":{"desktop":{"background-color":"var(--ast-global-color-4)","background-image":"","background-repeat":"repeat","background-position":"center center","background-size":"auto","background-attachment":"scroll","background-type":"","background-media":"","overlay-type":"","overlay-color":"","overlay-opacity":"","overlay-gradient":""},"tablet":{"background-color":"","background-image":"","background-repeat":"repeat","background-position":"center center","background-size":"auto","background-attachment":"scroll","background-type":"","background-media":"","overlay-type":"","overlay-color":"","overlay-opacity":"","overlay-gradient":""},"mobile":{"background-color":"","background-image":"","background-repeat":"repeat","background-position":"center center","background-size":"auto","background-attachment":"scroll","background-type":"","background-media":"","overlay-type":"","overlay-color":"","overlay-opacity":"","overlay-gradient":""}},"ast-content-background-meta":{"desktop":{"background-color":"var(--ast-global-color-5)","background-image":"","background-repeat":"repeat","background-position":"center center","background-size":"auto","background-attachment":"scroll","background-type":"","background-media":"","overlay-type":"","overlay-color":"","overlay-opacity":"","overlay-gradient":""},"tablet":{"background-color":"var(--ast-global-color-5)","background-image":"","background-repeat":"repeat","background-position":"center center","background-size":"auto","background-attachment":"scroll","background-type":"","background-media":"","overlay-type":"","overlay-color":"","overlay-opacity":"","overlay-gradient":""},"mobile":{"background-color":"var(--ast-global-color-5)","background-image":"","background-repeat":"repeat","background-position":"center center","background-size":"auto","background-attachment":"scroll","background-type":"","background-media":"","overlay-type":"","overlay-color":"","overlay-opacity":"","overlay-gradient":""}},"footnotes":""},"categories":[3,4],"tags":[16],"class_list":["post-118","post","type-post","status-publish","format-standard","hentry","category-cicle-mitja","category-portada","tag-sortides"],"post_mailing_queue_ids":[],"_links":{"self":[{"href":"https:\/\/agora.xtec.cat\/escola-lallantia\/wp-json\/wp\/v2\/posts\/118","targetHints":{"allow":["GET"]}}],"collection":[{"href":"https:\/\/agora.xtec.cat\/escola-lallantia\/wp-json\/wp\/v2\/posts"}],"about":[{"href":"https:\/\/agora.xtec.cat\/escola-lallantia\/wp-json\/wp\/v2\/types\/post"}],"author":[{"embeddable":true,"href":"https:\/\/agora.xtec.cat\/escola-lallantia\/wp-json\/wp\/v2\/users\/1"}],"replies":[{"embeddable":true,"href":"https:\/\/agora.xtec.cat\/escola-lallantia\/wp-json\/wp\/v2\/comments?post=118"}],"version-history":[{"count":2,"href":"https:\/\/agora.xtec.cat\/escola-lallantia\/wp-json\/wp\/v2\/posts\/118\/revisions"}],"predecessor-version":[{"id":656,"href":"https:\/\/agora.xtec.cat\/escola-lallantia\/wp-json\/wp\/v2\/posts\/118\/revisions\/656"}],"wp:attachment":[{"href":"https:\/\/agora.xtec.cat\/escola-lallantia\/wp-json\/wp\/v2\/media?parent=118"}],"wp:term":[{"taxonomy":"category","embeddable":true,"href":"https:\/\/agora.xtec.cat\/escola-lallantia\/wp-json\/wp\/v2\/categories?post=118"},{"taxonomy":"post_tag","embeddable":true,"href":"https:\/\/agora.xtec.cat\/escola-lallantia\/wp-json\/wp\/v2\/tags?post=118"}],"curies":[{"name":"wp","href":"https:\/\/api.w.org\/{rel}","templated":true}]}}