{"id":1017,"date":"2021-12-23T22:29:28","date_gmt":"2021-12-23T21:29:28","guid":{"rendered":"https:\/\/agora.xtec.cat\/escola-lallantia\/?p=1017"},"modified":"2021-12-23T22:54:01","modified_gmt":"2021-12-23T21:54:01","slug":"nadal-a-lescola","status":"publish","type":"post","link":"https:\/\/agora.xtec.cat\/escola-lallantia\/portada\/nadal-a-lescola\/","title":{"rendered":"NADAL A L&#8217;ESCOLA"},"content":{"rendered":"<p style=\"text-align: left;\">Durant aquest mes de\u00a0 desembre hem estat cantant\u00a0 <strong><em>Nadales en angl\u00e8s<\/em><\/strong> al porxo de l&#8217;escola.<\/p>\n<p>I com cada any,\u00a0 l&#8217;\u00faltim dia del trimestre\u00a0 celebrem el <strong><em>FESTIVAL DE NADAL <\/em><\/strong>que hem preparat amb molta il.lusi\u00f3.\u00a0 Despr\u00e9s ens ha vingut el <strong><em>PARE NOEL<\/em><\/strong> a buscar les cartes on els\u00a0 nens i nenes han escrit tots els seus desitjos.<\/p>\n<p>Aqu\u00ed us posem els enlla\u00e7os per veure totes les actuacions dels nostres alumnes. Espero que us agradin, perqu\u00e8 ells i elles hi han posat moltes ganes i esfor\u00e7.<\/p>\n<p style=\"text-align: center;\"><a href=\"https:\/\/drive.google.com\/file\/d\/1VadISQp-SVqzqx7mdDLpPVn_jc30vf7x\/view?usp=sharing\" target=\"_blank\" rel=\"noopener\">Nadales en angl\u00e8s<\/a><\/p>\n<p style=\"text-align: center;\"><a href=\"https:\/\/drive.google.com\/file\/d\/17oenCZfF0IH1z7W0R4hi6cAhBIywh45-\/view?usp=sharing\" target=\"_blank\" rel=\"noopener\">Visita Pare Noel<\/a><\/p>\n<p style=\"text-align: center;\"><a href=\"https:\/\/drive.google.com\/file\/d\/1SKvb6WI0p96ji2bqxPobMLugyO1S7pSu\/view?usp=sharing\" target=\"_blank\" rel=\"noopener\">Festival de Nadal 2021<\/a><\/p>\n<p>Aprofitem per desitjar-vos:<\/p>\n<h2 style=\"text-align: center;\"><span style=\"color: #003300;\">BON NADAL I UN FELI\u00c7 2022<\/span><\/h2>\n","protected":false},"excerpt":{"rendered":"<p>Durant aquest mes de\u00a0 desembre hem estat cantant\u00a0 Nadales en angl\u00e8s al porxo de l&#8217;escola. I com cada any,\u00a0 l&#8217;\u00faltim dia del trimestre\u00a0 celebrem el FESTIVAL DE NADAL que hem preparat amb molta il.lusi\u00f3.\u00a0 Despr\u00e9s ens ha vingut el PARE NOEL a buscar les cartes on els\u00a0 nens i nenes han escrit tots els seus [&hellip;]<\/p>\n","protected":false},"author":1,"featured_media":0,"comment_status":"open","ping_status":"closed","sticky":false,"template":"","format":"standard","meta":{"_bbp_topic_count":0,"_bbp_reply_count":0,"_bbp_total_topic_count":0,"_bbp_total_reply_count":0,"_bbp_voice_count":0,"_bbp_anonymous_reply_count":0,"_bbp_topic_count_hidden":0,"_bbp_reply_count_hidden":0,"_bbp_forum_subforum_count":0,"site-sidebar-layout":"default","site-content-layout":"","ast-site-content-layout":"","site-content-style":"default","site-sidebar-style":"default","ast-global-header-display":"","ast-banner-title-visibility":"","ast-main-header-display":"","ast-hfb-above-header-display":"","ast-hfb-below-header-display":"","ast-hfb-mobile-header-display":"","site-post-title":"","ast-breadcrumbs-content":"","ast-featured-img":"","footer-sml-layout":"","theme-transparent-header-meta":"","adv-header-id-meta":"","stick-header-meta":"","header-above-stick-meta":"","header-main-stick-meta":"","header-below-stick-meta":"","astra-migrate-meta-layouts":"default","ast-page-background-enabled":"default","ast-page-background-meta":{"desktop":{"background-color":"var(--ast-global-color-4)","background-image":"","background-repeat":"repeat","background-position":"center center","background-size":"auto","background-attachment":"scroll","background-type":"","background-media":"","overlay-type":"","overlay-color":"","overlay-opacity":"","overlay-gradient":""},"tablet":{"background-color":"","background-image":"","background-repeat":"repeat","background-position":"center center","background-size":"auto","background-attachment":"scroll","background-type":"","background-media":"","overlay-type":"","overlay-color":"","overlay-opacity":"","overlay-gradient":""},"mobile":{"background-color":"","background-image":"","background-repeat":"repeat","background-position":"center center","background-size":"auto","background-attachment":"scroll","background-type":"","background-media":"","overlay-type":"","overlay-color":"","overlay-opacity":"","overlay-gradient":""}},"ast-content-background-meta":{"desktop":{"background-color":"var(--ast-global-color-5)","background-image":"","background-repeat":"repeat","background-position":"center center","background-size":"auto","background-attachment":"scroll","background-type":"","background-media":"","overlay-type":"","overlay-color":"","overlay-opacity":"","overlay-gradient":""},"tablet":{"background-color":"var(--ast-global-color-5)","background-image":"","background-repeat":"repeat","background-position":"center center","background-size":"auto","background-attachment":"scroll","background-type":"","background-media":"","overlay-type":"","overlay-color":"","overlay-opacity":"","overlay-gradient":""},"mobile":{"background-color":"var(--ast-global-color-5)","background-image":"","background-repeat":"repeat","background-position":"center center","background-size":"auto","background-attachment":"scroll","background-type":"","background-media":"","overlay-type":"","overlay-color":"","overlay-opacity":"","overlay-gradient":""}},"footnotes":""},"categories":[4],"tags":[],"class_list":["post-1017","post","type-post","status-publish","format-standard","hentry","category-portada"],"post_mailing_queue_ids":[],"_links":{"self":[{"href":"https:\/\/agora.xtec.cat\/escola-lallantia\/wp-json\/wp\/v2\/posts\/1017","targetHints":{"allow":["GET"]}}],"collection":[{"href":"https:\/\/agora.xtec.cat\/escola-lallantia\/wp-json\/wp\/v2\/posts"}],"about":[{"href":"https:\/\/agora.xtec.cat\/escola-lallantia\/wp-json\/wp\/v2\/types\/post"}],"author":[{"embeddable":true,"href":"https:\/\/agora.xtec.cat\/escola-lallantia\/wp-json\/wp\/v2\/users\/1"}],"replies":[{"embeddable":true,"href":"https:\/\/agora.xtec.cat\/escola-lallantia\/wp-json\/wp\/v2\/comments?post=1017"}],"version-history":[{"count":3,"href":"https:\/\/agora.xtec.cat\/escola-lallantia\/wp-json\/wp\/v2\/posts\/1017\/revisions"}],"predecessor-version":[{"id":1022,"href":"https:\/\/agora.xtec.cat\/escola-lallantia\/wp-json\/wp\/v2\/posts\/1017\/revisions\/1022"}],"wp:attachment":[{"href":"https:\/\/agora.xtec.cat\/escola-lallantia\/wp-json\/wp\/v2\/media?parent=1017"}],"wp:term":[{"taxonomy":"category","embeddable":true,"href":"https:\/\/agora.xtec.cat\/escola-lallantia\/wp-json\/wp\/v2\/categories?post=1017"},{"taxonomy":"post_tag","embeddable":true,"href":"https:\/\/agora.xtec.cat\/escola-lallantia\/wp-json\/wp\/v2\/tags?post=1017"}],"curies":[{"name":"wp","href":"https:\/\/api.w.org\/{rel}","templated":true}]}}