{"id":8603,"date":"2026-03-27T09:00:19","date_gmt":"2026-03-27T08:00:19","guid":{"rendered":"https:\/\/agora.xtec.cat\/escola-josep-orriols-i-roca\/?p=8603"},"modified":"2026-04-07T13:38:49","modified_gmt":"2026-04-07T11:38:49","slug":"treballem-els-ocells-a-2n","status":"publish","type":"post","link":"https:\/\/agora.xtec.cat\/escola-josep-orriols-i-roca\/blogs\/2n\/treballem-els-ocells-a-2n\/","title":{"rendered":"Treballem els ocells a 2n"},"content":{"rendered":"<p data-start=\"58\" data-end=\"219\">Els infants de 2n han estat treballant el tema dels ocells a l\u2019aula. Al llarg d\u2019aquestes setmanes, han descobert moltes coses interessants sobre aquests animals.<\/p>\n<p data-start=\"221\" data-end=\"532\">Hem apr\u00e8s quines s\u00f3n les seves caracter\u00edstiques principals, com ara que tenen plomes, bec i ales, i que la majoria poden volar. Tamb\u00e9 hem investigat la seva alimentaci\u00f3 i hem vist que pot variar molt segons la forma del bec.<\/p>\n<p data-start=\"534\" data-end=\"690\">Hem\u00a0 vist que hi ha ocells sedentaris i migratoris. Alguns ocells fan llargs viatges per buscar climes m\u00e9s temperats, m\u00e9s aliment, reproduir-se i criar.<\/p>\n<p data-start=\"692\" data-end=\"826\">Ha estat un treball molt interessant que ens ha ajudat a con\u00e8ixer millor el m\u00f3n dels ocells i a despertar la curiositat per la natura.<\/p>\n<p data-start=\"692\" data-end=\"826\"><em>Sabries dir quin \u00e9s l&#8217;ocell m\u00e9s avistat al Moian\u00e8s aquest hivern?<\/em><\/p>\n<p data-start=\"692\" data-end=\"826\">Podeu veure les fotos amb el correu del vostre fill\/a.<\/p>\n<p>&nbsp;<\/p>\n<p><a href=\"https:\/\/drive.google.com\/drive\/folders\/1tcqbsYFOG_TWgdI2C6wgUouezGXVqiFn?usp=drive_link\">nius<\/a><\/p>\n<p><a href=\"https:\/\/drive.google.com\/drive\/folders\/1bXA4eb4tQdjT9QdsUsMCf8kTWxnnGnYS?usp=drive_link\">niu\u00a0<\/a><\/p>\n<p><a href=\"https:\/\/drive.google.com\/drive\/folders\/1G-e1mXtcp-YBMP1TplIpqT3F96Io9_bR?usp=drive_link\">becs<\/a><\/p>\n","protected":false},"excerpt":{"rendered":"<p>Els infants de 2n han estat treballant el tema dels ocells a l\u2019aula. Al llarg d\u2019aquestes setmanes, han descobert moltes coses interessants sobre aquests animals.<br \/>\nHem apr\u00e8s quines s\u00f3n les seves caracter\u00edstiques principals, com ara que tenen plomes, bec i ales, i que la majoria poden&hellip;  <a href=\"https:\/\/agora.xtec.cat\/escola-josep-orriols-i-roca\/blogs\/2n\/treballem-els-ocells-a-2n\/\" title=\"Read Treballem els ocells a 2n\">Llegeix m\u00e9s\u00bb<\/a><\/p>\n","protected":false},"author":16,"featured_media":0,"comment_status":"open","ping_status":"open","sticky":false,"template":"","format":"standard","meta":{"_bbp_topic_count":0,"_bbp_reply_count":0,"_bbp_total_topic_count":0,"_bbp_total_reply_count":0,"_bbp_voice_count":0,"_bbp_anonymous_reply_count":0,"_bbp_topic_count_hidden":0,"_bbp_reply_count_hidden":0,"_bbp_forum_subforum_count":0,"footnotes":""},"categories":[11],"tags":[],"class_list":["post-8603","post","type-post","status-publish","format-standard","hentry","category-2n"],"post_mailing_queue_ids":[],"_links":{"self":[{"href":"https:\/\/agora.xtec.cat\/escola-josep-orriols-i-roca\/wp-json\/wp\/v2\/posts\/8603","targetHints":{"allow":["GET"]}}],"collection":[{"href":"https:\/\/agora.xtec.cat\/escola-josep-orriols-i-roca\/wp-json\/wp\/v2\/posts"}],"about":[{"href":"https:\/\/agora.xtec.cat\/escola-josep-orriols-i-roca\/wp-json\/wp\/v2\/types\/post"}],"author":[{"embeddable":true,"href":"https:\/\/agora.xtec.cat\/escola-josep-orriols-i-roca\/wp-json\/wp\/v2\/users\/16"}],"replies":[{"embeddable":true,"href":"https:\/\/agora.xtec.cat\/escola-josep-orriols-i-roca\/wp-json\/wp\/v2\/comments?post=8603"}],"version-history":[{"count":2,"href":"https:\/\/agora.xtec.cat\/escola-josep-orriols-i-roca\/wp-json\/wp\/v2\/posts\/8603\/revisions"}],"predecessor-version":[{"id":8608,"href":"https:\/\/agora.xtec.cat\/escola-josep-orriols-i-roca\/wp-json\/wp\/v2\/posts\/8603\/revisions\/8608"}],"wp:attachment":[{"href":"https:\/\/agora.xtec.cat\/escola-josep-orriols-i-roca\/wp-json\/wp\/v2\/media?parent=8603"}],"wp:term":[{"taxonomy":"category","embeddable":true,"href":"https:\/\/agora.xtec.cat\/escola-josep-orriols-i-roca\/wp-json\/wp\/v2\/categories?post=8603"},{"taxonomy":"post_tag","embeddable":true,"href":"https:\/\/agora.xtec.cat\/escola-josep-orriols-i-roca\/wp-json\/wp\/v2\/tags?post=8603"}],"curies":[{"name":"wp","href":"https:\/\/api.w.org\/{rel}","templated":true}]}}