{"id":101,"count":0,"description":"<strong>ACOLLIDA CURS 25\/26<\/strong>\r\n\r\nL\u2019<strong>AFA<\/strong>\u00a0de l\u2019escola JOR, en col\u00b7laboraci\u00f3 amb\u00a0<strong>Arrelats Salut i Lleure<\/strong>, ofereix el servei d\u2019acollida matinal i de tarda per a totes les fam\u00edlies que necessitin aquest espai abans i despr\u00e9s de l\u2019horari lectiu.\r\n\r\nEls preus mostren una reducci\u00f3 si la fam\u00edlia de l'infant \u00e9s s\u00f2cia de l'AFA del curs actual.\r\n\r\nL\u2019acollida \u00e9s un\u00a0<strong>espai educatiu, acollidor i proper<\/strong>, on els infants poden comen\u00e7ar i acabar el dia en un ambient tranquil, amb activitats adaptades a les seves necessitats.\r\n\r\n\ud83d\udd56 Mat\u00ed:\r\n\r\n<strong>7:30 \u2013 9:00<\/strong>\u00a0\u2192 Soci:\u00a0<strong>35\u20ac\/mes<\/strong>\u00a0| No soci:\u00a0<strong>40\u20ac\/mes<\/strong>\r\n\r\n<strong>8:00 \u2013 9:00<\/strong>\u00a0\u2192 Soci:\u00a0<strong>30\u20ac\/mes<\/strong>\u00a0| No soci:\u00a0<strong>35\u20ac\/mes<\/strong>\r\n\r\n<strong>8:30 \u2013 9:00<\/strong>\u00a0\u2192 Soci:\u00a0<strong>20\u20ac\/mes<\/strong>\u00a0| No soci:\u00a0<strong>25\u20ac\/mes<\/strong>\r\n\r\n<strong>Espor\u00e0dic<\/strong>\u00a0\u2192 Soci:\u00a0<strong>5\u20ac\/dia<\/strong>\u00a0| No soci:\u00a0<strong>7\u20ac\/dia<\/strong>\r\n\r\n\ud83c\udf06 Tarda (16:30 \u2013 17:30). Si no hi ha un m\u00ednim d'inscrits no es podr\u00e0 realitzar.\r\n\r\nSoci:\u00a0<strong>30\u20ac\/mes<\/strong>\u00a0| No soci:\u00a0<strong>35\u20ac\/mes<\/strong>\r\n\r\nEspor\u00e0dic:\u00a0<strong>5\u20ac\/dia<\/strong>\u00a0(soci) |\u00a0<strong>7\u20ac\/dia<\/strong>\u00a0(no soci)\r\n\r\n\ud83c\udf81 Packs especials (a partir de gener 2026, m\u00ednim 9 infants)\r\n\r\n<strong>1h mat\u00ed + 1h tarda<\/strong>\u00a0\u2192 Soci:\u00a0<strong>57\u20ac\/mes<\/strong>\u00a0| No soci:\u00a0<strong>67\u20ac\/mes<\/strong>\r\n\r\n<strong>1h30 mat\u00ed + 1h tarda<\/strong>\u00a0\u2192 Soci:\u00a0<strong>63\u20ac\/mes<\/strong>\u00a0| No soci:\u00a0<strong>73\u20ac\/mes<\/strong>\r\n\r\n<strong>30min mat\u00ed + 1h tarda<\/strong>\u00a0\u2192 Soci:\u00a0<strong>48\u20ac\/mes<\/strong>\u00a0| No soci:\u00a0<strong>58\u20ac\/mes<\/strong>\r\n\r\nEn cas que hi hagi m\u00e9s d\u2019un infant inscrit al servei d\u2019acollida, trobareu un\u00a0<strong>apartat addicional per afegir les dades dels germans\/es<\/strong>.\u00a0Si no \u00e9s el cas, podeu passar-lo per alt i continuar amb la inscripci\u00f3.<strong>\r\n<\/strong>\r\n\r\nUs informem que a l'omplir aquest formulari, ens doneu acc\u00e9s a les vostres dades i ens doneu perm\u00eds per al seu tractament d'\u00fas exclusiu dels serveis que aqu\u00ed oferim.\r\n\r\nArrelats Salut i Lleure\r\n\r\nbenarrelats@gmail.com\r\n\r\nPodeu fer la inscripci\u00f3 a trav\u00e9s del seg\u00fcent formulari:\r\n<img class=\"an1 CToWUd\" draggable=\"false\" src=\"https:\/\/fonts.gstatic.com\/s\/e\/notoemoji\/16.0\/1f517\/72.png\" alt=\"\ud83d\udd17\" data-emoji=\"\ud83d\udd17\" aria-label=\"\ud83d\udd17\" data-bit=\"iit\" \/>\u00a0<a href=\"https:\/\/forms.gle\/NCNbpZE26wtKqNRb9\" target=\"_blank\" rel=\"noopener\" data-saferedirecturl=\"https:\/\/www.google.com\/url?q=https:\/\/forms.gle\/NCNbpZE26wtKqNRb9&amp;source=gmail&amp;ust=1758280922332000&amp;usg=AOvVaw3cEV9nV1SArcFTIQzDTxOo\">https:\/\/forms.gle\/<wbr \/>NCNbpZE26wtKqNRb9<\/a>","link":"https:\/\/agora.xtec.cat\/escola-josep-orriols-i-roca\/categoria\/serveis\/acollida\/","name":"Acollida","slug":"acollida","taxonomy":"category","parent":81,"meta":[],"_links":{"self":[{"href":"https:\/\/agora.xtec.cat\/escola-josep-orriols-i-roca\/wp-json\/wp\/v2\/categories\/101","targetHints":{"allow":["GET"]}}],"collection":[{"href":"https:\/\/agora.xtec.cat\/escola-josep-orriols-i-roca\/wp-json\/wp\/v2\/categories"}],"about":[{"href":"https:\/\/agora.xtec.cat\/escola-josep-orriols-i-roca\/wp-json\/wp\/v2\/taxonomies\/category"}],"up":[{"embeddable":true,"href":"https:\/\/agora.xtec.cat\/escola-josep-orriols-i-roca\/wp-json\/wp\/v2\/categories\/81"}],"wp:post_type":[{"href":"https:\/\/agora.xtec.cat\/escola-josep-orriols-i-roca\/wp-json\/wp\/v2\/posts?categories=101"}],"curies":[{"name":"wp","href":"https:\/\/api.w.org\/{rel}","templated":true}]}}