{"id":8551,"date":"2026-02-25T20:06:55","date_gmt":"2026-02-25T19:06:55","guid":{"rendered":"https:\/\/agora.xtec.cat\/escola-gassoividal\/?p=8551"},"modified":"2026-02-25T20:06:56","modified_gmt":"2026-02-25T19:06:56","slug":"la-llibreta-descriure-a-i4","status":"publish","type":"post","link":"https:\/\/agora.xtec.cat\/escola-gassoividal\/general\/la-llibreta-descriure-a-i4\/","title":{"rendered":"La llibreta d&#8217;escriure a I4"},"content":{"rendered":"\n<figure class=\"wp-block-image size-full\"><a href=\"https:\/\/photos.app.goo.gl\/2NuJfnGNAS83jWFw8\"><img loading=\"lazy\" decoding=\"async\" width=\"640\" height=\"480\" src=\"https:\/\/agora.xtec.cat\/escola-gassoividal\/wp-content\/uploads\/usu2061\/2026\/02\/IMG_1361.jpg\" alt=\"\" class=\"wp-image-8656\" srcset=\"https:\/\/agora.xtec.cat\/escola-gassoividal\/wp-content\/uploads\/usu2061\/2026\/02\/IMG_1361.jpg 640w, https:\/\/agora.xtec.cat\/escola-gassoividal\/wp-content\/uploads\/usu2061\/2026\/02\/IMG_1361-300x225.jpg 300w\" sizes=\"auto, (max-width: 640px) 100vw, 640px\" \/><\/a><\/figure>\n\n\n\n<p>Aquest trimestre hem estrenat amb il\u00b7lusi\u00f3 la nostra <strong>\u201cllibreta d\u2019escriure\u201d<\/strong>, un nou espai personal on, de manera regular, fem dibuixos i ens iniciem en l\u2019escriptura gr\u00e0fica. Ara que ja reconeixem molts sons i les seves lletres, comencem a fer el pas d\u2019escoltar i identificar a representar-los sobre el paper.  Aqu\u00ed cadasc\u00fa al seu ritme, i amb m\u00e9s o menys ajuda va iniciant-se en l\u2019escriptura d\u2019all\u00f2 que ha dibuixat. El dibuix i l\u2019escriptura es complementen i ens ajuden a expressar&nbsp; i compartir viv\u00e8ncies, i descobriments.<\/p>\n\n\n\n<p>Per\u00f2&nbsp; l\u2019escriptura no s\u2019apr\u00e8n ni es practica \u00fanicament dibuixant lletres. Per aix\u00f2, fem servir molt material manipulatiu que ens ajuda a \u201cconstruir\u201d paraules i a treballar els sons de manera vivencial i significativa. Utilitzem lletres imantades, lletres de fusta, tampons per imprimir i altres recursos que ens permeten tocar, moure, combinar i experimentar amb les grafies. Amb propostes variades, els infants consoliden la consci\u00e8ncia fonol\u00f2gica, amplien el vocabulari i guanyen seguretat en el proc\u00e9s d\u2019iniciaci\u00f3 a la lectoescriptura, sempre des del joc, la descoberta i respectant el ritme de cadasc\u00fa.<\/p>\n\n\n\n<p><\/p>\n","protected":false},"excerpt":{"rendered":"<p>Aquest trimestre hem estrenat amb il\u00b7lusi\u00f3 la nostra \u201cllibreta d\u2019escriure\u201d, un nou espai personal on, de manera regular, fem dibuixos [&hellip;]<\/p>\n","protected":false},"author":11,"featured_media":8656,"comment_status":"open","ping_status":"open","sticky":false,"template":"","format":"standard","meta":{"_bbp_topic_count":0,"_bbp_reply_count":0,"_bbp_total_topic_count":0,"_bbp_total_reply_count":0,"_bbp_voice_count":0,"_bbp_anonymous_reply_count":0,"_bbp_topic_count_hidden":0,"_bbp_reply_count_hidden":0,"_bbp_forum_subforum_count":0,"site-sidebar-layout":"default","site-content-layout":"","ast-site-content-layout":"default","site-content-style":"default","site-sidebar-style":"default","ast-global-header-display":"","ast-banner-title-visibility":"","ast-main-header-display":"","ast-hfb-above-header-display":"","ast-hfb-below-header-display":"","ast-hfb-mobile-header-display":"","site-post-title":"","ast-breadcrumbs-content":"","ast-featured-img":"","footer-sml-layout":"","theme-transparent-header-meta":"","adv-header-id-meta":"","stick-header-meta":"","header-above-stick-meta":"","header-main-stick-meta":"","header-below-stick-meta":"","astra-migrate-meta-layouts":"set","ast-page-background-enabled":"default","ast-page-background-meta":{"desktop":{"background-color":"var(--ast-global-color-4)","background-image":"","background-repeat":"repeat","background-position":"center center","background-size":"auto","background-attachment":"scroll","background-type":"","background-media":"","overlay-type":"","overlay-color":"","overlay-opacity":"","overlay-gradient":""},"tablet":{"background-color":"","background-image":"","background-repeat":"repeat","background-position":"center center","background-size":"auto","background-attachment":"scroll","background-type":"","background-media":"","overlay-type":"","overlay-color":"","overlay-opacity":"","overlay-gradient":""},"mobile":{"background-color":"","background-image":"","background-repeat":"repeat","background-position":"center center","background-size":"auto","background-attachment":"scroll","background-type":"","background-media":"","overlay-type":"","overlay-color":"","overlay-opacity":"","overlay-gradient":""}},"ast-content-background-meta":{"desktop":{"background-color":"var(--ast-global-color-5)","background-image":"","background-repeat":"repeat","background-position":"center center","background-size":"auto","background-attachment":"scroll","background-type":"","background-media":"","overlay-type":"","overlay-color":"","overlay-opacity":"","overlay-gradient":""},"tablet":{"background-color":"var(--ast-global-color-5)","background-image":"","background-repeat":"repeat","background-position":"center center","background-size":"auto","background-attachment":"scroll","background-type":"","background-media":"","overlay-type":"","overlay-color":"","overlay-opacity":"","overlay-gradient":""},"mobile":{"background-color":"var(--ast-global-color-5)","background-image":"","background-repeat":"repeat","background-position":"center center","background-size":"auto","background-attachment":"scroll","background-type":"","background-media":"","overlay-type":"","overlay-color":"","overlay-opacity":"","overlay-gradient":""}},"footnotes":""},"categories":[1,73,2,4],"tags":[],"class_list":["post-8551","post","type-post","status-publish","format-standard","has-post-thumbnail","hentry","category-general","category-i4","category-infantil","category-portada"],"post_mailing_queue_ids":[],"_links":{"self":[{"href":"https:\/\/agora.xtec.cat\/escola-gassoividal\/wp-json\/wp\/v2\/posts\/8551","targetHints":{"allow":["GET"]}}],"collection":[{"href":"https:\/\/agora.xtec.cat\/escola-gassoividal\/wp-json\/wp\/v2\/posts"}],"about":[{"href":"https:\/\/agora.xtec.cat\/escola-gassoividal\/wp-json\/wp\/v2\/types\/post"}],"author":[{"embeddable":true,"href":"https:\/\/agora.xtec.cat\/escola-gassoividal\/wp-json\/wp\/v2\/users\/11"}],"replies":[{"embeddable":true,"href":"https:\/\/agora.xtec.cat\/escola-gassoividal\/wp-json\/wp\/v2\/comments?post=8551"}],"version-history":[{"count":5,"href":"https:\/\/agora.xtec.cat\/escola-gassoividal\/wp-json\/wp\/v2\/posts\/8551\/revisions"}],"predecessor-version":[{"id":8658,"href":"https:\/\/agora.xtec.cat\/escola-gassoividal\/wp-json\/wp\/v2\/posts\/8551\/revisions\/8658"}],"wp:featuredmedia":[{"embeddable":true,"href":"https:\/\/agora.xtec.cat\/escola-gassoividal\/wp-json\/wp\/v2\/media\/8656"}],"wp:attachment":[{"href":"https:\/\/agora.xtec.cat\/escola-gassoividal\/wp-json\/wp\/v2\/media?parent=8551"}],"wp:term":[{"taxonomy":"category","embeddable":true,"href":"https:\/\/agora.xtec.cat\/escola-gassoividal\/wp-json\/wp\/v2\/categories?post=8551"},{"taxonomy":"post_tag","embeddable":true,"href":"https:\/\/agora.xtec.cat\/escola-gassoividal\/wp-json\/wp\/v2\/tags?post=8551"}],"curies":[{"name":"wp","href":"https:\/\/api.w.org\/{rel}","templated":true}]}}