{"id":6121,"date":"2024-03-08T13:13:31","date_gmt":"2024-03-08T12:13:31","guid":{"rendered":"https:\/\/agora.xtec.cat\/escola-gassoividal\/?p=6121"},"modified":"2024-03-08T13:15:20","modified_gmt":"2024-03-08T12:15:20","slug":"llengues-maternes-de-ripollet-5e","status":"publish","type":"post","link":"https:\/\/agora.xtec.cat\/escola-gassoividal\/general\/llengues-maternes-de-ripollet-5e\/","title":{"rendered":"Lleng\u00fces maternes de Ripollet-5\u00e9"},"content":{"rendered":"<p>El passat dia 21 de febrer es va commemora el Dia Internacional de la Llengua Materna (DILM) amb la finalitat de promoure i protegir el pluriling\u00fcisme i la diversitat cultural. Aprofitant aquesta celebraci\u00f3, aquest any s&#8217;ha treballat aquest dia al voltant de la m\u00fasica i les can\u00e7ons, i la classe dels gal\u00e0ctics (5\u00e9), juntament amb la classe dels pa\u00efsos del m\u00f3n (6\u00e9),va poder participar aportant dues can\u00e7ons en lleng\u00fces maternes de companys i companyes de diferents or\u00edgens. Concretament, van aprendre i cantar una can\u00e7\u00f3 en xin\u00e9s i\u00a0 un altre en roman\u00e8s. El resultat d&#8217;aquest treball es pot veure al Centre Cultural, del 21 de febrer al 16 de mar\u00e7, a\u00a0 <strong>l&#8217;exposici\u00f3 anomenada &#8220;Lleng\u00fces maternes de Ripollet. Un petit recull de les escoles diverses&#8221;<\/strong>.<\/p>\n<p>Amb l&#8217;objectiu de despertar la sensibilitat ling\u00fc\u00edstica i fomentar el respecte per totes les lleng\u00fces, el passat dijous vam poder gaudir de l&#8217;exposici\u00f3 i\u00a0 escoltar les can\u00e7ons presentades per la resta d&#8217;escoles que van participar en aquesta bonica iniciativa. Tanmateix, vam aprendre curiositats i representacions de la riquesa cultural i ling\u00fc\u00edstica del municipi.<\/p>\n<p>Feu clic sobre la imatge\u00a0 per veure com hem gaudit de l&#8217;exposici\u00f3.<\/p>\n<p>Us animem a passar per l&#8217;exposici\u00f3 i a escoltar les diferents propostes! Us encantaran!!!<\/p>\n<p>&nbsp;<\/p>\n<p><a href=\"https:\/\/photos.app.goo.gl\/rjgjqJMLTcCP9qH8A\"><img decoding=\"async\" src=\"https:\/\/www.ripollet.cat\/actualitat\/noticies\/el-dia-de-la-llengua-materna-una-oportunitat-per-celebrar-les-escoles-diverses-de-ripollet\/@@images\/image\/tablet\" \/><\/a><\/p>\n<p>&nbsp;<\/p>\n","protected":false},"excerpt":{"rendered":"<p>El passat dia 21 de febrer es va commemora el Dia Internacional de la Llengua Materna (DILM) amb la finalitat [&hellip;]<\/p>\n","protected":false},"author":1,"featured_media":0,"comment_status":"open","ping_status":"closed","sticky":false,"template":"","format":"standard","meta":{"_bbp_topic_count":0,"_bbp_reply_count":0,"_bbp_total_topic_count":0,"_bbp_total_reply_count":0,"_bbp_voice_count":0,"_bbp_anonymous_reply_count":0,"_bbp_topic_count_hidden":0,"_bbp_reply_count_hidden":0,"_bbp_forum_subforum_count":0,"site-sidebar-layout":"default","site-content-layout":"","ast-site-content-layout":"","site-content-style":"default","site-sidebar-style":"default","ast-global-header-display":"","ast-banner-title-visibility":"","ast-main-header-display":"","ast-hfb-above-header-display":"","ast-hfb-below-header-display":"","ast-hfb-mobile-header-display":"","site-post-title":"","ast-breadcrumbs-content":"","ast-featured-img":"","footer-sml-layout":"","theme-transparent-header-meta":"","adv-header-id-meta":"","stick-header-meta":"","header-above-stick-meta":"","header-main-stick-meta":"","header-below-stick-meta":"","astra-migrate-meta-layouts":"default","ast-page-background-enabled":"default","ast-page-background-meta":{"desktop":{"background-color":"var(--ast-global-color-4)","background-image":"","background-repeat":"repeat","background-position":"center center","background-size":"auto","background-attachment":"scroll","background-type":"","background-media":"","overlay-type":"","overlay-color":"","overlay-opacity":"","overlay-gradient":""},"tablet":{"background-color":"","background-image":"","background-repeat":"repeat","background-position":"center center","background-size":"auto","background-attachment":"scroll","background-type":"","background-media":"","overlay-type":"","overlay-color":"","overlay-opacity":"","overlay-gradient":""},"mobile":{"background-color":"","background-image":"","background-repeat":"repeat","background-position":"center center","background-size":"auto","background-attachment":"scroll","background-type":"","background-media":"","overlay-type":"","overlay-color":"","overlay-opacity":"","overlay-gradient":""}},"ast-content-background-meta":{"desktop":{"background-color":"var(--ast-global-color-5)","background-image":"","background-repeat":"repeat","background-position":"center center","background-size":"auto","background-attachment":"scroll","background-type":"","background-media":"","overlay-type":"","overlay-color":"","overlay-opacity":"","overlay-gradient":""},"tablet":{"background-color":"var(--ast-global-color-5)","background-image":"","background-repeat":"repeat","background-position":"center center","background-size":"auto","background-attachment":"scroll","background-type":"","background-media":"","overlay-type":"","overlay-color":"","overlay-opacity":"","overlay-gradient":""},"mobile":{"background-color":"var(--ast-global-color-5)","background-image":"","background-repeat":"repeat","background-position":"center center","background-size":"auto","background-attachment":"scroll","background-type":"","background-media":"","overlay-type":"","overlay-color":"","overlay-opacity":"","overlay-gradient":""}},"footnotes":""},"categories":[66,1,4],"tags":[],"class_list":["post-6121","post","type-post","status-publish","format-standard","hentry","category-5e","category-general","category-portada"],"post_mailing_queue_ids":[],"_links":{"self":[{"href":"https:\/\/agora.xtec.cat\/escola-gassoividal\/wp-json\/wp\/v2\/posts\/6121","targetHints":{"allow":["GET"]}}],"collection":[{"href":"https:\/\/agora.xtec.cat\/escola-gassoividal\/wp-json\/wp\/v2\/posts"}],"about":[{"href":"https:\/\/agora.xtec.cat\/escola-gassoividal\/wp-json\/wp\/v2\/types\/post"}],"author":[{"embeddable":true,"href":"https:\/\/agora.xtec.cat\/escola-gassoividal\/wp-json\/wp\/v2\/users\/1"}],"replies":[{"embeddable":true,"href":"https:\/\/agora.xtec.cat\/escola-gassoividal\/wp-json\/wp\/v2\/comments?post=6121"}],"version-history":[{"count":2,"href":"https:\/\/agora.xtec.cat\/escola-gassoividal\/wp-json\/wp\/v2\/posts\/6121\/revisions"}],"predecessor-version":[{"id":6123,"href":"https:\/\/agora.xtec.cat\/escola-gassoividal\/wp-json\/wp\/v2\/posts\/6121\/revisions\/6123"}],"wp:attachment":[{"href":"https:\/\/agora.xtec.cat\/escola-gassoividal\/wp-json\/wp\/v2\/media?parent=6121"}],"wp:term":[{"taxonomy":"category","embeddable":true,"href":"https:\/\/agora.xtec.cat\/escola-gassoividal\/wp-json\/wp\/v2\/categories?post=6121"},{"taxonomy":"post_tag","embeddable":true,"href":"https:\/\/agora.xtec.cat\/escola-gassoividal\/wp-json\/wp\/v2\/tags?post=6121"}],"curies":[{"name":"wp","href":"https:\/\/api.w.org\/{rel}","templated":true}]}}