{"id":4970,"date":"2023-04-17T14:12:52","date_gmt":"2023-04-17T12:12:52","guid":{"rendered":"https:\/\/agora.xtec.cat\/escola-gassoividal\/?p=4970"},"modified":"2023-04-17T14:12:52","modified_gmt":"2023-04-17T12:12:52","slug":"i3-passem-el-dia-a-la-granja","status":"publish","type":"post","link":"https:\/\/agora.xtec.cat\/escola-gassoividal\/general\/i3-passem-el-dia-a-la-granja\/","title":{"rendered":"I3 passem el dia a la granja!"},"content":{"rendered":"<p>El divendres 14 d&#8217;abril vam gaudir d&#8217;un dia genial a la granja de Palaud\u00e0ries.<\/p>\n<p>Ens van ensenyar tots els animals que tenen, fins i tot, vam poder tocar les ovelles, els vedells, els porquets i els conills. Vam donar de menjar pa a les cabres i vam veure com neixia un pollet de l&#8217;ou!! Ei vam entrar al galliner on hi havia moltes gallines, galls, galls d&#8217;indi,.. i, ja per acabar, vam pujar damunt d&#8217;un poni per fer una volta. Que divertit!!<\/p>\n<p>Despr\u00e9s de tanta activitat, ja ten\u00edem molta gana, aix\u00ed que tots a dinar!! Quina bona estona hem passat dinant tots plegats!<\/p>\n<p>I&#8230; Encara quedava una coseta per fer&#8230; Pujar en un carro portat per un tractor!! Ualaaaaa! Quin passeig hem fet, hem donat una volta pels prats verds que envolten la granja.<\/p>\n<p>A la granja, tamb\u00e9 tenen una zona de jocs on hem acabat de passar un dia ple d&#8217;experi\u00e8ncies i emocions!!<\/p>\n<p><a href=\"https:\/\/photos.app.goo.gl\/EJUoo7VsCnGbQRRE8\"><img loading=\"lazy\" decoding=\"async\" class=\"wp-image-4987 aligncenter\" src=\"https:\/\/agora.xtec.cat\/escola-gassoividal\/wp-content\/uploads\/usu2061\/2023\/04\/IMG-20230414-WA0011_1006x754.jpg\" alt=\"\" width=\"540\" height=\"404\" srcset=\"https:\/\/agora.xtec.cat\/escola-gassoividal\/wp-content\/uploads\/usu2061\/2023\/04\/IMG-20230414-WA0011_1006x754.jpg 1006w, https:\/\/agora.xtec.cat\/escola-gassoividal\/wp-content\/uploads\/usu2061\/2023\/04\/IMG-20230414-WA0011_1006x754-300x225.jpg 300w, https:\/\/agora.xtec.cat\/escola-gassoividal\/wp-content\/uploads\/usu2061\/2023\/04\/IMG-20230414-WA0011_1006x754-768x576.jpg 768w, https:\/\/agora.xtec.cat\/escola-gassoividal\/wp-content\/uploads\/usu2061\/2023\/04\/IMG-20230414-WA0011_1006x754-200x150.jpg 200w\" sizes=\"auto, (max-width: 540px) 100vw, 540px\" \/><\/a><\/p>\n<p>&nbsp;<\/p>\n<p>&nbsp;<\/p>\n","protected":false},"excerpt":{"rendered":"<p>El divendres 14 d&#8217;abril vam gaudir d&#8217;un dia genial a la granja de Palaud\u00e0ries. Ens van ensenyar tots els animals [&hellip;]<\/p>\n","protected":false},"author":40,"featured_media":0,"comment_status":"open","ping_status":"closed","sticky":false,"template":"","format":"standard","meta":{"_bbp_topic_count":0,"_bbp_reply_count":0,"_bbp_total_topic_count":0,"_bbp_total_reply_count":0,"_bbp_voice_count":0,"_bbp_anonymous_reply_count":0,"_bbp_topic_count_hidden":0,"_bbp_reply_count_hidden":0,"_bbp_forum_subforum_count":0,"site-sidebar-layout":"default","site-content-layout":"","ast-site-content-layout":"","site-content-style":"default","site-sidebar-style":"default","ast-global-header-display":"","ast-banner-title-visibility":"","ast-main-header-display":"","ast-hfb-above-header-display":"","ast-hfb-below-header-display":"","ast-hfb-mobile-header-display":"","site-post-title":"","ast-breadcrumbs-content":"","ast-featured-img":"","footer-sml-layout":"","theme-transparent-header-meta":"","adv-header-id-meta":"","stick-header-meta":"","header-above-stick-meta":"","header-main-stick-meta":"","header-below-stick-meta":"","astra-migrate-meta-layouts":"default","ast-page-background-enabled":"default","ast-page-background-meta":{"desktop":{"background-color":"var(--ast-global-color-4)","background-image":"","background-repeat":"repeat","background-position":"center center","background-size":"auto","background-attachment":"scroll","background-type":"","background-media":"","overlay-type":"","overlay-color":"","overlay-opacity":"","overlay-gradient":""},"tablet":{"background-color":"","background-image":"","background-repeat":"repeat","background-position":"center center","background-size":"auto","background-attachment":"scroll","background-type":"","background-media":"","overlay-type":"","overlay-color":"","overlay-opacity":"","overlay-gradient":""},"mobile":{"background-color":"","background-image":"","background-repeat":"repeat","background-position":"center center","background-size":"auto","background-attachment":"scroll","background-type":"","background-media":"","overlay-type":"","overlay-color":"","overlay-opacity":"","overlay-gradient":""}},"ast-content-background-meta":{"desktop":{"background-color":"var(--ast-global-color-5)","background-image":"","background-repeat":"repeat","background-position":"center center","background-size":"auto","background-attachment":"scroll","background-type":"","background-media":"","overlay-type":"","overlay-color":"","overlay-opacity":"","overlay-gradient":""},"tablet":{"background-color":"var(--ast-global-color-5)","background-image":"","background-repeat":"repeat","background-position":"center center","background-size":"auto","background-attachment":"scroll","background-type":"","background-media":"","overlay-type":"","overlay-color":"","overlay-opacity":"","overlay-gradient":""},"mobile":{"background-color":"var(--ast-global-color-5)","background-image":"","background-repeat":"repeat","background-position":"center center","background-size":"auto","background-attachment":"scroll","background-type":"","background-media":"","overlay-type":"","overlay-color":"","overlay-opacity":"","overlay-gradient":""}},"footnotes":""},"categories":[1,72,2,4],"tags":[],"class_list":["post-4970","post","type-post","status-publish","format-standard","hentry","category-general","category-i3","category-infantil","category-portada"],"post_mailing_queue_ids":[],"_links":{"self":[{"href":"https:\/\/agora.xtec.cat\/escola-gassoividal\/wp-json\/wp\/v2\/posts\/4970","targetHints":{"allow":["GET"]}}],"collection":[{"href":"https:\/\/agora.xtec.cat\/escola-gassoividal\/wp-json\/wp\/v2\/posts"}],"about":[{"href":"https:\/\/agora.xtec.cat\/escola-gassoividal\/wp-json\/wp\/v2\/types\/post"}],"author":[{"embeddable":true,"href":"https:\/\/agora.xtec.cat\/escola-gassoividal\/wp-json\/wp\/v2\/users\/40"}],"replies":[{"embeddable":true,"href":"https:\/\/agora.xtec.cat\/escola-gassoividal\/wp-json\/wp\/v2\/comments?post=4970"}],"version-history":[{"count":2,"href":"https:\/\/agora.xtec.cat\/escola-gassoividal\/wp-json\/wp\/v2\/posts\/4970\/revisions"}],"predecessor-version":[{"id":4988,"href":"https:\/\/agora.xtec.cat\/escola-gassoividal\/wp-json\/wp\/v2\/posts\/4970\/revisions\/4988"}],"wp:attachment":[{"href":"https:\/\/agora.xtec.cat\/escola-gassoividal\/wp-json\/wp\/v2\/media?parent=4970"}],"wp:term":[{"taxonomy":"category","embeddable":true,"href":"https:\/\/agora.xtec.cat\/escola-gassoividal\/wp-json\/wp\/v2\/categories?post=4970"},{"taxonomy":"post_tag","embeddable":true,"href":"https:\/\/agora.xtec.cat\/escola-gassoividal\/wp-json\/wp\/v2\/tags?post=4970"}],"curies":[{"name":"wp","href":"https:\/\/api.w.org\/{rel}","templated":true}]}}