{"id":1747,"date":"2021-02-08T23:50:09","date_gmt":"2021-02-08T22:50:09","guid":{"rendered":"https:\/\/agora.xtec.cat\/escola-gassoividal\/?p=1747"},"modified":"2021-02-09T15:39:47","modified_gmt":"2021-02-09T14:39:47","slug":"carnestoltes-ha-arribat-al-gasso","status":"publish","type":"post","link":"https:\/\/agora.xtec.cat\/escola-gassoividal\/general\/carnestoltes-ha-arribat-al-gasso\/","title":{"rendered":"CARNESTOLTES HA ARRIBAT AL GASS\u00d3!"},"content":{"rendered":"<p>Avui hem fet la gran rebuda al Carnestoltes amb el Preg\u00f3 de benvinguda fet per la <a href=\"https:\/\/photos.app.goo.gl\/WjugpNbN4XFjJ3zK7\">Comunitat de Grans<\/a>:<\/p>\n<p><a href=\"https:\/\/agora.xtec.cat\/escola-gassoividal\/wp-content\/uploads\/usu2061\/2021\/02\/IMG_1956.jpg\"><img loading=\"lazy\" decoding=\"async\" class=\"wp-image-1750 aligncenter\" src=\"https:\/\/agora.xtec.cat\/escola-gassoividal\/wp-content\/uploads\/usu2061\/2021\/02\/IMG_1956.jpg\" alt=\"\" width=\"275\" height=\"367\" srcset=\"https:\/\/agora.xtec.cat\/escola-gassoividal\/wp-content\/uploads\/usu2061\/2021\/02\/IMG_1956.jpg 480w, https:\/\/agora.xtec.cat\/escola-gassoividal\/wp-content\/uploads\/usu2061\/2021\/02\/IMG_1956-225x300.jpg 225w\" sizes=\"auto, (max-width: 275px) 100vw, 275px\" \/><\/a><\/p>\n<p>&nbsp;<\/p>\n<p style=\"text-align: center;\"><span style=\"font-weight: 400;\">Ja \u00e9s aqu\u00ed el Rei Carnestoltes,<\/span><br \/>\n<span style=\"font-weight: 400;\">i al Gass\u00f3 ha arribat!\u00a0<\/span><br \/>\n<span style=\"font-weight: 400;\">no sabem com s&#8217;ho far\u00e0<\/span><br \/>\n<span style=\"font-weight: 400;\">per\u00f2 a tothom disfressar\u00e0!<\/span><\/p>\n<p style=\"text-align: center;\"><span style=\"font-weight: 400;\">Aquesta \u00e9s la nova realitat:<\/span><br \/>\n<span style=\"font-weight: 400;\">classes amb dist\u00e0ncia, gel desinfectant,<\/span><br \/>\n<span style=\"font-weight: 400;\">i posa&#8217;t la mascareta per seguretat.<\/span><br \/>\n<span style=\"font-weight: 400;\">Tancats a casa, classes online, confinats,<\/span><br \/>\n<span style=\"font-weight: 400;\">toc de queda, ni els horaris s\u00f3n iguals!!!!<\/span><br \/>\n<span style=\"font-weight: 400;\">Tamb\u00e9 el fred ha arribat,<\/span><br \/>\n<span style=\"font-weight: 400;\">i amb l&#8217; abric a la classe hem d&#8217;estar.<\/span><br \/>\n<span style=\"font-weight: 400;\">No hem abra\u00e7at a la iaia,<\/span><br \/>\n<span style=\"font-weight: 400;\">ja fa gaireb\u00e9 un any,<\/span><br \/>\n<span style=\"font-weight: 400;\">ni amb els amics ni amigues ens podem ajuntar<\/span><br \/>\n<span style=\"font-weight: 400;\">perqu\u00e8 amb tanques al pati ens han separat.<\/span><br \/>\n<span style=\"font-weight: 400;\">Tamb\u00e9 coses bones han passat<\/span><br \/>\n<span style=\"font-weight: 400;\">i \u00e9s que hem fet noves amistats,<\/span><br \/>\n<span style=\"font-weight: 400;\">hem treballat junts<\/span><br \/>\n<span style=\"font-weight: 400;\">i m\u00e9s for\u00e7a hem tingut!!!<\/span><\/p>\n<p style=\"text-align: center;\"><span style=\"font-weight: 400;\">Atenci\u00f3 petits que el Carnestoltes ja hi \u00e9s aqu\u00ed.!!!!<\/span><br \/>\n<span style=\"font-weight: 400;\">Ens porta les consignes, escolteu-les b\u00e9, s\u00f3n molt divertides!<\/span><br \/>\n<span style=\"font-weight: 400;\">Els m\u00e9s petits de l&#8217;escola s\u00f3n les pomes.\u00a0<\/span><br \/>\n<span style=\"font-weight: 400;\">Rodones, vermelles o verdes s\u00f3n ben bones!<\/span><br \/>\n<span style=\"font-weight: 400;\">Despr\u00e9s v\u00e9nen els maduixots amb el seu hort ben preci\u00f3s. Esperem que compartiu el vostre fruit delici\u00f3s!<\/span><br \/>\n<span style=\"font-weight: 400;\">Les s\u00edndries la lletra lligada aprenen a fer i amb les bee-bots s&#8217;ho passen molt b\u00e9. Vigileu que no us \u201cpiquin\u201d en el culet!<\/span><br \/>\n<span style=\"font-weight: 400;\">Els nens i les nenes de 1r roden per tot el m\u00f3n i fins hi tot a l&#8217;espai exterior un alien\u00edgena els hi ha fet por!<\/span><br \/>\n<span style=\"font-weight: 400;\">Vigileu amb els de 2n i no us fiqueu en un volc\u00e0 perqu\u00e8 fins i tot l\u00b4Aliespaidus all\u00e0 us buscar\u00e0!<\/span><\/p>\n<p style=\"text-align: center;\"><span style=\"font-weight: 400;\">Ara \u00e9s el torn de mitjans i aquests rodolins entre tots hem pensat.<\/span><br \/>\n<span style=\"font-weight: 400;\">Sabem que teniu fama de dolents i que sou carn\u00edvors: llobes i llops, per\u00f2 en el fons sou molt bons!<\/span><br \/>\n<span style=\"font-weight: 400;\">Al Tibidabo pujarem, moltes atraccions trobarem i ens ho passarem d&#8217;all\u00f2 m\u00e9s b\u00e9.<\/span><br \/>\n<span style=\"font-weight: 400;\">A l\u00b4espai anirem amb un coet que farem. Planetes veurem i a la lluna viatjarem. Unes rimes crearem i amb els aliens ballarem.<\/span><\/p>\n<p style=\"text-align: center;\"><span style=\"font-weight: 400;\">Per \u00faltim venen els grans amb la classe dels oceans<\/span><br \/>\n<span style=\"font-weight: 400;\">que investiguen animals del mar,<\/span><br \/>\n<span style=\"font-weight: 400;\">sempre junts com peixos en llibertat<\/span><br \/>\n<span style=\"font-weight: 400;\">els agrada dibuixar i nedar!!!!<\/span><br \/>\n<span style=\"font-weight: 400;\">La bombolla gamer els hi agrada jugar i guanyar,<\/span><br \/>\n<span style=\"font-weight: 400;\">s\u00f3n competidors i treballadors com els robots,<\/span><br \/>\n<span style=\"font-weight: 400;\">amb ordinadors i videojocs de Tisner faran un joc!!!!<\/span><br \/>\n<span style=\"font-weight: 400;\">El grup de ci\u00e8ncia t\u00e9 molta paci\u00e8ncia.<\/span><br \/>\n<span style=\"font-weight: 400;\">Fem experiments i estem molt contents.<\/span><br \/>\n<span style=\"font-weight: 400;\">Tots els matins anem al col.legi,<\/span><br \/>\n<span style=\"font-weight: 400;\">per nosaltres \u00e9s un privilegi.<\/span><\/p>\n<p style=\"text-align: center;\"><span style=\"font-weight: 400;\">Carnestoltes, Carnestoltes,<\/span><br \/>\n<span style=\"font-weight: 400;\">ens dir\u00e0s que despr\u00e9s de tot aix\u00f2,<\/span><br \/>\n<span style=\"font-weight: 400;\">i amb lesionats, confinats i operats<\/span><br \/>\n<span style=\"font-weight: 400;\">no som valents i forts?<\/span><\/p>\n<p style=\"text-align: center;\"><span style=\"font-weight: 400;\">Que comenci la gresca i la festa!!!!!!!<\/span><\/p>\n","protected":false},"excerpt":{"rendered":"<p>Avui hem fet la gran rebuda al Carnestoltes amb el Preg\u00f3 de benvinguda fet per la Comunitat de Grans: &nbsp; [&hellip;]<\/p>\n","protected":false},"author":12,"featured_media":0,"comment_status":"open","ping_status":"closed","sticky":false,"template":"","format":"standard","meta":{"_bbp_topic_count":0,"_bbp_reply_count":0,"_bbp_total_topic_count":0,"_bbp_total_reply_count":0,"_bbp_voice_count":0,"_bbp_anonymous_reply_count":0,"_bbp_topic_count_hidden":0,"_bbp_reply_count_hidden":0,"_bbp_forum_subforum_count":0,"site-sidebar-layout":"default","site-content-layout":"","ast-site-content-layout":"","site-content-style":"default","site-sidebar-style":"default","ast-global-header-display":"","ast-banner-title-visibility":"","ast-main-header-display":"","ast-hfb-above-header-display":"","ast-hfb-below-header-display":"","ast-hfb-mobile-header-display":"","site-post-title":"","ast-breadcrumbs-content":"","ast-featured-img":"","footer-sml-layout":"","theme-transparent-header-meta":"","adv-header-id-meta":"","stick-header-meta":"","header-above-stick-meta":"","header-main-stick-meta":"","header-below-stick-meta":"","astra-migrate-meta-layouts":"default","ast-page-background-enabled":"default","ast-page-background-meta":{"desktop":{"background-color":"var(--ast-global-color-4)","background-image":"","background-repeat":"repeat","background-position":"center center","background-size":"auto","background-attachment":"scroll","background-type":"","background-media":"","overlay-type":"","overlay-color":"","overlay-opacity":"","overlay-gradient":""},"tablet":{"background-color":"","background-image":"","background-repeat":"repeat","background-position":"center center","background-size":"auto","background-attachment":"scroll","background-type":"","background-media":"","overlay-type":"","overlay-color":"","overlay-opacity":"","overlay-gradient":""},"mobile":{"background-color":"","background-image":"","background-repeat":"repeat","background-position":"center center","background-size":"auto","background-attachment":"scroll","background-type":"","background-media":"","overlay-type":"","overlay-color":"","overlay-opacity":"","overlay-gradient":""}},"ast-content-background-meta":{"desktop":{"background-color":"var(--ast-global-color-5)","background-image":"","background-repeat":"repeat","background-position":"center center","background-size":"auto","background-attachment":"scroll","background-type":"","background-media":"","overlay-type":"","overlay-color":"","overlay-opacity":"","overlay-gradient":""},"tablet":{"background-color":"var(--ast-global-color-5)","background-image":"","background-repeat":"repeat","background-position":"center center","background-size":"auto","background-attachment":"scroll","background-type":"","background-media":"","overlay-type":"","overlay-color":"","overlay-opacity":"","overlay-gradient":""},"mobile":{"background-color":"var(--ast-global-color-5)","background-image":"","background-repeat":"repeat","background-position":"center center","background-size":"auto","background-attachment":"scroll","background-type":"","background-media":"","overlay-type":"","overlay-color":"","overlay-opacity":"","overlay-gradient":""}},"footnotes":""},"categories":[1,4],"tags":[],"class_list":["post-1747","post","type-post","status-publish","format-standard","hentry","category-general","category-portada"],"post_mailing_queue_ids":[],"_links":{"self":[{"href":"https:\/\/agora.xtec.cat\/escola-gassoividal\/wp-json\/wp\/v2\/posts\/1747","targetHints":{"allow":["GET"]}}],"collection":[{"href":"https:\/\/agora.xtec.cat\/escola-gassoividal\/wp-json\/wp\/v2\/posts"}],"about":[{"href":"https:\/\/agora.xtec.cat\/escola-gassoividal\/wp-json\/wp\/v2\/types\/post"}],"author":[{"embeddable":true,"href":"https:\/\/agora.xtec.cat\/escola-gassoividal\/wp-json\/wp\/v2\/users\/12"}],"replies":[{"embeddable":true,"href":"https:\/\/agora.xtec.cat\/escola-gassoividal\/wp-json\/wp\/v2\/comments?post=1747"}],"version-history":[{"count":3,"href":"https:\/\/agora.xtec.cat\/escola-gassoividal\/wp-json\/wp\/v2\/posts\/1747\/revisions"}],"predecessor-version":[{"id":1759,"href":"https:\/\/agora.xtec.cat\/escola-gassoividal\/wp-json\/wp\/v2\/posts\/1747\/revisions\/1759"}],"wp:attachment":[{"href":"https:\/\/agora.xtec.cat\/escola-gassoividal\/wp-json\/wp\/v2\/media?parent=1747"}],"wp:term":[{"taxonomy":"category","embeddable":true,"href":"https:\/\/agora.xtec.cat\/escola-gassoividal\/wp-json\/wp\/v2\/categories?post=1747"},{"taxonomy":"post_tag","embeddable":true,"href":"https:\/\/agora.xtec.cat\/escola-gassoividal\/wp-json\/wp\/v2\/tags?post=1747"}],"curies":[{"name":"wp","href":"https:\/\/api.w.org\/{rel}","templated":true}]}}