{"id":1422,"date":"2020-11-03T21:13:35","date_gmt":"2020-11-03T20:13:35","guid":{"rendered":"https:\/\/agora.xtec.cat\/escola-gassoividal\/?p=1422"},"modified":"2020-11-03T21:13:35","modified_gmt":"2020-11-03T20:13:35","slug":"sortida-de-la-tardor-i-celebracio-de-la-castanyada","status":"publish","type":"post","link":"https:\/\/agora.xtec.cat\/escola-gassoividal\/general\/sortida-de-la-tardor-i-celebracio-de-la-castanyada\/","title":{"rendered":"Sortida de la tardor i celebraci\u00f3 de la Castanyada"},"content":{"rendered":"<p>El passat dimarts els i les alumnes de mitjans A vam sortir a explorar i relacionar-nos amb el nostre entorn natural de Ripollet. Vam poder gaudir d&#8217;un molt bon dia que ens va facilitar el poder observar i analitzar amb deteniment els elements que la natura ens ofereix en aquesta \u00e8poca de l&#8217;any.<\/p>\n<p>Per la tarda, vam realitzar una sessi\u00f3 de medi dedicada a analitzar les caracter\u00edstiques de les fulles que vam recollir, aix\u00ed com per con\u00e8ixer el nom cient\u00edfic de les diferents parts d&#8217;una fulla.<\/p>\n<p>A m\u00e9s de la sortida, el divendres vam destinar la jornada a realitzar diferents activitats relacionades amb la festivitat pr\u00f2pia de la Castanyada, com per exemple: analitzar un poema de la tardor i realitzar una manualitat per presentar el poema, cantar can\u00e7ons, elaborar composicions de tardor amb les fulles recol\u00b7lectades i tamb\u00e9 preparar-nos una petita coreografia per la tornada de la can\u00e7\u00f3 que vam treballar.<\/p>\n<p>Tamb\u00e9 dir-vos que ens va visitar la senyora Castanyera i es va fer una foto amb nosaltres!<\/p>\n<p>Aqu\u00ed teniu una mostra, si voleu accedir a totes les imatges i el v\u00eddeo de la coreografia, feu clic a l&#8217;enlla\u00e7 de sota!<\/p>\n<div id='gallery-1' class='gallery galleryid-1422 gallery-columns-2 gallery-size-full'><figure class='gallery-item'>\n\t\t\t<div class='gallery-icon portrait'>\n\t\t\t\t<a href='https:\/\/agora.xtec.cat\/escola-gassoividal\/general\/sortida-de-la-tardor-i-celebracio-de-la-castanyada\/attachment\/img_20201027_154800_opt\/'><img loading=\"lazy\" decoding=\"async\" width=\"400\" height=\"533\" src=\"https:\/\/agora.xtec.cat\/escola-gassoividal\/wp-content\/uploads\/usu2061\/2020\/11\/IMG_20201027_154800_opt.jpg\" class=\"attachment-full size-full\" alt=\"\" srcset=\"https:\/\/agora.xtec.cat\/escola-gassoividal\/wp-content\/uploads\/usu2061\/2020\/11\/IMG_20201027_154800_opt.jpg 400w, https:\/\/agora.xtec.cat\/escola-gassoividal\/wp-content\/uploads\/usu2061\/2020\/11\/IMG_20201027_154800_opt-225x300.jpg 225w\" sizes=\"auto, (max-width: 400px) 100vw, 400px\" \/><\/a>\n\t\t\t<\/div><\/figure><figure class='gallery-item'>\n\t\t\t<div class='gallery-icon landscape'>\n\t\t\t\t<a href='https:\/\/agora.xtec.cat\/escola-gassoividal\/general\/sortida-de-la-tardor-i-celebracio-de-la-castanyada\/attachment\/img_20201027_112643_opt\/'><img loading=\"lazy\" decoding=\"async\" width=\"400\" height=\"300\" src=\"https:\/\/agora.xtec.cat\/escola-gassoividal\/wp-content\/uploads\/usu2061\/2020\/11\/IMG_20201027_112643_opt.jpg\" class=\"attachment-full size-full\" alt=\"\" srcset=\"https:\/\/agora.xtec.cat\/escola-gassoividal\/wp-content\/uploads\/usu2061\/2020\/11\/IMG_20201027_112643_opt.jpg 400w, https:\/\/agora.xtec.cat\/escola-gassoividal\/wp-content\/uploads\/usu2061\/2020\/11\/IMG_20201027_112643_opt-300x225.jpg 300w, https:\/\/agora.xtec.cat\/escola-gassoividal\/wp-content\/uploads\/usu2061\/2020\/11\/IMG_20201027_112643_opt-200x150.jpg 200w\" sizes=\"auto, (max-width: 400px) 100vw, 400px\" \/><\/a>\n\t\t\t<\/div><\/figure><figure class='gallery-item'>\n\t\t\t<div class='gallery-icon landscape'>\n\t\t\t\t<a href='https:\/\/agora.xtec.cat\/escola-gassoividal\/general\/sortida-de-la-tardor-i-celebracio-de-la-castanyada\/attachment\/img_20201030_092429_opt\/'><img loading=\"lazy\" decoding=\"async\" width=\"400\" height=\"300\" src=\"https:\/\/agora.xtec.cat\/escola-gassoividal\/wp-content\/uploads\/usu2061\/2020\/11\/IMG_20201030_092429_opt.jpg\" class=\"attachment-full size-full\" alt=\"\" srcset=\"https:\/\/agora.xtec.cat\/escola-gassoividal\/wp-content\/uploads\/usu2061\/2020\/11\/IMG_20201030_092429_opt.jpg 400w, https:\/\/agora.xtec.cat\/escola-gassoividal\/wp-content\/uploads\/usu2061\/2020\/11\/IMG_20201030_092429_opt-300x225.jpg 300w, https:\/\/agora.xtec.cat\/escola-gassoividal\/wp-content\/uploads\/usu2061\/2020\/11\/IMG_20201030_092429_opt-200x150.jpg 200w\" sizes=\"auto, (max-width: 400px) 100vw, 400px\" \/><\/a>\n\t\t\t<\/div><\/figure><figure class='gallery-item'>\n\t\t\t<div class='gallery-icon portrait'>\n\t\t\t\t<a href='https:\/\/agora.xtec.cat\/escola-gassoividal\/general\/sortida-de-la-tardor-i-celebracio-de-la-castanyada\/attachment\/img_20201030_161442_opt\/'><img loading=\"lazy\" decoding=\"async\" width=\"400\" height=\"533\" src=\"https:\/\/agora.xtec.cat\/escola-gassoividal\/wp-content\/uploads\/usu2061\/2020\/11\/IMG_20201030_161442_opt.jpg\" class=\"attachment-full size-full\" alt=\"\" srcset=\"https:\/\/agora.xtec.cat\/escola-gassoividal\/wp-content\/uploads\/usu2061\/2020\/11\/IMG_20201030_161442_opt.jpg 400w, https:\/\/agora.xtec.cat\/escola-gassoividal\/wp-content\/uploads\/usu2061\/2020\/11\/IMG_20201030_161442_opt-225x300.jpg 225w\" sizes=\"auto, (max-width: 400px) 100vw, 400px\" \/><\/a>\n\t\t\t<\/div><\/figure><figure class='gallery-item'>\n\t\t\t<div class='gallery-icon landscape'>\n\t\t\t\t<a href='https:\/\/agora.xtec.cat\/escola-gassoividal\/general\/sortida-de-la-tardor-i-celebracio-de-la-castanyada\/attachment\/img_20201030_164323_opt\/'><img loading=\"lazy\" decoding=\"async\" width=\"400\" height=\"300\" src=\"https:\/\/agora.xtec.cat\/escola-gassoividal\/wp-content\/uploads\/usu2061\/2020\/11\/IMG_20201030_164323_opt.jpg\" class=\"attachment-full size-full\" alt=\"\" srcset=\"https:\/\/agora.xtec.cat\/escola-gassoividal\/wp-content\/uploads\/usu2061\/2020\/11\/IMG_20201030_164323_opt.jpg 400w, https:\/\/agora.xtec.cat\/escola-gassoividal\/wp-content\/uploads\/usu2061\/2020\/11\/IMG_20201030_164323_opt-300x225.jpg 300w, https:\/\/agora.xtec.cat\/escola-gassoividal\/wp-content\/uploads\/usu2061\/2020\/11\/IMG_20201030_164323_opt-200x150.jpg 200w\" sizes=\"auto, (max-width: 400px) 100vw, 400px\" \/><\/a>\n\t\t\t<\/div><\/figure>\n\t\t<\/div>\n\n<p>&nbsp;<\/p>\n<p>E<a href=\"https:\/\/drive.google.com\/drive\/folders\/1mDaO-_mtHLukT6szBhLyxXmSAj64J1nN?usp=sharing\">NLLA\u00c7 FOTOGRAFIES SORTIDA DE LA TARDOR I CASTANYADA<\/a><\/p>\n<p>&nbsp;<\/p>\n","protected":false},"excerpt":{"rendered":"<p>El passat dimarts els i les alumnes de mitjans A vam sortir a explorar i relacionar-nos amb el nostre entorn [&hellip;]<\/p>\n","protected":false},"author":18,"featured_media":0,"comment_status":"open","ping_status":"closed","sticky":false,"template":"","format":"standard","meta":{"_bbp_topic_count":0,"_bbp_reply_count":0,"_bbp_total_topic_count":0,"_bbp_total_reply_count":0,"_bbp_voice_count":0,"_bbp_anonymous_reply_count":0,"_bbp_topic_count_hidden":0,"_bbp_reply_count_hidden":0,"_bbp_forum_subforum_count":0,"site-sidebar-layout":"default","site-content-layout":"","ast-site-content-layout":"","site-content-style":"default","site-sidebar-style":"default","ast-global-header-display":"","ast-banner-title-visibility":"","ast-main-header-display":"","ast-hfb-above-header-display":"","ast-hfb-below-header-display":"","ast-hfb-mobile-header-display":"","site-post-title":"","ast-breadcrumbs-content":"","ast-featured-img":"","footer-sml-layout":"","theme-transparent-header-meta":"","adv-header-id-meta":"","stick-header-meta":"","header-above-stick-meta":"","header-main-stick-meta":"","header-below-stick-meta":"","astra-migrate-meta-layouts":"default","ast-page-background-enabled":"default","ast-page-background-meta":{"desktop":{"background-color":"var(--ast-global-color-4)","background-image":"","background-repeat":"repeat","background-position":"center center","background-size":"auto","background-attachment":"scroll","background-type":"","background-media":"","overlay-type":"","overlay-color":"","overlay-opacity":"","overlay-gradient":""},"tablet":{"background-color":"","background-image":"","background-repeat":"repeat","background-position":"center center","background-size":"auto","background-attachment":"scroll","background-type":"","background-media":"","overlay-type":"","overlay-color":"","overlay-opacity":"","overlay-gradient":""},"mobile":{"background-color":"","background-image":"","background-repeat":"repeat","background-position":"center center","background-size":"auto","background-attachment":"scroll","background-type":"","background-media":"","overlay-type":"","overlay-color":"","overlay-opacity":"","overlay-gradient":""}},"ast-content-background-meta":{"desktop":{"background-color":"var(--ast-global-color-5)","background-image":"","background-repeat":"repeat","background-position":"center center","background-size":"auto","background-attachment":"scroll","background-type":"","background-media":"","overlay-type":"","overlay-color":"","overlay-opacity":"","overlay-gradient":""},"tablet":{"background-color":"var(--ast-global-color-5)","background-image":"","background-repeat":"repeat","background-position":"center center","background-size":"auto","background-attachment":"scroll","background-type":"","background-media":"","overlay-type":"","overlay-color":"","overlay-opacity":"","overlay-gradient":""},"mobile":{"background-color":"var(--ast-global-color-5)","background-image":"","background-repeat":"repeat","background-position":"center center","background-size":"auto","background-attachment":"scroll","background-type":"","background-media":"","overlay-type":"","overlay-color":"","overlay-opacity":"","overlay-gradient":""}},"footnotes":""},"categories":[1],"tags":[],"class_list":["post-1422","post","type-post","status-publish","format-standard","hentry","category-general"],"post_mailing_queue_ids":[],"_links":{"self":[{"href":"https:\/\/agora.xtec.cat\/escola-gassoividal\/wp-json\/wp\/v2\/posts\/1422","targetHints":{"allow":["GET"]}}],"collection":[{"href":"https:\/\/agora.xtec.cat\/escola-gassoividal\/wp-json\/wp\/v2\/posts"}],"about":[{"href":"https:\/\/agora.xtec.cat\/escola-gassoividal\/wp-json\/wp\/v2\/types\/post"}],"author":[{"embeddable":true,"href":"https:\/\/agora.xtec.cat\/escola-gassoividal\/wp-json\/wp\/v2\/users\/18"}],"replies":[{"embeddable":true,"href":"https:\/\/agora.xtec.cat\/escola-gassoividal\/wp-json\/wp\/v2\/comments?post=1422"}],"version-history":[{"count":2,"href":"https:\/\/agora.xtec.cat\/escola-gassoividal\/wp-json\/wp\/v2\/posts\/1422\/revisions"}],"predecessor-version":[{"id":1429,"href":"https:\/\/agora.xtec.cat\/escola-gassoividal\/wp-json\/wp\/v2\/posts\/1422\/revisions\/1429"}],"wp:attachment":[{"href":"https:\/\/agora.xtec.cat\/escola-gassoividal\/wp-json\/wp\/v2\/media?parent=1422"}],"wp:term":[{"taxonomy":"category","embeddable":true,"href":"https:\/\/agora.xtec.cat\/escola-gassoividal\/wp-json\/wp\/v2\/categories?post=1422"},{"taxonomy":"post_tag","embeddable":true,"href":"https:\/\/agora.xtec.cat\/escola-gassoividal\/wp-json\/wp\/v2\/tags?post=1422"}],"curies":[{"name":"wp","href":"https:\/\/api.w.org\/{rel}","templated":true}]}}