{"id":113,"date":"2014-09-19T11:51:13","date_gmt":"2014-09-19T11:51:13","guid":{"rendered":"http:\/\/agora.xtec.cat\/escola-gassoividal\/?p=113"},"modified":"2020-03-23T11:51:44","modified_gmt":"2020-03-23T10:51:44","slug":"noticia-3","status":"publish","type":"post","link":"https:\/\/agora.xtec.cat\/escola-gassoividal\/general\/noticia-3\/","title":{"rendered":"AMPA Escola Gass\u00f3 i Vidal"},"content":{"rendered":"<p>&nbsp;<\/p>\n<p>L\u2019associaci\u00f3 de mares i pares d\u2019alumnes (AMPA) \u00e9s una associaci\u00f3 sense afany de lucre reconeguda legalment i que agrupa, volunt\u00e0riament, pares i mares del centre educatiu.<\/p>\n<p>\u00c9s el principal interlocutor de les fam\u00edlies amb l\u2019escola amb l\u2019objectiu general de promoure la participaci\u00f3 i col\u00b7laborar amb les activitats educatives del centre.<\/p>\n<p>L\u2019AMPA t\u00e9 com a funci\u00f3 b\u00e0sica treballar conjuntament amb el centre educatiu, fomentant la comunicaci\u00f3 i la participaci\u00f3 dels pares i mares amb la plena convicci\u00f3 que units podem fer una escola millor.<\/p>\n<p>L\u2019AMPA ofereix serveis per a les fam\u00edlies que milloren o complementen la tasca de la pr\u00f2pia escola. En aquest sentit, promou la realitzaci\u00f3 d\u2019activitats que afavoreixin el desenvolupament de la personalitat dels alumnes i que ajuden els pares i mares a compaginar la vida familiar i laboral. Actualment s\u2019ofereixen els seg\u00fcents serveis i activitats:<\/p>\n<p>Serveis d\u2019acollida: matinal<br \/>\nActivitats extraescolars<br \/>\nVenda de llibres de text, les bates d\u2019Educaci\u00f3 Infantil i l\u2019equipament esportiu del centre.<br \/>\nAportacions de material educatiu a l\u2019escola<br \/>\nFestes: Nadal, Carnestoltes, Fi de curs<br \/>\nCol\u00b7laboraci\u00f3 en les festes i activitats promogudes per l\u2019escola<br \/>\nImplicaci\u00f3 en el projecte \u201cFruita a l\u2019escola\u201d<br \/>\nCasal d\u2019estiu.<br \/>\nParticipa en les decisions de l\u2019escola a trav\u00e9s de reunions amb tota la Comunitat educativa i en el Consell Escolar.<\/p>\n<p>Ara podeu seguir a l\u2019AMPA al Facebook<\/p>\n<p>AMPA Gassoividal<\/p>\n<p>I, a l\u00b4Instagram<\/p>\n<p>Gassoividal<\/p>\n","protected":false},"excerpt":{"rendered":"<p>&nbsp; L\u2019associaci\u00f3 de mares i pares d\u2019alumnes (AMPA) \u00e9s una associaci\u00f3 sense afany de lucre reconeguda legalment i que agrupa, [&hellip;]<\/p>\n","protected":false},"author":1,"featured_media":0,"comment_status":"open","ping_status":"closed","sticky":false,"template":"","format":"standard","meta":{"_bbp_topic_count":0,"_bbp_reply_count":0,"_bbp_total_topic_count":0,"_bbp_total_reply_count":0,"_bbp_voice_count":0,"_bbp_anonymous_reply_count":0,"_bbp_topic_count_hidden":0,"_bbp_reply_count_hidden":0,"_bbp_forum_subforum_count":0,"site-sidebar-layout":"default","site-content-layout":"","ast-site-content-layout":"","site-content-style":"default","site-sidebar-style":"default","ast-global-header-display":"","ast-banner-title-visibility":"","ast-main-header-display":"","ast-hfb-above-header-display":"","ast-hfb-below-header-display":"","ast-hfb-mobile-header-display":"","site-post-title":"","ast-breadcrumbs-content":"","ast-featured-img":"","footer-sml-layout":"","theme-transparent-header-meta":"","adv-header-id-meta":"","stick-header-meta":"","header-above-stick-meta":"","header-main-stick-meta":"","header-below-stick-meta":"","astra-migrate-meta-layouts":"default","ast-page-background-enabled":"default","ast-page-background-meta":{"desktop":{"background-color":"var(--ast-global-color-4)","background-image":"","background-repeat":"repeat","background-position":"center center","background-size":"auto","background-attachment":"scroll","background-type":"","background-media":"","overlay-type":"","overlay-color":"","overlay-opacity":"","overlay-gradient":""},"tablet":{"background-color":"","background-image":"","background-repeat":"repeat","background-position":"center center","background-size":"auto","background-attachment":"scroll","background-type":"","background-media":"","overlay-type":"","overlay-color":"","overlay-opacity":"","overlay-gradient":""},"mobile":{"background-color":"","background-image":"","background-repeat":"repeat","background-position":"center center","background-size":"auto","background-attachment":"scroll","background-type":"","background-media":"","overlay-type":"","overlay-color":"","overlay-opacity":"","overlay-gradient":""}},"ast-content-background-meta":{"desktop":{"background-color":"var(--ast-global-color-5)","background-image":"","background-repeat":"repeat","background-position":"center center","background-size":"auto","background-attachment":"scroll","background-type":"","background-media":"","overlay-type":"","overlay-color":"","overlay-opacity":"","overlay-gradient":""},"tablet":{"background-color":"var(--ast-global-color-5)","background-image":"","background-repeat":"repeat","background-position":"center center","background-size":"auto","background-attachment":"scroll","background-type":"","background-media":"","overlay-type":"","overlay-color":"","overlay-opacity":"","overlay-gradient":""},"mobile":{"background-color":"var(--ast-global-color-5)","background-image":"","background-repeat":"repeat","background-position":"center center","background-size":"auto","background-attachment":"scroll","background-type":"","background-media":"","overlay-type":"","overlay-color":"","overlay-opacity":"","overlay-gradient":""}},"footnotes":""},"categories":[1],"tags":[17,18],"class_list":["post-113","post","type-post","status-publish","format-standard","hentry","category-general","tag-plastica","tag-psicomotricitat"],"post_mailing_queue_ids":[],"_links":{"self":[{"href":"https:\/\/agora.xtec.cat\/escola-gassoividal\/wp-json\/wp\/v2\/posts\/113","targetHints":{"allow":["GET"]}}],"collection":[{"href":"https:\/\/agora.xtec.cat\/escola-gassoividal\/wp-json\/wp\/v2\/posts"}],"about":[{"href":"https:\/\/agora.xtec.cat\/escola-gassoividal\/wp-json\/wp\/v2\/types\/post"}],"author":[{"embeddable":true,"href":"https:\/\/agora.xtec.cat\/escola-gassoividal\/wp-json\/wp\/v2\/users\/1"}],"replies":[{"embeddable":true,"href":"https:\/\/agora.xtec.cat\/escola-gassoividal\/wp-json\/wp\/v2\/comments?post=113"}],"version-history":[{"count":3,"href":"https:\/\/agora.xtec.cat\/escola-gassoividal\/wp-json\/wp\/v2\/posts\/113\/revisions"}],"predecessor-version":[{"id":619,"href":"https:\/\/agora.xtec.cat\/escola-gassoividal\/wp-json\/wp\/v2\/posts\/113\/revisions\/619"}],"wp:attachment":[{"href":"https:\/\/agora.xtec.cat\/escola-gassoividal\/wp-json\/wp\/v2\/media?parent=113"}],"wp:term":[{"taxonomy":"category","embeddable":true,"href":"https:\/\/agora.xtec.cat\/escola-gassoividal\/wp-json\/wp\/v2\/categories?post=113"},{"taxonomy":"post_tag","embeddable":true,"href":"https:\/\/agora.xtec.cat\/escola-gassoividal\/wp-json\/wp\/v2\/tags?post=113"}],"curies":[{"name":"wp","href":"https:\/\/api.w.org\/{rel}","templated":true}]}}