{"id":5,"count":123,"description":"L\u2019educaci\u00f3 prim\u00e0ria \u00e9s una etapa fonamental i privilegiada en la formaci\u00f3 dels nens i de les nenes, que\r\ns\u2019inicia en finalitzar l\u2019educaci\u00f3 infantil i continua en l\u2019educaci\u00f3 secund\u00e0ria obligat\u00f2ria.\r\n\r\nDes de la nostra escola potenciem el desenvolupament personal de l'alumnat, aix\u00ed com tamb\u00e9 la seva autonomia, la responsabilitat, la solidaritat, la llibertat, la participaci\u00f3 i el comprom\u00eds individual i col\u00b7lectiu.","link":"https:\/\/agora.xtec.cat\/escola-gassoividal\/categoria\/primaria\/","name":"Prim\u00e0ria","slug":"primaria","taxonomy":"category","parent":0,"meta":[],"_links":{"self":[{"href":"https:\/\/agora.xtec.cat\/escola-gassoividal\/wp-json\/wp\/v2\/categories\/5","targetHints":{"allow":["GET"]}}],"collection":[{"href":"https:\/\/agora.xtec.cat\/escola-gassoividal\/wp-json\/wp\/v2\/categories"}],"about":[{"href":"https:\/\/agora.xtec.cat\/escola-gassoividal\/wp-json\/wp\/v2\/taxonomies\/category"}],"wp:post_type":[{"href":"https:\/\/agora.xtec.cat\/escola-gassoividal\/wp-json\/wp\/v2\/posts?categories=5"}],"curies":[{"name":"wp","href":"https:\/\/api.w.org\/{rel}","templated":true}]}}