{"id":109,"count":6,"description":"L\u2019escola\u00a0<strong>Gass\u00f3 i Vidal<\/strong>\u00a0 \u00e9s una escola p\u00fablica, acollidora, d\u2019una\u00a0<strong>sola l\u00ednia<\/strong>, on hi ha un sol grup de cada curs i vinculada amb el barri.\r\n\r\nTots ens coneixem pel nostre nom i ens movem per l\u2019espai amb seguretat i confian\u00e7a.\r\n\r\nEl nostre gran objectiu \u00e9s seguir construint una escola oberta, participativa, amb una metodologia de treball activa i respectuosa amb les necessitats dels infants. Volem que tot els nens i nenes esdevinguin individus capa\u00e7os, competents, cr\u00edtics i feli\u00e7os.\r\n\r\nEns proposem aprendre a ser, a con\u00e8ixer, a fer i a conviure fomentant l\u2019<strong>autoestima<\/strong>, la\u00a0<strong>cooperaci\u00f3<\/strong>, la\u00a0<strong>toler\u00e0ncia<\/strong>, l\u2019<strong>empatia<\/strong>, l\u2019<strong>assertivitat<\/strong>, l\u2019<strong>aprendre a aprendre\u2026\u00a0<\/strong>i afavorim els\u00a0<strong>vincles<\/strong>\u00a0per donar import\u00e0ncia a la\u00a0<strong>cohesi\u00f3 de grup<\/strong>.\r\n\r\nApostem pel comprom\u00eds, el respecte i el\u00a0<strong>treball cooperatiu\u00a0<\/strong>i\u00a0<strong>conjunt<\/strong>\u00a0de tota la comunitat educativa.\r\n\r\nA l\u2019escola els infants\u00a0<strong>cooperen i es relacionen\u00a0<\/strong>entre ells<strong>\u00a0i gaudeixen\u00a0<\/strong>en diferents\u00a0<strong>espais<\/strong>, en un\u00a0<strong>ambient acollidor<\/strong>\u00a0i\u00a0<strong>l\u00fadic<\/strong>\u00a0que afavoreix altres capacitats com ajudar, acceptar les difer\u00e8ncies dels altres, saber esperar, compartir, conversar, raonar\u2026\r\n\r\nCada nen i nena segueix el seu\u00a0<strong>propi ritme<\/strong>\u00a0acompanyat de l\u2019adult, que d\u00f3na suport i el guia en tot aquest proc\u00e9s quan l\u2019infant ho requereix.\r\n\r\nEl ambients, els espais d\u2019aprenentatge, els projectes \u2026 s\u00f3n entorns d\u2019aprenentatge globalitzat que respecten la diversitat, que tenen en compte els interessos i el ritme individual de cada infant.","link":"https:\/\/agora.xtec.cat\/escola-gassoividal\/categoria\/general\/projectes-1\/","name":"Projectes","slug":"projectes-1","taxonomy":"category","parent":1,"meta":[],"_links":{"self":[{"href":"https:\/\/agora.xtec.cat\/escola-gassoividal\/wp-json\/wp\/v2\/categories\/109","targetHints":{"allow":["GET"]}}],"collection":[{"href":"https:\/\/agora.xtec.cat\/escola-gassoividal\/wp-json\/wp\/v2\/categories"}],"about":[{"href":"https:\/\/agora.xtec.cat\/escola-gassoividal\/wp-json\/wp\/v2\/taxonomies\/category"}],"up":[{"embeddable":true,"href":"https:\/\/agora.xtec.cat\/escola-gassoividal\/wp-json\/wp\/v2\/categories\/1"}],"wp:post_type":[{"href":"https:\/\/agora.xtec.cat\/escola-gassoividal\/wp-json\/wp\/v2\/posts?categories=109"}],"curies":[{"name":"wp","href":"https:\/\/api.w.org\/{rel}","templated":true}]}}