{"id":106,"count":5,"description":"<p dir=\"ltr\">La nostra escola ha estat inclosa dins dels 150 centres de Catalunya (Primera escola de Ripollet i segona del Vall\u00e8s Occidental) que participen al programa FAIG, un programa d\u2019Innovaci\u00f3 Pedag\u00f2gica i de Recerca educativa promogut pel CESIRE i el Departament d\u2019Educaci\u00f3 que t\u00e9 la finalitat de proporcionar l\u2019acompanyament, la formaci\u00f3 pedag\u00f2gica i la capacitaci\u00f3 tecnol\u00f2gica necess\u00e0ries per consolidar l\u2019aprenentatge per projectes com a l\u00ednia pedag\u00f2gica dels centres educatius.<\/p>\r\n<p dir=\"ltr\">El programa FAIG \u00e9s una oportunitat per crear entorns d\u2019aprenentatge amb sentit, on posar l\u2019alumnat en el centre, escoltant la seva veu per crear un m\u00f3n millor on viure i conviure.<\/p>\r\n<p dir=\"ltr\">Les noves derives socials, l\u2019establiment de les noves tecnologies en el dia a dia de la nostra societat fan que sigui indispensable educar en l\u2019\u00fas cr\u00edtic de les diferents eines digitals per donar resposta als problemes i reptes socialment rellevants, i situar al nostre alumnat en una perspectiva cr\u00edtica i de coneixement d\u2019aquestes.<\/p>\r\n<p dir=\"ltr\">A trav\u00e9s del mateix programa se\u2019ns proporcionar\u00e0 una dotaci\u00f3 de m\u00e0quines MAKER (Impressora 3D, talladora l\u00e0ser, brodadora digital, targetes makey-makey i microbit) que permetr\u00e0 a l\u2019alumnat aprendre fent.<\/p>\r\n<p dir=\"ltr\"><img src=\"https:\/\/agora.xtec.cat\/escola-gassoividal\/wp-content\/uploads\/usu2061\/2023\/11\/arbre.jpg\" \/><\/p>","link":"https:\/\/agora.xtec.cat\/escola-gassoividal\/categoria\/general\/som-escola-faig\/","name":"Som escola \"FAIG\"","slug":"som-escola-faig","taxonomy":"category","parent":1,"meta":[],"_links":{"self":[{"href":"https:\/\/agora.xtec.cat\/escola-gassoividal\/wp-json\/wp\/v2\/categories\/106","targetHints":{"allow":["GET"]}}],"collection":[{"href":"https:\/\/agora.xtec.cat\/escola-gassoividal\/wp-json\/wp\/v2\/categories"}],"about":[{"href":"https:\/\/agora.xtec.cat\/escola-gassoividal\/wp-json\/wp\/v2\/taxonomies\/category"}],"up":[{"embeddable":true,"href":"https:\/\/agora.xtec.cat\/escola-gassoividal\/wp-json\/wp\/v2\/categories\/1"}],"wp:post_type":[{"href":"https:\/\/agora.xtec.cat\/escola-gassoividal\/wp-json\/wp\/v2\/posts?categories=106"}],"curies":[{"name":"wp","href":"https:\/\/api.w.org\/{rel}","templated":true}]}}