{"id":5655,"date":"2026-08-25T13:15:18","date_gmt":"2026-08-25T11:15:18","guid":{"rendered":"https:\/\/agora.xtec.cat\/escola-espiga-lleida\/?p=5655"},"modified":"2026-08-26T00:35:04","modified_gmt":"2026-08-25T22:35:04","slug":"setmana-de-la-musica-2026","status":"publish","type":"post","link":"https:\/\/agora.xtec.cat\/escola-espiga-lleida\/musica\/setmana-de-la-musica-2026\/","title":{"rendered":"SETMANA DE LA M\u00daSICA 2026"},"content":{"rendered":"\n<figure class=\"wp-block-image size-large\"><a href=\"https:\/\/agora.xtec.cat\/escola-espiga-lleida\/wp-content\/uploads\/usu273\/2026\/08\/Setmana-Musica.jpg\"><img loading=\"lazy\" decoding=\"async\" width=\"1024\" height=\"683\" src=\"https:\/\/agora.xtec.cat\/escola-espiga-lleida\/wp-content\/uploads\/usu273\/2026\/08\/Setmana-Musica-1024x683.jpg\" alt=\"\" class=\"wp-image-5656\" srcset=\"https:\/\/agora.xtec.cat\/escola-espiga-lleida\/wp-content\/uploads\/usu273\/2026\/08\/Setmana-Musica-1024x683.jpg 1024w, https:\/\/agora.xtec.cat\/escola-espiga-lleida\/wp-content\/uploads\/usu273\/2026\/08\/Setmana-Musica-300x200.jpg 300w, https:\/\/agora.xtec.cat\/escola-espiga-lleida\/wp-content\/uploads\/usu273\/2026\/08\/Setmana-Musica-768x512.jpg 768w, https:\/\/agora.xtec.cat\/escola-espiga-lleida\/wp-content\/uploads\/usu273\/2026\/08\/Setmana-Musica.jpg 1536w\" sizes=\"auto, (max-width: 1024px) 100vw, 1024px\" \/><\/a><\/figure>\n\n\n\n<p>Durant la setmana del <strong>25 al 29 de maig<\/strong>, a l\u2019Escola Espiga vam celebrar la <strong>Setmana de la M\u00fasica<\/strong>, una iniciativa que va omplir els patis de ritme, emoci\u00f3 i molt de talent.<\/p>\n\n\n\n<p>Al llarg de tota la setmana, aprofitant les estones del pati, l\u2019alumnat va oferir diverses actuacions musicals preparades amb molta il\u00b7lusi\u00f3. Vam poder gaudir d\u2019interpretacions<strong> vocals i instrumentals<\/strong>, tan <strong>solistes<\/strong> com <strong>en grup<\/strong>, que van convertir aquests moments d\u2019esbarjo en petits concerts oberts a tota la comunitat educativa.<\/p>\n\n\n\n<p>Aquesta proposta ha estat una magn\u00edfica oportunitat perqu\u00e8 els infants compartissin la seva passi\u00f3 per la m\u00fasica, desenvolupessin la confian\u00e7a per actuar davant del p\u00fablic i gaudissin de les actuacions dels seus companys i companyes en un ambient de respecte, participaci\u00f3 i conviv\u00e8ncia.<\/p>\n\n\n\n<p>Felicitem tot l\u2019alumnat&nbsp;que hi va participar per la seva implicaci\u00f3 i entusiasme, aix\u00ed com el professorat que va fer possible aquesta setmana tan especial. Sens dubte, la m\u00fasica va ser la gran protagonista i va omplir l\u2019Escola Espiga de moments inoblidables.<\/p>\n","protected":false},"excerpt":{"rendered":"<p>Durant la setmana del 25 al 29 de maig, a l\u2019Escola Espiga vam celebrar la Setmana de la M\u00fasica, una iniciativa que va omplir els patis de ritme, emoci\u00f3 i molt de talent.<\/p>\n","protected":false},"author":1,"featured_media":5656,"comment_status":"open","ping_status":"open","sticky":false,"template":"","format":"standard","meta":{"_bbp_topic_count":0,"_bbp_reply_count":0,"_bbp_total_topic_count":0,"_bbp_total_reply_count":0,"_bbp_voice_count":0,"_bbp_anonymous_reply_count":0,"_bbp_topic_count_hidden":0,"_bbp_reply_count_hidden":0,"_bbp_forum_subforum_count":0,"site-sidebar-layout":"default","site-content-layout":"","ast-site-content-layout":"default","site-content-style":"default","site-sidebar-style":"default","ast-global-header-display":"","ast-banner-title-visibility":"","ast-main-header-display":"","ast-hfb-above-header-display":"","ast-hfb-below-header-display":"","ast-hfb-mobile-header-display":"","site-post-title":"","ast-breadcrumbs-content":"","ast-featured-img":"","footer-sml-layout":"","theme-transparent-header-meta":"","adv-header-id-meta":"","stick-header-meta":"","header-above-stick-meta":"","header-main-stick-meta":"","header-below-stick-meta":"","astra-migrate-meta-layouts":"set","ast-page-background-enabled":"default","ast-page-background-meta":{"desktop":{"background-color":"var(--ast-global-color-4)","background-image":"","background-repeat":"repeat","background-position":"center center","background-size":"auto","background-attachment":"scroll","background-type":"","background-media":"","overlay-type":"","overlay-color":"","overlay-opacity":"","overlay-gradient":""},"tablet":{"background-color":"","background-image":"","background-repeat":"repeat","background-position":"center center","background-size":"auto","background-attachment":"scroll","background-type":"","background-media":"","overlay-type":"","overlay-color":"","overlay-opacity":"","overlay-gradient":""},"mobile":{"background-color":"","background-image":"","background-repeat":"repeat","background-position":"center center","background-size":"auto","background-attachment":"scroll","background-type":"","background-media":"","overlay-type":"","overlay-color":"","overlay-opacity":"","overlay-gradient":""}},"ast-content-background-meta":{"desktop":{"background-color":"var(--ast-global-color-5)","background-image":"","background-repeat":"repeat","background-position":"center center","background-size":"auto","background-attachment":"scroll","background-type":"","background-media":"","overlay-type":"","overlay-color":"","overlay-opacity":"","overlay-gradient":""},"tablet":{"background-color":"var(--ast-global-color-5)","background-image":"","background-repeat":"repeat","background-position":"center center","background-size":"auto","background-attachment":"scroll","background-type":"","background-media":"","overlay-type":"","overlay-color":"","overlay-opacity":"","overlay-gradient":""},"mobile":{"background-color":"var(--ast-global-color-5)","background-image":"","background-repeat":"repeat","background-position":"center center","background-size":"auto","background-attachment":"scroll","background-type":"","background-media":"","overlay-type":"","overlay-color":"","overlay-opacity":"","overlay-gradient":""}},"footnotes":""},"categories":[124],"tags":[],"class_list":["post-5655","post","type-post","status-publish","format-standard","has-post-thumbnail","hentry","category-musica"],"post_mailing_queue_ids":[],"_links":{"self":[{"href":"https:\/\/agora.xtec.cat\/escola-espiga-lleida\/wp-json\/wp\/v2\/posts\/5655","targetHints":{"allow":["GET"]}}],"collection":[{"href":"https:\/\/agora.xtec.cat\/escola-espiga-lleida\/wp-json\/wp\/v2\/posts"}],"about":[{"href":"https:\/\/agora.xtec.cat\/escola-espiga-lleida\/wp-json\/wp\/v2\/types\/post"}],"author":[{"embeddable":true,"href":"https:\/\/agora.xtec.cat\/escola-espiga-lleida\/wp-json\/wp\/v2\/users\/1"}],"replies":[{"embeddable":true,"href":"https:\/\/agora.xtec.cat\/escola-espiga-lleida\/wp-json\/wp\/v2\/comments?post=5655"}],"version-history":[{"count":3,"href":"https:\/\/agora.xtec.cat\/escola-espiga-lleida\/wp-json\/wp\/v2\/posts\/5655\/revisions"}],"predecessor-version":[{"id":5659,"href":"https:\/\/agora.xtec.cat\/escola-espiga-lleida\/wp-json\/wp\/v2\/posts\/5655\/revisions\/5659"}],"wp:featuredmedia":[{"embeddable":true,"href":"https:\/\/agora.xtec.cat\/escola-espiga-lleida\/wp-json\/wp\/v2\/media\/5656"}],"wp:attachment":[{"href":"https:\/\/agora.xtec.cat\/escola-espiga-lleida\/wp-json\/wp\/v2\/media?parent=5655"}],"wp:term":[{"taxonomy":"category","embeddable":true,"href":"https:\/\/agora.xtec.cat\/escola-espiga-lleida\/wp-json\/wp\/v2\/categories?post=5655"},{"taxonomy":"post_tag","embeddable":true,"href":"https:\/\/agora.xtec.cat\/escola-espiga-lleida\/wp-json\/wp\/v2\/tags?post=5655"}],"curies":[{"name":"wp","href":"https:\/\/api.w.org\/{rel}","templated":true}]}}