{"id":5120,"date":"2026-05-15T20:02:38","date_gmt":"2026-05-15T18:02:38","guid":{"rendered":"https:\/\/agora.xtec.cat\/escola-espiga-lleida\/?p=5120"},"modified":"2026-07-30T19:42:59","modified_gmt":"2026-07-30T17:42:59","slug":"23ns-premis-educac","status":"publish","type":"post","link":"https:\/\/agora.xtec.cat\/escola-espiga-lleida\/general\/23ns-premis-educac\/","title":{"rendered":"23ns PREMIS eduCAC"},"content":{"rendered":"\n<p>L\u2019Escola Espiga, reconeguda als 23ns Premis eduCAC amb el projecte \u201cInfoESPIGA\u201d.<\/p>\n\n\n\n<p class=\"has-text-align-center has-white-color has-ast-global-color-0-background-color has-text-color has-background has-link-color has-medium-font-size wp-elements-cc7cefaf759baf1ee0bca4cedb97cab4\"><strong>El passat 15 de maig, una representaci\u00f3 de l\u2019Escola Espiga de Lleida va assistir a l\u2019acte d\u2019entrega dels 23ns Premis eduCAC, celebrat a Manresa, despr\u00e9s que el projecte \u201cInfoESPIGA\u201d fos seleccionat com a finalista d\u2019aquesta edici\u00f3.<\/strong><\/p>\n\n\n\n<p>Els Premis eduCAC, impulsats pel programa d\u2019educaci\u00f3 medi\u00e0tica del Consell de l\u2019Audiovisual de Catalunya (CAC), reconeixen projectes educatius que fomenten l\u2019esperit cr\u00edtic, l\u2019educaci\u00f3 en comunicaci\u00f3 i l\u2019\u00fas responsable dels mitjans audiovisuals entre els infants i joves.<\/p>\n\n\n\n<p>El treball \u201cInfoESPIGA\u201d ha estat desenvolupat amb la voluntat de potenciar les compet\u00e8ncies comunicatives i digitals de l\u2019alumnat, tot promovent la creaci\u00f3 de continguts informatius elaborats pels mateixos estudiants. El projecte afavoreix el treball cooperatiu, la creativitat i la mirada cr\u00edtica davant la informaci\u00f3 i els mitjans de comunicaci\u00f3.<\/p>\n\n\n\n<p>La Maite Navarro, la Mireia Castellv\u00ed i el Joan Gibert han assistit a la gala final a Manresa i destaquen que ha estat una experi\u00e8ncia molt enriquidora on s&#8217;ha pogut compartir espai amb altres centres educatius d\u2019arreu de Catalunya compromesos amb la innovaci\u00f3 i l\u2019educaci\u00f3 medi\u00e0tica.<\/p>\n\n\n\n<p>Des de l\u2019Escola Espiga volem felicitar tot l\u2019alumnat i professorat implicat en el projecte \u201cInfoESPIGA\u201d per la dedicaci\u00f3, l\u2019esfor\u00e7 i la il\u00b7lusi\u00f3 demostrats durant tot el proc\u00e9s. Aquest reconeixement ens anima a continuar impulsant iniciatives educatives que donin veu al nostre alumnat i fomentin una ciutadania cr\u00edtica, creativa i responsable.<\/p>\n\n\n\n<figure class=\"wp-block-gallery has-nested-images columns-default is-cropped wp-block-gallery-1 is-layout-flex wp-block-gallery-is-layout-flex\">\n<figure class=\"wp-block-image size-large\"><a href=\"https:\/\/agora.xtec.cat\/escola-espiga-lleida\/wp-content\/uploads\/usu273\/2026\/05\/eduCAC-2-scaled.jpg\" target=\"_blank\" rel=\" noreferrer noopener\"><img loading=\"lazy\" decoding=\"async\" width=\"1024\" height=\"683\" data-id=\"5134\" src=\"https:\/\/agora.xtec.cat\/escola-espiga-lleida\/wp-content\/uploads\/usu273\/2026\/05\/eduCAC-2-1024x683.jpg\" alt=\"\" class=\"wp-image-5134\" srcset=\"https:\/\/agora.xtec.cat\/escola-espiga-lleida\/wp-content\/uploads\/usu273\/2026\/05\/eduCAC-2-1024x683.jpg 1024w, https:\/\/agora.xtec.cat\/escola-espiga-lleida\/wp-content\/uploads\/usu273\/2026\/05\/eduCAC-2-300x200.jpg 300w, https:\/\/agora.xtec.cat\/escola-espiga-lleida\/wp-content\/uploads\/usu273\/2026\/05\/eduCAC-2-768x512.jpg 768w, https:\/\/agora.xtec.cat\/escola-espiga-lleida\/wp-content\/uploads\/usu273\/2026\/05\/eduCAC-2-1536x1024.jpg 1536w, https:\/\/agora.xtec.cat\/escola-espiga-lleida\/wp-content\/uploads\/usu273\/2026\/05\/eduCAC-2-2048x1365.jpg 2048w\" sizes=\"auto, (max-width: 1024px) 100vw, 1024px\" \/><\/a><\/figure>\n\n\n\n<figure class=\"wp-block-image size-large\"><a href=\"https:\/\/agora.xtec.cat\/escola-espiga-lleida\/wp-content\/uploads\/usu273\/2026\/05\/eduCAC-3-scaled.jpg\" target=\"_blank\" rel=\" noreferrer noopener\"><img loading=\"lazy\" decoding=\"async\" width=\"1024\" height=\"683\" data-id=\"5135\" src=\"https:\/\/agora.xtec.cat\/escola-espiga-lleida\/wp-content\/uploads\/usu273\/2026\/05\/eduCAC-3-1024x683.jpg\" alt=\"\" class=\"wp-image-5135\" srcset=\"https:\/\/agora.xtec.cat\/escola-espiga-lleida\/wp-content\/uploads\/usu273\/2026\/05\/eduCAC-3-1024x683.jpg 1024w, https:\/\/agora.xtec.cat\/escola-espiga-lleida\/wp-content\/uploads\/usu273\/2026\/05\/eduCAC-3-300x200.jpg 300w, https:\/\/agora.xtec.cat\/escola-espiga-lleida\/wp-content\/uploads\/usu273\/2026\/05\/eduCAC-3-768x512.jpg 768w, https:\/\/agora.xtec.cat\/escola-espiga-lleida\/wp-content\/uploads\/usu273\/2026\/05\/eduCAC-3-1536x1024.jpg 1536w, https:\/\/agora.xtec.cat\/escola-espiga-lleida\/wp-content\/uploads\/usu273\/2026\/05\/eduCAC-3-2048x1365.jpg 2048w\" sizes=\"auto, (max-width: 1024px) 100vw, 1024px\" \/><\/a><\/figure>\n\n\n\n<figure class=\"wp-block-image size-large\"><a href=\"https:\/\/agora.xtec.cat\/escola-espiga-lleida\/wp-content\/uploads\/usu273\/2026\/05\/eduCAC-03.jpeg\" target=\"_blank\" rel=\" noreferrer noopener\"><img loading=\"lazy\" decoding=\"async\" width=\"1024\" height=\"684\" data-id=\"5124\" src=\"https:\/\/agora.xtec.cat\/escola-espiga-lleida\/wp-content\/uploads\/usu273\/2026\/05\/eduCAC-03-1024x684.jpeg\" alt=\"\" class=\"wp-image-5124\" srcset=\"https:\/\/agora.xtec.cat\/escola-espiga-lleida\/wp-content\/uploads\/usu273\/2026\/05\/eduCAC-03-1024x684.jpeg 1024w, https:\/\/agora.xtec.cat\/escola-espiga-lleida\/wp-content\/uploads\/usu273\/2026\/05\/eduCAC-03-300x200.jpeg 300w, https:\/\/agora.xtec.cat\/escola-espiga-lleida\/wp-content\/uploads\/usu273\/2026\/05\/eduCAC-03-768x513.jpeg 768w, https:\/\/agora.xtec.cat\/escola-espiga-lleida\/wp-content\/uploads\/usu273\/2026\/05\/eduCAC-03-1536x1027.jpeg 1536w, https:\/\/agora.xtec.cat\/escola-espiga-lleida\/wp-content\/uploads\/usu273\/2026\/05\/eduCAC-03.jpeg 1616w\" sizes=\"auto, (max-width: 1024px) 100vw, 1024px\" \/><\/a><\/figure>\n\n\n\n<figure class=\"wp-block-image size-large\"><a href=\"https:\/\/agora.xtec.cat\/escola-espiga-lleida\/wp-content\/uploads\/usu273\/2026\/05\/eduCAC-4-scaled.jpg\" target=\"_blank\" rel=\" noreferrer noopener\"><img loading=\"lazy\" decoding=\"async\" width=\"1024\" height=\"683\" data-id=\"5136\" src=\"https:\/\/agora.xtec.cat\/escola-espiga-lleida\/wp-content\/uploads\/usu273\/2026\/05\/eduCAC-4-1024x683.jpg\" alt=\"\" class=\"wp-image-5136\" srcset=\"https:\/\/agora.xtec.cat\/escola-espiga-lleida\/wp-content\/uploads\/usu273\/2026\/05\/eduCAC-4-1024x683.jpg 1024w, https:\/\/agora.xtec.cat\/escola-espiga-lleida\/wp-content\/uploads\/usu273\/2026\/05\/eduCAC-4-300x200.jpg 300w, https:\/\/agora.xtec.cat\/escola-espiga-lleida\/wp-content\/uploads\/usu273\/2026\/05\/eduCAC-4-768x512.jpg 768w, https:\/\/agora.xtec.cat\/escola-espiga-lleida\/wp-content\/uploads\/usu273\/2026\/05\/eduCAC-4-1536x1024.jpg 1536w, https:\/\/agora.xtec.cat\/escola-espiga-lleida\/wp-content\/uploads\/usu273\/2026\/05\/eduCAC-4-2048x1365.jpg 2048w\" sizes=\"auto, (max-width: 1024px) 100vw, 1024px\" \/><\/a><\/figure>\n\n\n\n<figure class=\"wp-block-image size-large\"><a href=\"https:\/\/agora.xtec.cat\/escola-espiga-lleida\/wp-content\/uploads\/usu273\/2026\/05\/WhatsApp-Image-2026-05-15-at-17.48.42.jpeg\" target=\"_blank\" rel=\" noreferrer noopener\"><img loading=\"lazy\" decoding=\"async\" width=\"1024\" height=\"710\" data-id=\"5126\" src=\"https:\/\/agora.xtec.cat\/escola-espiga-lleida\/wp-content\/uploads\/usu273\/2026\/05\/WhatsApp-Image-2026-05-15-at-17.48.42-1024x710.jpeg\" alt=\"\" class=\"wp-image-5126\" srcset=\"https:\/\/agora.xtec.cat\/escola-espiga-lleida\/wp-content\/uploads\/usu273\/2026\/05\/WhatsApp-Image-2026-05-15-at-17.48.42-1024x710.jpeg 1024w, https:\/\/agora.xtec.cat\/escola-espiga-lleida\/wp-content\/uploads\/usu273\/2026\/05\/WhatsApp-Image-2026-05-15-at-17.48.42-300x208.jpeg 300w, https:\/\/agora.xtec.cat\/escola-espiga-lleida\/wp-content\/uploads\/usu273\/2026\/05\/WhatsApp-Image-2026-05-15-at-17.48.42-768x532.jpeg 768w, https:\/\/agora.xtec.cat\/escola-espiga-lleida\/wp-content\/uploads\/usu273\/2026\/05\/WhatsApp-Image-2026-05-15-at-17.48.42.jpeg 1369w\" sizes=\"auto, (max-width: 1024px) 100vw, 1024px\" \/><\/a><\/figure>\n\n\n\n<figure class=\"wp-block-image size-large\"><a href=\"https:\/\/agora.xtec.cat\/escola-espiga-lleida\/wp-content\/uploads\/usu273\/2026\/05\/eduCAC-01.jpeg\" target=\"_blank\" rel=\" noreferrer noopener\"><img loading=\"lazy\" decoding=\"async\" width=\"1024\" height=\"684\" data-id=\"5123\" src=\"https:\/\/agora.xtec.cat\/escola-espiga-lleida\/wp-content\/uploads\/usu273\/2026\/05\/eduCAC-01-1024x684.jpeg\" alt=\"\" class=\"wp-image-5123\" srcset=\"https:\/\/agora.xtec.cat\/escola-espiga-lleida\/wp-content\/uploads\/usu273\/2026\/05\/eduCAC-01-1024x684.jpeg 1024w, https:\/\/agora.xtec.cat\/escola-espiga-lleida\/wp-content\/uploads\/usu273\/2026\/05\/eduCAC-01-300x200.jpeg 300w, https:\/\/agora.xtec.cat\/escola-espiga-lleida\/wp-content\/uploads\/usu273\/2026\/05\/eduCAC-01-768x513.jpeg 768w, https:\/\/agora.xtec.cat\/escola-espiga-lleida\/wp-content\/uploads\/usu273\/2026\/05\/eduCAC-01-1536x1027.jpeg 1536w, https:\/\/agora.xtec.cat\/escola-espiga-lleida\/wp-content\/uploads\/usu273\/2026\/05\/eduCAC-01.jpeg 1616w\" sizes=\"auto, (max-width: 1024px) 100vw, 1024px\" \/><\/a><\/figure>\n\n\n\n<figure class=\"wp-block-image size-large\"><a href=\"https:\/\/agora.xtec.cat\/escola-espiga-lleida\/wp-content\/uploads\/usu273\/2026\/05\/eduCAC-1-scaled.jpg\" target=\"_blank\" rel=\" noreferrer noopener\"><img loading=\"lazy\" decoding=\"async\" width=\"1024\" height=\"683\" data-id=\"5133\" src=\"https:\/\/agora.xtec.cat\/escola-espiga-lleida\/wp-content\/uploads\/usu273\/2026\/05\/eduCAC-1-1024x683.jpg\" alt=\"\" class=\"wp-image-5133\" srcset=\"https:\/\/agora.xtec.cat\/escola-espiga-lleida\/wp-content\/uploads\/usu273\/2026\/05\/eduCAC-1-1024x683.jpg 1024w, https:\/\/agora.xtec.cat\/escola-espiga-lleida\/wp-content\/uploads\/usu273\/2026\/05\/eduCAC-1-300x200.jpg 300w, https:\/\/agora.xtec.cat\/escola-espiga-lleida\/wp-content\/uploads\/usu273\/2026\/05\/eduCAC-1-768x512.jpg 768w, https:\/\/agora.xtec.cat\/escola-espiga-lleida\/wp-content\/uploads\/usu273\/2026\/05\/eduCAC-1-1536x1024.jpg 1536w, https:\/\/agora.xtec.cat\/escola-espiga-lleida\/wp-content\/uploads\/usu273\/2026\/05\/eduCAC-1-2048x1365.jpg 2048w\" sizes=\"auto, (max-width: 1024px) 100vw, 1024px\" \/><\/a><\/figure>\n<\/figure>\n\n\n\n<p><\/p>\n\n\n\n<figure class=\"wp-block-image aligncenter is-resized\"><a href=\"https:\/\/drive.google.com\/file\/d\/1DY2-YUbxkVzrWJdi7McbBRrX7HSJ2ort\/view?usp=sharing\" target=\"_blank\" rel=\"noopener\"><img loading=\"lazy\" decoding=\"async\" width=\"300\" height=\"169\" src=\"https:\/\/agora.xtec.cat\/escola-espiga-lleida\/wp-content\/uploads\/usu273\/2026\/05\/Captura-300x169.jpg\" alt=\"\" class=\"wp-image-5130\" style=\"width:544px;height:auto\" srcset=\"https:\/\/agora.xtec.cat\/escola-espiga-lleida\/wp-content\/uploads\/usu273\/2026\/05\/Captura-300x169.jpg 300w, https:\/\/agora.xtec.cat\/escola-espiga-lleida\/wp-content\/uploads\/usu273\/2026\/05\/Captura-1024x576.jpg 1024w, https:\/\/agora.xtec.cat\/escola-espiga-lleida\/wp-content\/uploads\/usu273\/2026\/05\/Captura-768x432.jpg 768w, https:\/\/agora.xtec.cat\/escola-espiga-lleida\/wp-content\/uploads\/usu273\/2026\/05\/Captura-1536x864.jpg 1536w, https:\/\/agora.xtec.cat\/escola-espiga-lleida\/wp-content\/uploads\/usu273\/2026\/05\/Captura-2048x1152.jpg 2048w\" sizes=\"auto, (max-width: 300px) 100vw, 300px\" \/><\/a><\/figure>\n\n\n\n<p class=\"has-text-align-center\">Enlla\u00e7 a la not\u00edcia de l&#8217;InfoK:<\/p>\n","protected":false},"excerpt":{"rendered":"<p>L\u2019Escola Espiga, reconeguda als 23ns Premis eduCAC amb el projecte \u201cInfoESPIGA\u201d.<\/p>\n","protected":false},"author":1,"featured_media":5268,"comment_status":"open","ping_status":"open","sticky":false,"template":"","format":"standard","meta":{"_bbp_topic_count":0,"_bbp_reply_count":0,"_bbp_total_topic_count":0,"_bbp_total_reply_count":0,"_bbp_voice_count":0,"_bbp_anonymous_reply_count":0,"_bbp_topic_count_hidden":0,"_bbp_reply_count_hidden":0,"_bbp_forum_subforum_count":0,"site-sidebar-layout":"default","site-content-layout":"","ast-site-content-layout":"default","site-content-style":"default","site-sidebar-style":"default","ast-global-header-display":"","ast-banner-title-visibility":"","ast-main-header-display":"","ast-hfb-above-header-display":"","ast-hfb-below-header-display":"","ast-hfb-mobile-header-display":"","site-post-title":"","ast-breadcrumbs-content":"","ast-featured-img":"","footer-sml-layout":"","theme-transparent-header-meta":"","adv-header-id-meta":"","stick-header-meta":"","header-above-stick-meta":"","header-main-stick-meta":"","header-below-stick-meta":"","astra-migrate-meta-layouts":"set","ast-page-background-enabled":"default","ast-page-background-meta":{"desktop":{"background-color":"var(--ast-global-color-4)","background-image":"","background-repeat":"repeat","background-position":"center center","background-size":"auto","background-attachment":"scroll","background-type":"","background-media":"","overlay-type":"","overlay-color":"","overlay-opacity":"","overlay-gradient":""},"tablet":{"background-color":"","background-image":"","background-repeat":"repeat","background-position":"center center","background-size":"auto","background-attachment":"scroll","background-type":"","background-media":"","overlay-type":"","overlay-color":"","overlay-opacity":"","overlay-gradient":""},"mobile":{"background-color":"","background-image":"","background-repeat":"repeat","background-position":"center center","background-size":"auto","background-attachment":"scroll","background-type":"","background-media":"","overlay-type":"","overlay-color":"","overlay-opacity":"","overlay-gradient":""}},"ast-content-background-meta":{"desktop":{"background-color":"var(--ast-global-color-5)","background-image":"","background-repeat":"repeat","background-position":"center center","background-size":"auto","background-attachment":"scroll","background-type":"","background-media":"","overlay-type":"","overlay-color":"","overlay-opacity":"","overlay-gradient":""},"tablet":{"background-color":"var(--ast-global-color-5)","background-image":"","background-repeat":"repeat","background-position":"center center","background-size":"auto","background-attachment":"scroll","background-type":"","background-media":"","overlay-type":"","overlay-color":"","overlay-opacity":"","overlay-gradient":""},"mobile":{"background-color":"var(--ast-global-color-5)","background-image":"","background-repeat":"repeat","background-position":"center center","background-size":"auto","background-attachment":"scroll","background-type":"","background-media":"","overlay-type":"","overlay-color":"","overlay-opacity":"","overlay-gradient":""}},"footnotes":""},"categories":[1,4],"tags":[25,117,21],"class_list":["post-5120","post","type-post","status-publish","format-standard","has-post-thumbnail","hentry","category-general","category-portada","tag-concurs","tag-curs-2025-2026","tag-premis"],"post_mailing_queue_ids":[],"_links":{"self":[{"href":"https:\/\/agora.xtec.cat\/escola-espiga-lleida\/wp-json\/wp\/v2\/posts\/5120","targetHints":{"allow":["GET"]}}],"collection":[{"href":"https:\/\/agora.xtec.cat\/escola-espiga-lleida\/wp-json\/wp\/v2\/posts"}],"about":[{"href":"https:\/\/agora.xtec.cat\/escola-espiga-lleida\/wp-json\/wp\/v2\/types\/post"}],"author":[{"embeddable":true,"href":"https:\/\/agora.xtec.cat\/escola-espiga-lleida\/wp-json\/wp\/v2\/users\/1"}],"replies":[{"embeddable":true,"href":"https:\/\/agora.xtec.cat\/escola-espiga-lleida\/wp-json\/wp\/v2\/comments?post=5120"}],"version-history":[{"count":6,"href":"https:\/\/agora.xtec.cat\/escola-espiga-lleida\/wp-json\/wp\/v2\/posts\/5120\/revisions"}],"predecessor-version":[{"id":5550,"href":"https:\/\/agora.xtec.cat\/escola-espiga-lleida\/wp-json\/wp\/v2\/posts\/5120\/revisions\/5550"}],"wp:featuredmedia":[{"embeddable":true,"href":"https:\/\/agora.xtec.cat\/escola-espiga-lleida\/wp-json\/wp\/v2\/media\/5268"}],"wp:attachment":[{"href":"https:\/\/agora.xtec.cat\/escola-espiga-lleida\/wp-json\/wp\/v2\/media?parent=5120"}],"wp:term":[{"taxonomy":"category","embeddable":true,"href":"https:\/\/agora.xtec.cat\/escola-espiga-lleida\/wp-json\/wp\/v2\/categories?post=5120"},{"taxonomy":"post_tag","embeddable":true,"href":"https:\/\/agora.xtec.cat\/escola-espiga-lleida\/wp-json\/wp\/v2\/tags?post=5120"}],"curies":[{"name":"wp","href":"https:\/\/api.w.org\/{rel}","templated":true}]}}