{"id":5059,"date":"2026-03-06T11:28:18","date_gmt":"2026-03-06T10:28:18","guid":{"rendered":"https:\/\/agora.xtec.cat\/escola-espiga-lleida\/?p=5059"},"modified":"2026-07-26T11:24:18","modified_gmt":"2026-07-26T09:24:18","slug":"el-cepepc-des-de-dins","status":"publish","type":"post","link":"https:\/\/agora.xtec.cat\/escola-espiga-lleida\/general\/el-cepepc-des-de-dins\/","title":{"rendered":"EL CEPEPC DES DE DINS"},"content":{"rendered":"\n<figure class=\"wp-block-image alignleft\"><img decoding=\"async\" src=\"https:\/\/agora.xtec.cat\/escola-espiga-lleida\/wp-content\/uploads\/usu273\/2026\/03\/Llibre-CEPEPC-178x300.jpg\" alt=\"\" class=\"wp-image-5067\"\/><\/figure>\n\n\n\n<p class=\"isSelectedEnd\">El dijous 5 de mar\u00e7 es va celebrar a la llibreria Abacus de Lleida la xerrada-debat <strong>\u201cEL CEPEPC: Un model pedag\u00f2gic en ple franquisme per a una societat democr\u00e0tica\u201d<\/strong>, un acte que va permetre recordar i reflexionar sobre l\u2019origen i el llegat d\u2019aquest moviment educatiu.<\/p>\n\n\n\n<p class=\"isSelectedEnd\">La confer\u00e8ncia va anar a c\u00e0rrec de <strong>Ricard Aymerich<\/strong>, coautor del llibre, exmestre, pare i director de l\u2019escola Anxaneta de Matar\u00f3, que va oferir una mirada des de dins sobre l\u2019experi\u00e8ncia del <strong>CEPEPC (Col\u00b7lectiu d\u2019Escoles per l\u2019Escola P\u00fablica Catalana)<\/strong>. Durant la seva intervenci\u00f3, Aymerich va explicar el context en qu\u00e8 va n\u00e9ixer aquest col\u00b7lectiu en els darrers anys del franquisme i el paper clau que va tenir en la construcci\u00f3 d\u2019un model educatiu comprom\u00e8s amb la llengua, la participaci\u00f3 i els valors democr\u00e0tics.<\/p>\n\n\n\n<p class=\"isSelectedEnd\">L\u2019acte tamb\u00e9 va comptar amb la participaci\u00f3 d\u2019antics mestres, pares, mares i alumnes de les escoles <strong>Alba, Espiga i Sant Jordi de Lleida<\/strong>, que van compartir records, viv\u00e8ncies i reflexions sobre aquella etapa, aix\u00ed com l\u2019impacte que aquestes escoles van tenir en la renovaci\u00f3 pedag\u00f2gica i en la defensa d\u2019una escola catalana, democr\u00e0tica i oberta a la societat.<\/p>\n\n\n\n<p class=\"has-text-align-center isSelectedEnd has-white-color has-ast-global-color-0-background-color has-text-color has-background has-link-color wp-elements-b98ce619cbc15b2f1c9d5d3dd2f3615e\"><strong>La trobada va servir tamb\u00e9 com a presentaci\u00f3 a Lleida del llibre <em>\u201cEl CEPEPC des de dins. La for\u00e7a col\u00b7lectiva d\u2019una convicci\u00f3\u201d<\/em>, una obra que recull testimonis i mem\u00f2ria d\u2019un moviment educatiu que va contribuir de manera decisiva a la construcci\u00f3 de l\u2019escola p\u00fablica catalana tal com la coneixem avui.<\/strong><\/p>\n\n\n\n<p>L\u2019acte va esdevenir un espai de mem\u00f2ria, reconeixement i debat que va posar en valor la for\u00e7a del treball col\u00b7lectiu i el comprom\u00eds de mestres, fam\u00edlies i alumnat amb una educaci\u00f3 transformadora.<\/p>\n\n\n\n<figure class=\"wp-block-gallery has-nested-images columns-default is-cropped wp-block-gallery-1 is-layout-flex wp-block-gallery-is-layout-flex\">\n<figure class=\"wp-block-image size-large\"><a href=\"https:\/\/agora.xtec.cat\/escola-espiga-lleida\/wp-content\/uploads\/usu273\/2026\/03\/1-CEPEPC.jpeg\" target=\"_blank\" rel=\" noreferrer noopener\"><img loading=\"lazy\" decoding=\"async\" width=\"1024\" height=\"577\" data-id=\"5061\" src=\"https:\/\/agora.xtec.cat\/escola-espiga-lleida\/wp-content\/uploads\/usu273\/2026\/03\/1-CEPEPC-1024x577.jpeg\" alt=\"\" class=\"wp-image-5061\" srcset=\"https:\/\/agora.xtec.cat\/escola-espiga-lleida\/wp-content\/uploads\/usu273\/2026\/03\/1-CEPEPC-1024x577.jpeg 1024w, https:\/\/agora.xtec.cat\/escola-espiga-lleida\/wp-content\/uploads\/usu273\/2026\/03\/1-CEPEPC-300x169.jpeg 300w, https:\/\/agora.xtec.cat\/escola-espiga-lleida\/wp-content\/uploads\/usu273\/2026\/03\/1-CEPEPC-768x432.jpeg 768w, https:\/\/agora.xtec.cat\/escola-espiga-lleida\/wp-content\/uploads\/usu273\/2026\/03\/1-CEPEPC-1536x865.jpeg 1536w, https:\/\/agora.xtec.cat\/escola-espiga-lleida\/wp-content\/uploads\/usu273\/2026\/03\/1-CEPEPC.jpeg 2048w\" sizes=\"auto, (max-width: 1024px) 100vw, 1024px\" \/><\/a><\/figure>\n\n\n\n<figure class=\"wp-block-image size-large\"><a href=\"https:\/\/agora.xtec.cat\/escola-espiga-lleida\/wp-content\/uploads\/usu273\/2026\/03\/2-CEPEPC.jpeg\" target=\"_blank\" rel=\" noreferrer noopener\"><img loading=\"lazy\" decoding=\"async\" width=\"1024\" height=\"577\" data-id=\"5062\" src=\"https:\/\/agora.xtec.cat\/escola-espiga-lleida\/wp-content\/uploads\/usu273\/2026\/03\/2-CEPEPC-1024x577.jpeg\" alt=\"\" class=\"wp-image-5062\" srcset=\"https:\/\/agora.xtec.cat\/escola-espiga-lleida\/wp-content\/uploads\/usu273\/2026\/03\/2-CEPEPC-1024x577.jpeg 1024w, https:\/\/agora.xtec.cat\/escola-espiga-lleida\/wp-content\/uploads\/usu273\/2026\/03\/2-CEPEPC-300x169.jpeg 300w, https:\/\/agora.xtec.cat\/escola-espiga-lleida\/wp-content\/uploads\/usu273\/2026\/03\/2-CEPEPC-768x432.jpeg 768w, https:\/\/agora.xtec.cat\/escola-espiga-lleida\/wp-content\/uploads\/usu273\/2026\/03\/2-CEPEPC-1536x865.jpeg 1536w, https:\/\/agora.xtec.cat\/escola-espiga-lleida\/wp-content\/uploads\/usu273\/2026\/03\/2-CEPEPC.jpeg 2048w\" sizes=\"auto, (max-width: 1024px) 100vw, 1024px\" \/><\/a><\/figure>\n\n\n\n<figure class=\"wp-block-image size-large\"><a href=\"https:\/\/agora.xtec.cat\/escola-espiga-lleida\/wp-content\/uploads\/usu273\/2026\/03\/3-CEPEPC.jpeg\" target=\"_blank\" rel=\" noreferrer noopener\"><img loading=\"lazy\" decoding=\"async\" width=\"1024\" height=\"577\" data-id=\"5063\" src=\"https:\/\/agora.xtec.cat\/escola-espiga-lleida\/wp-content\/uploads\/usu273\/2026\/03\/3-CEPEPC-1024x577.jpeg\" alt=\"\" class=\"wp-image-5063\" srcset=\"https:\/\/agora.xtec.cat\/escola-espiga-lleida\/wp-content\/uploads\/usu273\/2026\/03\/3-CEPEPC-1024x577.jpeg 1024w, https:\/\/agora.xtec.cat\/escola-espiga-lleida\/wp-content\/uploads\/usu273\/2026\/03\/3-CEPEPC-300x169.jpeg 300w, https:\/\/agora.xtec.cat\/escola-espiga-lleida\/wp-content\/uploads\/usu273\/2026\/03\/3-CEPEPC-768x432.jpeg 768w, https:\/\/agora.xtec.cat\/escola-espiga-lleida\/wp-content\/uploads\/usu273\/2026\/03\/3-CEPEPC-1536x865.jpeg 1536w, https:\/\/agora.xtec.cat\/escola-espiga-lleida\/wp-content\/uploads\/usu273\/2026\/03\/3-CEPEPC.jpeg 2048w\" sizes=\"auto, (max-width: 1024px) 100vw, 1024px\" \/><\/a><\/figure>\n<\/figure>\n\n\n\n<p><\/p>\n","protected":false},"excerpt":{"rendered":"<p>El dijous 5 de mar\u00e7 es va celebrar a la llibreria Abacus de Lleida la xerrada-debat \u201cEL CEPEPC: Un model pedag\u00f2gic en ple franquisme per a una societat democr\u00e0tica\u201d.<\/p>\n","protected":false},"author":1,"featured_media":5274,"comment_status":"open","ping_status":"open","sticky":false,"template":"","format":"standard","meta":{"_bbp_topic_count":0,"_bbp_reply_count":0,"_bbp_total_topic_count":0,"_bbp_total_reply_count":0,"_bbp_voice_count":0,"_bbp_anonymous_reply_count":0,"_bbp_topic_count_hidden":0,"_bbp_reply_count_hidden":0,"_bbp_forum_subforum_count":0,"site-sidebar-layout":"default","site-content-layout":"","ast-site-content-layout":"default","site-content-style":"default","site-sidebar-style":"default","ast-global-header-display":"","ast-banner-title-visibility":"","ast-main-header-display":"","ast-hfb-above-header-display":"","ast-hfb-below-header-display":"","ast-hfb-mobile-header-display":"","site-post-title":"","ast-breadcrumbs-content":"","ast-featured-img":"","footer-sml-layout":"","theme-transparent-header-meta":"","adv-header-id-meta":"","stick-header-meta":"","header-above-stick-meta":"","header-main-stick-meta":"","header-below-stick-meta":"","astra-migrate-meta-layouts":"set","ast-page-background-enabled":"default","ast-page-background-meta":{"desktop":{"background-color":"var(--ast-global-color-4)","background-image":"","background-repeat":"repeat","background-position":"center center","background-size":"auto","background-attachment":"scroll","background-type":"","background-media":"","overlay-type":"","overlay-color":"","overlay-opacity":"","overlay-gradient":""},"tablet":{"background-color":"","background-image":"","background-repeat":"repeat","background-position":"center center","background-size":"auto","background-attachment":"scroll","background-type":"","background-media":"","overlay-type":"","overlay-color":"","overlay-opacity":"","overlay-gradient":""},"mobile":{"background-color":"","background-image":"","background-repeat":"repeat","background-position":"center center","background-size":"auto","background-attachment":"scroll","background-type":"","background-media":"","overlay-type":"","overlay-color":"","overlay-opacity":"","overlay-gradient":""}},"ast-content-background-meta":{"desktop":{"background-color":"var(--ast-global-color-5)","background-image":"","background-repeat":"repeat","background-position":"center center","background-size":"auto","background-attachment":"scroll","background-type":"","background-media":"","overlay-type":"","overlay-color":"","overlay-opacity":"","overlay-gradient":""},"tablet":{"background-color":"var(--ast-global-color-5)","background-image":"","background-repeat":"repeat","background-position":"center center","background-size":"auto","background-attachment":"scroll","background-type":"","background-media":"","overlay-type":"","overlay-color":"","overlay-opacity":"","overlay-gradient":""},"mobile":{"background-color":"var(--ast-global-color-5)","background-image":"","background-repeat":"repeat","background-position":"center center","background-size":"auto","background-attachment":"scroll","background-type":"","background-media":"","overlay-type":"","overlay-color":"","overlay-opacity":"","overlay-gradient":""}},"footnotes":""},"categories":[1,4],"tags":[117,30,81],"class_list":["post-5059","post","type-post","status-publish","format-standard","has-post-thumbnail","hentry","category-general","category-portada","tag-curs-2025-2026","tag-lectura","tag-llibres"],"post_mailing_queue_ids":[],"_links":{"self":[{"href":"https:\/\/agora.xtec.cat\/escola-espiga-lleida\/wp-json\/wp\/v2\/posts\/5059","targetHints":{"allow":["GET"]}}],"collection":[{"href":"https:\/\/agora.xtec.cat\/escola-espiga-lleida\/wp-json\/wp\/v2\/posts"}],"about":[{"href":"https:\/\/agora.xtec.cat\/escola-espiga-lleida\/wp-json\/wp\/v2\/types\/post"}],"author":[{"embeddable":true,"href":"https:\/\/agora.xtec.cat\/escola-espiga-lleida\/wp-json\/wp\/v2\/users\/1"}],"replies":[{"embeddable":true,"href":"https:\/\/agora.xtec.cat\/escola-espiga-lleida\/wp-json\/wp\/v2\/comments?post=5059"}],"version-history":[{"count":6,"href":"https:\/\/agora.xtec.cat\/escola-espiga-lleida\/wp-json\/wp\/v2\/posts\/5059\/revisions"}],"predecessor-version":[{"id":5464,"href":"https:\/\/agora.xtec.cat\/escola-espiga-lleida\/wp-json\/wp\/v2\/posts\/5059\/revisions\/5464"}],"wp:featuredmedia":[{"embeddable":true,"href":"https:\/\/agora.xtec.cat\/escola-espiga-lleida\/wp-json\/wp\/v2\/media\/5274"}],"wp:attachment":[{"href":"https:\/\/agora.xtec.cat\/escola-espiga-lleida\/wp-json\/wp\/v2\/media?parent=5059"}],"wp:term":[{"taxonomy":"category","embeddable":true,"href":"https:\/\/agora.xtec.cat\/escola-espiga-lleida\/wp-json\/wp\/v2\/categories?post=5059"},{"taxonomy":"post_tag","embeddable":true,"href":"https:\/\/agora.xtec.cat\/escola-espiga-lleida\/wp-json\/wp\/v2\/tags?post=5059"}],"curies":[{"name":"wp","href":"https:\/\/api.w.org\/{rel}","templated":true}]}}