{"id":5018,"date":"2026-01-30T16:10:03","date_gmt":"2026-01-30T15:10:03","guid":{"rendered":"https:\/\/agora.xtec.cat\/escola-espiga-lleida\/?p=5018"},"modified":"2026-07-26T11:23:46","modified_gmt":"2026-07-26T09:23:46","slug":"denip-2026","status":"publish","type":"post","link":"https:\/\/agora.xtec.cat\/escola-espiga-lleida\/general\/denip-2026\/","title":{"rendered":"DENIP 2026"},"content":{"rendered":"\n<p class=\"has-text-align-center has-white-color has-ast-global-color-0-background-color has-text-color has-background has-link-color has-medium-font-size wp-elements-1116a2058d03349f1b4c0ec7d5c896ab\">Amb motiu del <strong data-start=\"58\" data-end=\"109\">Dia Escolar de la No-viol\u00e8ncia i la Pau (DENIP)<\/strong>, a l\u2019Escola ESPIGA de Lleida hem celebrat una jornada plena de reflexions, conviv\u00e8ncia i comprom\u00eds amb els valors de la pau, el respecte, la just\u00edcia i la solidaritat.<\/p>\n\n\n\n<p>Al llarg del <strong>mat\u00ed<\/strong>, l\u2019alumnat ha participat en el <strong data-start=\"327\" data-end=\"363\">visionat de pel\u00b7l\u00edcules i contes<\/strong> adaptats a cada edat, que han servit com a punt de partida per treballar la resoluci\u00f3 pac\u00edfica dels conflictes, l\u2019empatia i la conviv\u00e8ncia. A continuaci\u00f3, s&#8217;han dut a terme <strong data-start=\"538\" data-end=\"565\">reflexions i cinef\u00f2rums<\/strong> als diferents grups, fomentant el di\u00e0leg, l\u2019esperit cr\u00edtic i l\u2019expressi\u00f3 d\u2019opinions. Paral\u00b7lelament, cada cicle ha <strong data-start=\"705\" data-end=\"736\">decorat els seus expositors<\/strong> amb treballs relacionats amb la pau i els contes i pel\u00b7l\u00edcules visionades, convertint els espais de l\u2019Escola en un reflex dels aprenentatges compartits durant la jornada.<\/p>\n\n\n\n<p>A la <strong data-start=\"876\" data-end=\"885\">tarda,<\/strong>&nbsp;ens hem reunit al <strong data-start=\"931\" data-end=\"939\">pati<\/strong> per celebrar l\u2019<strong data-start=\"955\" data-end=\"968\">acte com\u00fa, <\/strong>hem<span style=\"font-family: inherit; font-size: 1em;\">&nbsp;llegit un <\/span><strong style=\"font-family: inherit; font-size: 1em;\" data-start=\"993\" data-end=\"1016\">manifest per la pau<\/strong><span style=\"font-family: inherit; font-size: 1em;\">, hem representat el<\/span><strong style=\"font-family: inherit; font-size: 1em;\" data-start=\"1037\" data-end=\"1075\">&nbsp;s\u00edmbol de la pau<\/strong><span style=\"font-family: inherit; font-size: 1em;\"> amb la participaci\u00f3 de tots els nens, nenes i docents i s&#8217;ha posat el punt final a l\u2019acte amb el cant conjunt de la can\u00e7\u00f3 <\/span><strong style=\"font-family: inherit; font-size: 1em;\" data-start=\"1200\" data-end=\"1217\">\u201c<\/strong><strong><a href=\"https:\/\/drive.google.com\/file\/d\/1XNObX_j9Mh7OjLD2nXagyiZWrtojN28R\/view?usp=sharing\" target=\"_blank\" rel=\"noopener\">No dubtaria<\/a><\/strong><strong style=\"font-family: inherit; font-size: 1em;\" data-start=\"1200\" data-end=\"1217\">\u201d<\/strong><span style=\"font-family: inherit; font-size: 1em;\">, en la versi\u00f3 de la <\/span><strong style=\"font-family: inherit; font-size: 1em;\" data-start=\"1238\" data-end=\"1272\">Marat\u00f3 2013 del grup Margarett<\/strong><span style=\"font-family: inherit; font-size: 1em;\"> (adaptaci\u00f3 de la can\u00e7\u00f3 <\/span><em style=\"font-family: inherit; font-size: 1em;\" data-start=\"1296\" data-end=\"1310\">\u201cNo dudar\u00eda\u201d<\/em><span style=\"font-family: inherit; font-size: 1em;\"> d\u2019Antonio Flores).<\/span><\/p>\n\n\n\n<figure class=\"wp-block-image aligncenter\"><a href=\"https:\/\/agora.xtec.cat\/escola-espiga-lleida\/wp-content\/uploads\/usu273\/2026\/01\/IMG_1304-scaled.jpg\" target=\"_blank\" rel=\"noopener\"><img loading=\"lazy\" decoding=\"async\" width=\"1024\" height=\"576\" src=\"https:\/\/agora.xtec.cat\/escola-espiga-lleida\/wp-content\/uploads\/usu273\/2026\/01\/IMG_1304-1024x576.jpg\" alt=\"\" class=\"wp-image-5027\" srcset=\"https:\/\/agora.xtec.cat\/escola-espiga-lleida\/wp-content\/uploads\/usu273\/2026\/01\/IMG_1304-1024x576.jpg 1024w, https:\/\/agora.xtec.cat\/escola-espiga-lleida\/wp-content\/uploads\/usu273\/2026\/01\/IMG_1304-300x169.jpg 300w, https:\/\/agora.xtec.cat\/escola-espiga-lleida\/wp-content\/uploads\/usu273\/2026\/01\/IMG_1304-768x432.jpg 768w, https:\/\/agora.xtec.cat\/escola-espiga-lleida\/wp-content\/uploads\/usu273\/2026\/01\/IMG_1304-1536x864.jpg 1536w, https:\/\/agora.xtec.cat\/escola-espiga-lleida\/wp-content\/uploads\/usu273\/2026\/01\/IMG_1304-2048x1152.jpg 2048w\" sizes=\"auto, (max-width: 1024px) 100vw, 1024px\" \/><\/a><\/figure>\n\n\n\n<p><\/p>\n\n\n\n<p>La celebraci\u00f3 del <strong data-start=\"1348\" data-end=\"1362\">DENIP 2026<\/strong> ha estat una oportunitat per reafirmar el comprom\u00eds de l\u2019Escola ESPIGA amb una educaci\u00f3 basada en els valors humans, la conviv\u00e8ncia i la construcci\u00f3 d\u2019un m\u00f3n m\u00e9s just i en pau.<\/p>\n","protected":false},"excerpt":{"rendered":"<p>Amb motiu del Dia Escolar de la No-viol\u00e8ncia i la Pau (DENIP), a l\u2019Escola ESPIGA de Lleida hem celebrat una jornada plena de reflexions, conviv\u00e8ncia i comprom\u00eds amb els valors de la pau, el respecte, la just\u00edcia i la solidaritat.<\/p>\n","protected":false},"author":1,"featured_media":5280,"comment_status":"open","ping_status":"open","sticky":false,"template":"","format":"standard","meta":{"_bbp_topic_count":0,"_bbp_reply_count":0,"_bbp_total_topic_count":0,"_bbp_total_reply_count":0,"_bbp_voice_count":0,"_bbp_anonymous_reply_count":0,"_bbp_topic_count_hidden":0,"_bbp_reply_count_hidden":0,"_bbp_forum_subforum_count":0,"site-sidebar-layout":"default","site-content-layout":"","ast-site-content-layout":"default","site-content-style":"default","site-sidebar-style":"default","ast-global-header-display":"","ast-banner-title-visibility":"","ast-main-header-display":"","ast-hfb-above-header-display":"","ast-hfb-below-header-display":"","ast-hfb-mobile-header-display":"","site-post-title":"","ast-breadcrumbs-content":"","ast-featured-img":"","footer-sml-layout":"","theme-transparent-header-meta":"","adv-header-id-meta":"","stick-header-meta":"","header-above-stick-meta":"","header-main-stick-meta":"","header-below-stick-meta":"","astra-migrate-meta-layouts":"set","ast-page-background-enabled":"default","ast-page-background-meta":{"desktop":{"background-color":"var(--ast-global-color-4)","background-image":"","background-repeat":"repeat","background-position":"center center","background-size":"auto","background-attachment":"scroll","background-type":"","background-media":"","overlay-type":"","overlay-color":"","overlay-opacity":"","overlay-gradient":""},"tablet":{"background-color":"","background-image":"","background-repeat":"repeat","background-position":"center center","background-size":"auto","background-attachment":"scroll","background-type":"","background-media":"","overlay-type":"","overlay-color":"","overlay-opacity":"","overlay-gradient":""},"mobile":{"background-color":"","background-image":"","background-repeat":"repeat","background-position":"center center","background-size":"auto","background-attachment":"scroll","background-type":"","background-media":"","overlay-type":"","overlay-color":"","overlay-opacity":"","overlay-gradient":""}},"ast-content-background-meta":{"desktop":{"background-color":"var(--ast-global-color-5)","background-image":"","background-repeat":"repeat","background-position":"center center","background-size":"auto","background-attachment":"scroll","background-type":"","background-media":"","overlay-type":"","overlay-color":"","overlay-opacity":"","overlay-gradient":""},"tablet":{"background-color":"var(--ast-global-color-5)","background-image":"","background-repeat":"repeat","background-position":"center center","background-size":"auto","background-attachment":"scroll","background-type":"","background-media":"","overlay-type":"","overlay-color":"","overlay-opacity":"","overlay-gradient":""},"mobile":{"background-color":"var(--ast-global-color-5)","background-image":"","background-repeat":"repeat","background-position":"center center","background-size":"auto","background-attachment":"scroll","background-type":"","background-media":"","overlay-type":"","overlay-color":"","overlay-opacity":"","overlay-gradient":""}},"footnotes":""},"categories":[1,4],"tags":[78,117],"class_list":["post-5018","post","type-post","status-publish","format-standard","has-post-thumbnail","hentry","category-general","category-portada","tag-celebracions","tag-curs-2025-2026"],"post_mailing_queue_ids":[],"_links":{"self":[{"href":"https:\/\/agora.xtec.cat\/escola-espiga-lleida\/wp-json\/wp\/v2\/posts\/5018","targetHints":{"allow":["GET"]}}],"collection":[{"href":"https:\/\/agora.xtec.cat\/escola-espiga-lleida\/wp-json\/wp\/v2\/posts"}],"about":[{"href":"https:\/\/agora.xtec.cat\/escola-espiga-lleida\/wp-json\/wp\/v2\/types\/post"}],"author":[{"embeddable":true,"href":"https:\/\/agora.xtec.cat\/escola-espiga-lleida\/wp-json\/wp\/v2\/users\/1"}],"replies":[{"embeddable":true,"href":"https:\/\/agora.xtec.cat\/escola-espiga-lleida\/wp-json\/wp\/v2\/comments?post=5018"}],"version-history":[{"count":5,"href":"https:\/\/agora.xtec.cat\/escola-espiga-lleida\/wp-json\/wp\/v2\/posts\/5018\/revisions"}],"predecessor-version":[{"id":5323,"href":"https:\/\/agora.xtec.cat\/escola-espiga-lleida\/wp-json\/wp\/v2\/posts\/5018\/revisions\/5323"}],"wp:featuredmedia":[{"embeddable":true,"href":"https:\/\/agora.xtec.cat\/escola-espiga-lleida\/wp-json\/wp\/v2\/media\/5280"}],"wp:attachment":[{"href":"https:\/\/agora.xtec.cat\/escola-espiga-lleida\/wp-json\/wp\/v2\/media?parent=5018"}],"wp:term":[{"taxonomy":"category","embeddable":true,"href":"https:\/\/agora.xtec.cat\/escola-espiga-lleida\/wp-json\/wp\/v2\/categories?post=5018"},{"taxonomy":"post_tag","embeddable":true,"href":"https:\/\/agora.xtec.cat\/escola-espiga-lleida\/wp-json\/wp\/v2\/tags?post=5018"}],"curies":[{"name":"wp","href":"https:\/\/api.w.org\/{rel}","templated":true}]}}