{"id":4912,"date":"2025-10-17T17:16:58","date_gmt":"2025-10-17T15:16:58","guid":{"rendered":"https:\/\/agora.xtec.cat\/escola-espiga-lleida\/?p=4912"},"modified":"2026-07-26T11:23:03","modified_gmt":"2026-07-26T09:23:03","slug":"trobada-de-malls","status":"publish","type":"post","link":"https:\/\/agora.xtec.cat\/escola-espiga-lleida\/general\/trobada-de-malls\/","title":{"rendered":"TROBADA de MALLs"},"content":{"rendered":"\n<figure class=\"wp-block-image alignleft\"><a href=\"https:\/\/agora.xtec.cat\/escola-espiga-lleida\/wp-content\/uploads\/usu273\/2025\/10\/MALLs.jpeg\" target=\"_blank\" rel=\"noopener\"><img loading=\"lazy\" decoding=\"async\" width=\"410\" height=\"1024\" src=\"https:\/\/agora.xtec.cat\/escola-espiga-lleida\/wp-content\/uploads\/usu273\/2025\/10\/MALLs-410x1024.jpeg\" alt=\"\" class=\"wp-image-4914\" srcset=\"https:\/\/agora.xtec.cat\/escola-espiga-lleida\/wp-content\/uploads\/usu273\/2025\/10\/MALLs-410x1024.jpeg 410w, https:\/\/agora.xtec.cat\/escola-espiga-lleida\/wp-content\/uploads\/usu273\/2025\/10\/MALLs-120x300.jpeg 120w, https:\/\/agora.xtec.cat\/escola-espiga-lleida\/wp-content\/uploads\/usu273\/2025\/10\/MALLs.jpeg 640w\" sizes=\"auto, (max-width: 410px) 100vw, 410px\" \/><\/a><\/figure>\n\n\n\n<p>El passat divendres 17 d\u2019octubre de 2025, l\u2019Escola ESPIGA de Lleida va participar en la Trobada de MALLs (Mestres d\u2019Audici\u00f3 i Llenguatge) organitzada pel CREDA de Lleida. La jornada es va celebrar a la sala d\u2019actes de l\u2019Institut Joan Or\u00f3, un espai que va reunir professionals de diferents centres educatius de la demarcaci\u00f3 amb l\u2019objectiu de compartir experi\u00e8ncies, recursos i bones pr\u00e0ctiques relacionades amb la comunicaci\u00f3, el llenguatge i l\u2019atenci\u00f3 a la diversitat.<\/p>\n\n\n\n<p>Durant la trobada, la Mireia C. i el Joan G. van tenir l\u2019oportunitat de presentar l\u2019experi\u00e8ncia <strong>&#8220;Contacontes amb el Tale-Bot&#8221;<\/strong>, una proposta que combina la narraci\u00f3 de contes amb la rob\u00f2tica educativa per afavorir la participaci\u00f3 activa de l\u2019alumnat, estimular el desenvolupament del llenguatge i fomentar l\u2019aprenentatge de manera motivadora i inclusiva. Va ser molt gratificant poder compartir aquesta iniciativa amb altres professionals i intercanviar impressions sobre la seva aplicaci\u00f3 a l\u2019aula.<\/p>\n\n\n\n<p>Al llarg del mat\u00ed tamb\u00e9 vam poder assistir a altres presentacions molt interessants, que ens van permetre con\u00e8ixer projectes innovadors, estrat\u00e8gies d\u2019intervenci\u00f3 i recursos pr\u00e0ctics desenvolupats en diferents centres. L\u2019ambient de col\u00b7laboraci\u00f3, participaci\u00f3 i aprenentatge mutu va convertir la jornada en una experi\u00e8ncia molt enriquidora per a totes les persones assistents.<\/p>\n\n\n\n<p>Des de l\u2019Escola ESPIGA volem agrair al CREDA de Lleida l\u2019excel\u00b7lent organitzaci\u00f3 d\u2019aquesta trobada i la seva tasca de dinamitzaci\u00f3 entre els professionals del territori. Espais com aquest ens permeten fer xarxa, compartir coneixement i continuar avan\u00e7ant en la millora de la comunicaci\u00f3, l\u2019accessibilitat i l\u2019atenci\u00f3 educativa de qualitat per a tot l\u2019alumnat.<\/p>\n\n\n\n<figure class=\"wp-block-gallery has-nested-images columns-default is-cropped wp-block-gallery-1 is-layout-flex wp-block-gallery-is-layout-flex\">\n<figure class=\"wp-block-image size-large\"><a href=\"https:\/\/agora.xtec.cat\/escola-espiga-lleida\/wp-content\/uploads\/usu273\/2025\/10\/CARTELL-HORITZONTAL.jpg\" target=\"_blank\" rel=\" noreferrer noopener\"><img loading=\"lazy\" decoding=\"async\" width=\"1024\" height=\"724\" data-id=\"4917\" src=\"https:\/\/agora.xtec.cat\/escola-espiga-lleida\/wp-content\/uploads\/usu273\/2025\/10\/CARTELL-HORITZONTAL-1024x724.jpg\" alt=\"\" class=\"wp-image-4917\" srcset=\"https:\/\/agora.xtec.cat\/escola-espiga-lleida\/wp-content\/uploads\/usu273\/2025\/10\/CARTELL-HORITZONTAL-1024x724.jpg 1024w, https:\/\/agora.xtec.cat\/escola-espiga-lleida\/wp-content\/uploads\/usu273\/2025\/10\/CARTELL-HORITZONTAL-300x212.jpg 300w, https:\/\/agora.xtec.cat\/escola-espiga-lleida\/wp-content\/uploads\/usu273\/2025\/10\/CARTELL-HORITZONTAL-768x543.jpg 768w, https:\/\/agora.xtec.cat\/escola-espiga-lleida\/wp-content\/uploads\/usu273\/2025\/10\/CARTELL-HORITZONTAL-1536x1086.jpg 1536w, https:\/\/agora.xtec.cat\/escola-espiga-lleida\/wp-content\/uploads\/usu273\/2025\/10\/CARTELL-HORITZONTAL.jpg 2000w\" sizes=\"auto, (max-width: 1024px) 100vw, 1024px\" \/><\/a><\/figure>\n\n\n\n<figure class=\"wp-block-image size-large\"><a href=\"https:\/\/agora.xtec.cat\/escola-espiga-lleida\/wp-content\/uploads\/usu273\/2025\/10\/4af485dd-7a26-4e64-85d5-c4d42ef0d324.jpg\" target=\"_blank\" rel=\" noreferrer noopener\"><img loading=\"lazy\" decoding=\"async\" width=\"1024\" height=\"631\" data-id=\"4918\" src=\"https:\/\/agora.xtec.cat\/escola-espiga-lleida\/wp-content\/uploads\/usu273\/2025\/10\/4af485dd-7a26-4e64-85d5-c4d42ef0d324-1024x631.jpg\" alt=\"\" class=\"wp-image-4918\" srcset=\"https:\/\/agora.xtec.cat\/escola-espiga-lleida\/wp-content\/uploads\/usu273\/2025\/10\/4af485dd-7a26-4e64-85d5-c4d42ef0d324-1024x631.jpg 1024w, https:\/\/agora.xtec.cat\/escola-espiga-lleida\/wp-content\/uploads\/usu273\/2025\/10\/4af485dd-7a26-4e64-85d5-c4d42ef0d324-300x185.jpg 300w, https:\/\/agora.xtec.cat\/escola-espiga-lleida\/wp-content\/uploads\/usu273\/2025\/10\/4af485dd-7a26-4e64-85d5-c4d42ef0d324-768x473.jpg 768w, https:\/\/agora.xtec.cat\/escola-espiga-lleida\/wp-content\/uploads\/usu273\/2025\/10\/4af485dd-7a26-4e64-85d5-c4d42ef0d324.jpg 1262w\" sizes=\"auto, (max-width: 1024px) 100vw, 1024px\" \/><\/a><\/figure>\n<\/figure>\n","protected":false},"excerpt":{"rendered":"<p>El passat divendres 17 d\u2019octubre de 2025, l\u2019Escola ESPIGA de Lleida va participar en la Trobada de MALLs (Mestres d&#8217;Audici\u00f3 i Llenguatge) organitzada pel CREDA de Lleida.<\/p>\n","protected":false},"author":1,"featured_media":5294,"comment_status":"open","ping_status":"open","sticky":false,"template":"","format":"standard","meta":{"_bbp_topic_count":0,"_bbp_reply_count":0,"_bbp_total_topic_count":0,"_bbp_total_reply_count":0,"_bbp_voice_count":0,"_bbp_anonymous_reply_count":0,"_bbp_topic_count_hidden":0,"_bbp_reply_count_hidden":0,"_bbp_forum_subforum_count":0,"site-sidebar-layout":"default","site-content-layout":"","ast-site-content-layout":"default","site-content-style":"default","site-sidebar-style":"default","ast-global-header-display":"","ast-banner-title-visibility":"","ast-main-header-display":"","ast-hfb-above-header-display":"","ast-hfb-below-header-display":"","ast-hfb-mobile-header-display":"","site-post-title":"","ast-breadcrumbs-content":"","ast-featured-img":"","footer-sml-layout":"","theme-transparent-header-meta":"","adv-header-id-meta":"","stick-header-meta":"","header-above-stick-meta":"","header-main-stick-meta":"","header-below-stick-meta":"","astra-migrate-meta-layouts":"set","ast-page-background-enabled":"default","ast-page-background-meta":{"desktop":{"background-color":"var(--ast-global-color-4)","background-image":"","background-repeat":"repeat","background-position":"center center","background-size":"auto","background-attachment":"scroll","background-type":"","background-media":"","overlay-type":"","overlay-color":"","overlay-opacity":"","overlay-gradient":""},"tablet":{"background-color":"","background-image":"","background-repeat":"repeat","background-position":"center center","background-size":"auto","background-attachment":"scroll","background-type":"","background-media":"","overlay-type":"","overlay-color":"","overlay-opacity":"","overlay-gradient":""},"mobile":{"background-color":"","background-image":"","background-repeat":"repeat","background-position":"center center","background-size":"auto","background-attachment":"scroll","background-type":"","background-media":"","overlay-type":"","overlay-color":"","overlay-opacity":"","overlay-gradient":""}},"ast-content-background-meta":{"desktop":{"background-color":"var(--ast-global-color-5)","background-image":"","background-repeat":"repeat","background-position":"center center","background-size":"auto","background-attachment":"scroll","background-type":"","background-media":"","overlay-type":"","overlay-color":"","overlay-opacity":"","overlay-gradient":""},"tablet":{"background-color":"var(--ast-global-color-5)","background-image":"","background-repeat":"repeat","background-position":"center center","background-size":"auto","background-attachment":"scroll","background-type":"","background-media":"","overlay-type":"","overlay-color":"","overlay-opacity":"","overlay-gradient":""},"mobile":{"background-color":"var(--ast-global-color-5)","background-image":"","background-repeat":"repeat","background-position":"center center","background-size":"auto","background-attachment":"scroll","background-type":"","background-media":"","overlay-type":"","overlay-color":"","overlay-opacity":"","overlay-gradient":""}},"footnotes":""},"categories":[1,4],"tags":[117,119,110],"class_list":["post-4912","post","type-post","status-publish","format-standard","has-post-thumbnail","hentry","category-general","category-portada","tag-curs-2025-2026","tag-formacio","tag-xerrades"],"post_mailing_queue_ids":[],"_links":{"self":[{"href":"https:\/\/agora.xtec.cat\/escola-espiga-lleida\/wp-json\/wp\/v2\/posts\/4912","targetHints":{"allow":["GET"]}}],"collection":[{"href":"https:\/\/agora.xtec.cat\/escola-espiga-lleida\/wp-json\/wp\/v2\/posts"}],"about":[{"href":"https:\/\/agora.xtec.cat\/escola-espiga-lleida\/wp-json\/wp\/v2\/types\/post"}],"author":[{"embeddable":true,"href":"https:\/\/agora.xtec.cat\/escola-espiga-lleida\/wp-json\/wp\/v2\/users\/1"}],"replies":[{"embeddable":true,"href":"https:\/\/agora.xtec.cat\/escola-espiga-lleida\/wp-json\/wp\/v2\/comments?post=4912"}],"version-history":[{"count":6,"href":"https:\/\/agora.xtec.cat\/escola-espiga-lleida\/wp-json\/wp\/v2\/posts\/4912\/revisions"}],"predecessor-version":[{"id":5463,"href":"https:\/\/agora.xtec.cat\/escola-espiga-lleida\/wp-json\/wp\/v2\/posts\/4912\/revisions\/5463"}],"wp:featuredmedia":[{"embeddable":true,"href":"https:\/\/agora.xtec.cat\/escola-espiga-lleida\/wp-json\/wp\/v2\/media\/5294"}],"wp:attachment":[{"href":"https:\/\/agora.xtec.cat\/escola-espiga-lleida\/wp-json\/wp\/v2\/media?parent=4912"}],"wp:term":[{"taxonomy":"category","embeddable":true,"href":"https:\/\/agora.xtec.cat\/escola-espiga-lleida\/wp-json\/wp\/v2\/categories?post=4912"},{"taxonomy":"post_tag","embeddable":true,"href":"https:\/\/agora.xtec.cat\/escola-espiga-lleida\/wp-json\/wp\/v2\/tags?post=4912"}],"curies":[{"name":"wp","href":"https:\/\/api.w.org\/{rel}","templated":true}]}}