{"id":9932,"date":"2018-05-03T10:09:26","date_gmt":"2018-05-03T08:09:26","guid":{"rendered":"http:\/\/agora.xtec.cat\/escola-elsestanys\/?p=9932"},"modified":"2018-05-03T10:11:58","modified_gmt":"2018-05-03T08:11:58","slug":"cm-aula-en-el-medi-natural","status":"publish","type":"post","link":"https:\/\/agora.xtec.cat\/escola-elsestanys\/general\/cm-aula-en-el-medi-natural\/","title":{"rendered":"CM: aula en el medi natural"},"content":{"rendered":"<p>Amb els nois i noies de Religi\u00f3 de Cicle Mitj\u00e0 hem sortit al pati per parlar obertament dels talents que tenim. Ho hem revisat a partir de la par\u00e0bola de <strong><em>Els Talents<\/em><\/strong>, en la que un senyor reparteix diners a tres servents perqu\u00e8 els multipliquin. Aquesta activitat es realitza en el marc de les tres hist\u00f2ries de valors b\u00edblics que treballarem durant el darrer trimestre del curs. Les dues primeres han estat <em>El Bon Samarit\u00e0 i El Sembrador.<\/em> L&#8217;an\u00e0lisi ha estat profit\u00f3s i ha perm\u00e8s treure el m\u00e0xim profit de les nostres destreses.<\/p>\n<p><a href=\"http:\/\/agora.xtec.cat\/escola-elsestanys\/wp-content\/uploads\/usu1300\/2018\/05\/CM_relgio_aulapati.jpg\"><img loading=\"lazy\" decoding=\"async\" class=\"aligncenter size-full wp-image-9933\" src=\"http:\/\/agora.xtec.cat\/escola-elsestanys\/wp-content\/uploads\/usu1300\/2018\/05\/CM_relgio_aulapati.jpg\" alt=\"\" width=\"1700\" height=\"956\" srcset=\"https:\/\/agora.xtec.cat\/escola-elsestanys\/wp-content\/uploads\/usu1300\/2018\/05\/CM_relgio_aulapati.jpg 1700w, https:\/\/agora.xtec.cat\/escola-elsestanys\/wp-content\/uploads\/usu1300\/2018\/05\/CM_relgio_aulapati-300x169.jpg 300w, https:\/\/agora.xtec.cat\/escola-elsestanys\/wp-content\/uploads\/usu1300\/2018\/05\/CM_relgio_aulapati-768x432.jpg 768w, https:\/\/agora.xtec.cat\/escola-elsestanys\/wp-content\/uploads\/usu1300\/2018\/05\/CM_relgio_aulapati-1024x576.jpg 1024w\" sizes=\"auto, (max-width: 1700px) 100vw, 1700px\" \/><\/a><\/p>\n<p>&nbsp;<\/p>\n","protected":false},"excerpt":{"rendered":"<p>Amb els nois i noies de Religi\u00f3 de Cicle Mitj\u00e0 hem sortit al pati per parlar obertament dels talents que tenim. Ho hem revisat a partir de la par\u00e0bola de Els Talents, en la que un senyor reparteix diners a tres servents perqu\u00e8 els multipliquin. Aquesta activitat es realitza en el marc de les tres [&hellip;]<\/p>\n","protected":false},"author":1,"featured_media":9933,"comment_status":"open","ping_status":"closed","sticky":false,"template":"","format":"standard","meta":{"_bbp_topic_count":0,"_bbp_reply_count":0,"_bbp_total_topic_count":0,"_bbp_total_reply_count":0,"_bbp_voice_count":0,"_bbp_anonymous_reply_count":0,"_bbp_topic_count_hidden":0,"_bbp_reply_count_hidden":0,"_bbp_forum_subforum_count":0,"site-sidebar-layout":"default","site-content-layout":"","ast-site-content-layout":"","site-content-style":"default","site-sidebar-style":"default","ast-global-header-display":"","ast-banner-title-visibility":"","ast-main-header-display":"","ast-hfb-above-header-display":"","ast-hfb-below-header-display":"","ast-hfb-mobile-header-display":"","site-post-title":"","ast-breadcrumbs-content":"","ast-featured-img":"","footer-sml-layout":"","theme-transparent-header-meta":"","adv-header-id-meta":"","stick-header-meta":"","header-above-stick-meta":"","header-main-stick-meta":"","header-below-stick-meta":"","astra-migrate-meta-layouts":"default","ast-page-background-enabled":"default","ast-page-background-meta":{"desktop":{"background-color":"var(--ast-global-color-4)","background-image":"","background-repeat":"repeat","background-position":"center center","background-size":"auto","background-attachment":"scroll","background-type":"","background-media":"","overlay-type":"","overlay-color":"","overlay-opacity":"","overlay-gradient":""},"tablet":{"background-color":"","background-image":"","background-repeat":"repeat","background-position":"center center","background-size":"auto","background-attachment":"scroll","background-type":"","background-media":"","overlay-type":"","overlay-color":"","overlay-opacity":"","overlay-gradient":""},"mobile":{"background-color":"","background-image":"","background-repeat":"repeat","background-position":"center center","background-size":"auto","background-attachment":"scroll","background-type":"","background-media":"","overlay-type":"","overlay-color":"","overlay-opacity":"","overlay-gradient":""}},"ast-content-background-meta":{"desktop":{"background-color":"var(--ast-global-color-5)","background-image":"","background-repeat":"repeat","background-position":"center center","background-size":"auto","background-attachment":"scroll","background-type":"","background-media":"","overlay-type":"","overlay-color":"","overlay-opacity":"","overlay-gradient":""},"tablet":{"background-color":"var(--ast-global-color-5)","background-image":"","background-repeat":"repeat","background-position":"center center","background-size":"auto","background-attachment":"scroll","background-type":"","background-media":"","overlay-type":"","overlay-color":"","overlay-opacity":"","overlay-gradient":""},"mobile":{"background-color":"var(--ast-global-color-5)","background-image":"","background-repeat":"repeat","background-position":"center center","background-size":"auto","background-attachment":"scroll","background-type":"","background-media":"","overlay-type":"","overlay-color":"","overlay-opacity":"","overlay-gradient":""}},"footnotes":""},"categories":[1,4],"tags":[399,425,369,281],"class_list":["post-9932","post","type-post","status-publish","format-standard","has-post-thumbnail","hentry","category-general","category-portada","tag-biblia","tag-pati","tag-religio","tag-valors"],"post_mailing_queue_ids":[],"_links":{"self":[{"href":"https:\/\/agora.xtec.cat\/escola-elsestanys\/wp-json\/wp\/v2\/posts\/9932","targetHints":{"allow":["GET"]}}],"collection":[{"href":"https:\/\/agora.xtec.cat\/escola-elsestanys\/wp-json\/wp\/v2\/posts"}],"about":[{"href":"https:\/\/agora.xtec.cat\/escola-elsestanys\/wp-json\/wp\/v2\/types\/post"}],"author":[{"embeddable":true,"href":"https:\/\/agora.xtec.cat\/escola-elsestanys\/wp-json\/wp\/v2\/users\/1"}],"replies":[{"embeddable":true,"href":"https:\/\/agora.xtec.cat\/escola-elsestanys\/wp-json\/wp\/v2\/comments?post=9932"}],"version-history":[{"count":2,"href":"https:\/\/agora.xtec.cat\/escola-elsestanys\/wp-json\/wp\/v2\/posts\/9932\/revisions"}],"predecessor-version":[{"id":9935,"href":"https:\/\/agora.xtec.cat\/escola-elsestanys\/wp-json\/wp\/v2\/posts\/9932\/revisions\/9935"}],"wp:featuredmedia":[{"embeddable":true,"href":"https:\/\/agora.xtec.cat\/escola-elsestanys\/wp-json\/wp\/v2\/media\/9933"}],"wp:attachment":[{"href":"https:\/\/agora.xtec.cat\/escola-elsestanys\/wp-json\/wp\/v2\/media?parent=9932"}],"wp:term":[{"taxonomy":"category","embeddable":true,"href":"https:\/\/agora.xtec.cat\/escola-elsestanys\/wp-json\/wp\/v2\/categories?post=9932"},{"taxonomy":"post_tag","embeddable":true,"href":"https:\/\/agora.xtec.cat\/escola-elsestanys\/wp-json\/wp\/v2\/tags?post=9932"}],"curies":[{"name":"wp","href":"https:\/\/api.w.org\/{rel}","templated":true}]}}