{"id":9827,"date":"2018-04-12T10:40:07","date_gmt":"2018-04-12T08:40:07","guid":{"rendered":"http:\/\/agora.xtec.cat\/escola-elsestanys\/?p=9827"},"modified":"2018-04-12T10:40:40","modified_gmt":"2018-04-12T08:40:40","slug":"preinscripcio-del-13-al-24-dabril","status":"publish","type":"post","link":"https:\/\/agora.xtec.cat\/escola-elsestanys\/general\/preinscripcio-del-13-al-24-dabril\/","title":{"rendered":"PREINSCRIPCI\u00d3. Del 13 al 24 d&#8217;abril"},"content":{"rendered":"<p>Us posem l&#8217;enlla\u00e7 a tota la informaci\u00f3:<br \/>\n<a href=\"http:\/\/queestudiar.gencat.cat\/ca\/preinscripcio\/estudis\/obligatoris\/\" target=\"_blank\" rel=\"nofollow noopener noreferrer\" data-ft=\"{&quot;tn&quot;:&quot;-U&quot;}\" data-lynx-mode=\"asynclazy\" data-lynx-uri=\"https:\/\/l.facebook.com\/l.php?u=http%3A%2F%2Fqueestudiar.gencat.cat%2Fca%2Fpreinscripcio%2Festudis%2Fobligatoris%2F&amp;h=ATOEDNR-46zBpzFV36Bw9s1sx99xYTWszwOtee8ExO7fsX_bWUAgPg14EcBhusY2lUvkarmdNGs3bNg4OR0XSkYqWSycTLw3ElKxnRh0VT7rd7QB9ipSVbf4MfJiQUuhW50cEBWi\">http:\/\/queestudiar.gencat.cat\/\u2026\/preins\u2026\/estudis\/obligatoris\/<\/a><\/p>\n<p>Tamb\u00e9 us posem el de la sol\u00b7licitud:<span class=\"text_exposed_show\"><br \/>\n<a href=\"http:\/\/ensenyament.gencat.cat\/web\/shared\/OVT\/Departaments\/ENS\/TramitOVT\/preinscripcio\/obligatoris\/obligatoria-emp.pdf\" target=\"_blank\" rel=\"nofollow noopener noreferrer\" data-ft=\"{&quot;tn&quot;:&quot;-U&quot;}\" data-lynx-mode=\"asynclazy\" data-lynx-uri=\"https:\/\/l.facebook.com\/l.php?u=http%3A%2F%2Fensenyament.gencat.cat%2Fweb%2Fshared%2FOVT%2FDepartaments%2FENS%2FTramitOVT%2Fpreinscripcio%2Fobligatoris%2Fobligatoria-emp.pdf&amp;h=ATOuRsIumORuGbeCnCm0Yn_wEAcPaQunOoImoCf1Qws64RrE3xP_QtO8LwKssqEOHVAdyUu9NTRpfrhax7i4-_ExG9QQ1J4lbBXIOHcv5k5c8UKwM18xvxNbp-KfFqBccv8A_ZfQ\">http:\/\/ensenyament.gencat.cat\/\u2026\/obligat\u2026\/obligatoria-emp.pdf<\/a><\/span><\/p>\n<div class=\"text_exposed_show\">\n<p>HORARI SECRETARIA:<br \/>\nDilluns, dimecres i divendres de 9 a 11h<br \/>\nDimarts i dijous de 12 a 14h.<\/p>\n<\/div>\n","protected":false},"excerpt":{"rendered":"<p>Us posem l&#8217;enlla\u00e7 a tota la informaci\u00f3: http:\/\/queestudiar.gencat.cat\/\u2026\/preins\u2026\/estudis\/obligatoris\/ Tamb\u00e9 us posem el de la sol\u00b7licitud: http:\/\/ensenyament.gencat.cat\/\u2026\/obligat\u2026\/obligatoria-emp.pdf HORARI SECRETARIA: Dilluns, dimecres i divendres de 9 a 11h Dimarts i dijous de 12 a 14h.<\/p>\n","protected":false},"author":1,"featured_media":0,"comment_status":"open","ping_status":"closed","sticky":false,"template":"","format":"standard","meta":{"_bbp_topic_count":0,"_bbp_reply_count":0,"_bbp_total_topic_count":0,"_bbp_total_reply_count":0,"_bbp_voice_count":0,"_bbp_anonymous_reply_count":0,"_bbp_topic_count_hidden":0,"_bbp_reply_count_hidden":0,"_bbp_forum_subforum_count":0,"site-sidebar-layout":"default","site-content-layout":"","ast-site-content-layout":"","site-content-style":"default","site-sidebar-style":"default","ast-global-header-display":"","ast-banner-title-visibility":"","ast-main-header-display":"","ast-hfb-above-header-display":"","ast-hfb-below-header-display":"","ast-hfb-mobile-header-display":"","site-post-title":"","ast-breadcrumbs-content":"","ast-featured-img":"","footer-sml-layout":"","theme-transparent-header-meta":"","adv-header-id-meta":"","stick-header-meta":"","header-above-stick-meta":"","header-main-stick-meta":"","header-below-stick-meta":"","astra-migrate-meta-layouts":"default","ast-page-background-enabled":"default","ast-page-background-meta":{"desktop":{"background-color":"var(--ast-global-color-4)","background-image":"","background-repeat":"repeat","background-position":"center center","background-size":"auto","background-attachment":"scroll","background-type":"","background-media":"","overlay-type":"","overlay-color":"","overlay-opacity":"","overlay-gradient":""},"tablet":{"background-color":"","background-image":"","background-repeat":"repeat","background-position":"center center","background-size":"auto","background-attachment":"scroll","background-type":"","background-media":"","overlay-type":"","overlay-color":"","overlay-opacity":"","overlay-gradient":""},"mobile":{"background-color":"","background-image":"","background-repeat":"repeat","background-position":"center center","background-size":"auto","background-attachment":"scroll","background-type":"","background-media":"","overlay-type":"","overlay-color":"","overlay-opacity":"","overlay-gradient":""}},"ast-content-background-meta":{"desktop":{"background-color":"var(--ast-global-color-5)","background-image":"","background-repeat":"repeat","background-position":"center center","background-size":"auto","background-attachment":"scroll","background-type":"","background-media":"","overlay-type":"","overlay-color":"","overlay-opacity":"","overlay-gradient":""},"tablet":{"background-color":"var(--ast-global-color-5)","background-image":"","background-repeat":"repeat","background-position":"center center","background-size":"auto","background-attachment":"scroll","background-type":"","background-media":"","overlay-type":"","overlay-color":"","overlay-opacity":"","overlay-gradient":""},"mobile":{"background-color":"var(--ast-global-color-5)","background-image":"","background-repeat":"repeat","background-position":"center center","background-size":"auto","background-attachment":"scroll","background-type":"","background-media":"","overlay-type":"","overlay-color":"","overlay-opacity":"","overlay-gradient":""}},"footnotes":""},"categories":[1,4],"tags":[144],"class_list":["post-9827","post","type-post","status-publish","format-standard","hentry","category-general","category-portada","tag-preinscripcio"],"post_mailing_queue_ids":[],"_links":{"self":[{"href":"https:\/\/agora.xtec.cat\/escola-elsestanys\/wp-json\/wp\/v2\/posts\/9827","targetHints":{"allow":["GET"]}}],"collection":[{"href":"https:\/\/agora.xtec.cat\/escola-elsestanys\/wp-json\/wp\/v2\/posts"}],"about":[{"href":"https:\/\/agora.xtec.cat\/escola-elsestanys\/wp-json\/wp\/v2\/types\/post"}],"author":[{"embeddable":true,"href":"https:\/\/agora.xtec.cat\/escola-elsestanys\/wp-json\/wp\/v2\/users\/1"}],"replies":[{"embeddable":true,"href":"https:\/\/agora.xtec.cat\/escola-elsestanys\/wp-json\/wp\/v2\/comments?post=9827"}],"version-history":[{"count":1,"href":"https:\/\/agora.xtec.cat\/escola-elsestanys\/wp-json\/wp\/v2\/posts\/9827\/revisions"}],"predecessor-version":[{"id":9828,"href":"https:\/\/agora.xtec.cat\/escola-elsestanys\/wp-json\/wp\/v2\/posts\/9827\/revisions\/9828"}],"wp:attachment":[{"href":"https:\/\/agora.xtec.cat\/escola-elsestanys\/wp-json\/wp\/v2\/media?parent=9827"}],"wp:term":[{"taxonomy":"category","embeddable":true,"href":"https:\/\/agora.xtec.cat\/escola-elsestanys\/wp-json\/wp\/v2\/categories?post=9827"},{"taxonomy":"post_tag","embeddable":true,"href":"https:\/\/agora.xtec.cat\/escola-elsestanys\/wp-json\/wp\/v2\/tags?post=9827"}],"curies":[{"name":"wp","href":"https:\/\/api.w.org\/{rel}","templated":true}]}}