{"id":27845,"date":"2026-04-29T14:07:02","date_gmt":"2026-04-29T12:07:02","guid":{"rendered":"https:\/\/agora.xtec.cat\/escola-elsestanys\/?p=27845"},"modified":"2026-04-29T14:07:02","modified_gmt":"2026-04-29T12:07:02","slug":"agermanaments-amb-els-alumnes-daula-dacollida-2","status":"publish","type":"post","link":"https:\/\/agora.xtec.cat\/escola-elsestanys\/general\/agermanaments-amb-els-alumnes-daula-dacollida-2\/","title":{"rendered":"Agermanaments amb els alumnes d&#8217;Aula d&#8217;Acollida"},"content":{"rendered":"\n<p class=\"has-medium-font-size\"><\/p>\n\n\n\n<p>L&#8217; alumnat nouvingut de 6\u00e8 curs de la nostra escola hem rebut una visita dels alumnes d&#8217;Aula d&#8217;Acollida de l&#8217;Escola Fanals d&#8217;Aro. Ha esta una experi\u00e8ncia molt enriquidora per l&#8217;alumnat de les dues escoles, ja que han pogut fer una exposici\u00f3 oral d&#8217;una activitat que havien fet a l&#8217;aula: explicar el seu arbre geneal\u00f2gic. La segona part d&#8217;aquesta trobada ha estat la descripci\u00f3 de persones de la seva fam\u00edlia, a partir d&#8217;un esquema ben pautat i d&#8217;un banc d&#8217;adjectius perqu\u00e8 puguin ampliar el seu repertori l\u00e8xic.<\/p>\n\n\n\n<figure class=\"wp-block-image size-large\"><a href=\"https:\/\/photos.app.goo.gl\/SkwCzZZeTrB8CYRV7\" target=\"_blank\" rel=\" noreferrer noopener\"><img loading=\"lazy\" decoding=\"async\" width=\"1024\" height=\"768\" src=\"https:\/\/agora.xtec.cat\/escola-elsestanys\/wp-content\/uploads\/usu1300\/2026\/04\/IMG_20260424_092130-1024x768.jpg\" alt=\"\" class=\"wp-image-27846\" srcset=\"https:\/\/agora.xtec.cat\/escola-elsestanys\/wp-content\/uploads\/usu1300\/2026\/04\/IMG_20260424_092130-1024x768.jpg 1024w, https:\/\/agora.xtec.cat\/escola-elsestanys\/wp-content\/uploads\/usu1300\/2026\/04\/IMG_20260424_092130-300x225.jpg 300w, https:\/\/agora.xtec.cat\/escola-elsestanys\/wp-content\/uploads\/usu1300\/2026\/04\/IMG_20260424_092130-768x576.jpg 768w, https:\/\/agora.xtec.cat\/escola-elsestanys\/wp-content\/uploads\/usu1300\/2026\/04\/IMG_20260424_092130.jpg 1292w\" sizes=\"auto, (max-width: 1024px) 100vw, 1024px\" \/><\/a><\/figure>\n","protected":false},"excerpt":{"rendered":"<p>L&#8217; alumnat nouvingut de 6\u00e8 curs de la nostra escola hem rebut una visita dels alumnes d&#8217;Aula d&#8217;Acollida de l&#8217;Escola Fanals d&#8217;Aro. Ha esta una experi\u00e8ncia molt enriquidora per l&#8217;alumnat de les dues escoles, ja que han pogut fer una exposici\u00f3 oral d&#8217;una activitat que havien fet a l&#8217;aula: explicar el seu arbre geneal\u00f2gic. La [&hellip;]<\/p>\n","protected":false},"author":111,"featured_media":27846,"comment_status":"open","ping_status":"open","sticky":false,"template":"","format":"standard","meta":{"_bbp_topic_count":0,"_bbp_reply_count":0,"_bbp_total_topic_count":0,"_bbp_total_reply_count":0,"_bbp_voice_count":0,"_bbp_anonymous_reply_count":0,"_bbp_topic_count_hidden":0,"_bbp_reply_count_hidden":0,"_bbp_forum_subforum_count":0,"site-sidebar-layout":"default","site-content-layout":"","ast-site-content-layout":"default","site-content-style":"default","site-sidebar-style":"default","ast-global-header-display":"","ast-banner-title-visibility":"","ast-main-header-display":"","ast-hfb-above-header-display":"","ast-hfb-below-header-display":"","ast-hfb-mobile-header-display":"","site-post-title":"","ast-breadcrumbs-content":"","ast-featured-img":"","footer-sml-layout":"","theme-transparent-header-meta":"","adv-header-id-meta":"","stick-header-meta":"","header-above-stick-meta":"","header-main-stick-meta":"","header-below-stick-meta":"","astra-migrate-meta-layouts":"set","ast-page-background-enabled":"default","ast-page-background-meta":{"desktop":{"background-color":"var(--ast-global-color-4)","background-image":"","background-repeat":"repeat","background-position":"center center","background-size":"auto","background-attachment":"scroll","background-type":"","background-media":"","overlay-type":"","overlay-color":"","overlay-opacity":"","overlay-gradient":""},"tablet":{"background-color":"","background-image":"","background-repeat":"repeat","background-position":"center center","background-size":"auto","background-attachment":"scroll","background-type":"","background-media":"","overlay-type":"","overlay-color":"","overlay-opacity":"","overlay-gradient":""},"mobile":{"background-color":"","background-image":"","background-repeat":"repeat","background-position":"center center","background-size":"auto","background-attachment":"scroll","background-type":"","background-media":"","overlay-type":"","overlay-color":"","overlay-opacity":"","overlay-gradient":""}},"ast-content-background-meta":{"desktop":{"background-color":"var(--ast-global-color-5)","background-image":"","background-repeat":"repeat","background-position":"center center","background-size":"auto","background-attachment":"scroll","background-type":"","background-media":"","overlay-type":"","overlay-color":"","overlay-opacity":"","overlay-gradient":""},"tablet":{"background-color":"var(--ast-global-color-5)","background-image":"","background-repeat":"repeat","background-position":"center center","background-size":"auto","background-attachment":"scroll","background-type":"","background-media":"","overlay-type":"","overlay-color":"","overlay-opacity":"","overlay-gradient":""},"mobile":{"background-color":"var(--ast-global-color-5)","background-image":"","background-repeat":"repeat","background-position":"center center","background-size":"auto","background-attachment":"scroll","background-type":"","background-media":"","overlay-type":"","overlay-color":"","overlay-opacity":"","overlay-gradient":""}},"footnotes":""},"categories":[677,1,4,5],"tags":[],"class_list":["post-27845","post","type-post","status-publish","format-standard","has-post-thumbnail","hentry","category-cs","category-general","category-portada","category-primaria"],"post_mailing_queue_ids":[],"_links":{"self":[{"href":"https:\/\/agora.xtec.cat\/escola-elsestanys\/wp-json\/wp\/v2\/posts\/27845","targetHints":{"allow":["GET"]}}],"collection":[{"href":"https:\/\/agora.xtec.cat\/escola-elsestanys\/wp-json\/wp\/v2\/posts"}],"about":[{"href":"https:\/\/agora.xtec.cat\/escola-elsestanys\/wp-json\/wp\/v2\/types\/post"}],"author":[{"embeddable":true,"href":"https:\/\/agora.xtec.cat\/escola-elsestanys\/wp-json\/wp\/v2\/users\/111"}],"replies":[{"embeddable":true,"href":"https:\/\/agora.xtec.cat\/escola-elsestanys\/wp-json\/wp\/v2\/comments?post=27845"}],"version-history":[{"count":1,"href":"https:\/\/agora.xtec.cat\/escola-elsestanys\/wp-json\/wp\/v2\/posts\/27845\/revisions"}],"predecessor-version":[{"id":27847,"href":"https:\/\/agora.xtec.cat\/escola-elsestanys\/wp-json\/wp\/v2\/posts\/27845\/revisions\/27847"}],"wp:featuredmedia":[{"embeddable":true,"href":"https:\/\/agora.xtec.cat\/escola-elsestanys\/wp-json\/wp\/v2\/media\/27846"}],"wp:attachment":[{"href":"https:\/\/agora.xtec.cat\/escola-elsestanys\/wp-json\/wp\/v2\/media?parent=27845"}],"wp:term":[{"taxonomy":"category","embeddable":true,"href":"https:\/\/agora.xtec.cat\/escola-elsestanys\/wp-json\/wp\/v2\/categories?post=27845"},{"taxonomy":"post_tag","embeddable":true,"href":"https:\/\/agora.xtec.cat\/escola-elsestanys\/wp-json\/wp\/v2\/tags?post=27845"}],"curies":[{"name":"wp","href":"https:\/\/api.w.org\/{rel}","templated":true}]}}