{"id":27838,"date":"2026-04-29T09:40:22","date_gmt":"2026-04-29T07:40:22","guid":{"rendered":"https:\/\/agora.xtec.cat\/escola-elsestanys\/?p=27838"},"modified":"2026-04-29T09:40:24","modified_gmt":"2026-04-29T07:40:24","slug":"etwinning-a-5e","status":"publish","type":"post","link":"https:\/\/agora.xtec.cat\/escola-elsestanys\/portada\/etwinning-a-5e\/","title":{"rendered":"eTwinning a 5\u00e8"},"content":{"rendered":"\n<p>Durant tot gran part del mes de mar\u00e7 i abril, l\u2019alumnat de 5\u00e8 ha continuat desenvolupant el seu projecte eTwinning, <em>\u201cGet to know you!\u201d<\/em>. Les activitats realitzades han estat centrades en el seu poble, Platja d\u2019Aro. En primer lloc, varen escriure una carta descrivint els llocs emblem\u00e0tics del municipi, aix\u00ed com tamb\u00e9 all\u00f2 que no s\u2019hi pot trobar. Posteriorment, varen elaborar un v\u00eddeo i varen crear un joc en l\u00ednia. Finalment, cada alumne va dibuixar el seu lloc preferit i es va dur a terme una votaci\u00f3 a nivell de curs.<\/p>\n\n\n\n<p>La propera setmana es realitzar\u00e0 una videoconfer\u00e8ncia amb l\u2019escola de S\u00e8rbia per tal d\u2019escollir els dos millors dibuixos, que formaran part del logotip del projecte.<\/p>\n\n\n\n<p><br>Aquesta activitat esdev\u00e9 una proposta molt motivadora i engrescadora per a l\u2019alumnat, ja que els ofereix l\u2019oportunitat de parlar del seu entorn m\u00e9s proper d\u2019una manera significativa, utilitzant l\u2019angl\u00e8s com a llengua vehicular. D\u2019aquesta manera, es fomenta no nom\u00e9s l\u2019aprenentatge de la llengua, sin\u00f3 tamb\u00e9 la seva aplicaci\u00f3 en contextos reals i propers a la seva experi\u00e8ncia quotidiana.<\/p>\n\n\n\n\n\n<figure class=\"wp-block-image size-full\"><a href=\"https:\/\/photos.app.goo.gl\/CNM4og33crnT3PUz5\" target=\"_blank\" rel=\" noreferrer noopener\"><img loading=\"lazy\" decoding=\"async\" width=\"640\" height=\"480\" src=\"https:\/\/agora.xtec.cat\/escola-elsestanys\/wp-content\/uploads\/usu1300\/2026\/04\/20260306_173720-e1777448087811.jpg\" alt=\"\" class=\"wp-image-27840\" \/><\/a><\/figure>\n\n\n\n<p><\/p>\n","protected":false},"excerpt":{"rendered":"<p>Durant tot gran part del mes de mar\u00e7 i abril, l\u2019alumnat de 5\u00e8 ha continuat desenvolupant el seu projecte eTwinning, \u201cGet to know you!\u201d. Les activitats realitzades han estat centrades en el seu poble, Platja d\u2019Aro. En primer lloc, varen escriure una carta descrivint els llocs emblem\u00e0tics del municipi, aix\u00ed com tamb\u00e9 all\u00f2 que no [&hellip;]<\/p>\n","protected":false},"author":151,"featured_media":27840,"comment_status":"open","ping_status":"open","sticky":false,"template":"","format":"standard","meta":{"_bbp_topic_count":0,"_bbp_reply_count":0,"_bbp_total_topic_count":0,"_bbp_total_reply_count":0,"_bbp_voice_count":0,"_bbp_anonymous_reply_count":0,"_bbp_topic_count_hidden":0,"_bbp_reply_count_hidden":0,"_bbp_forum_subforum_count":0,"site-sidebar-layout":"default","site-content-layout":"","ast-site-content-layout":"default","site-content-style":"default","site-sidebar-style":"default","ast-global-header-display":"","ast-banner-title-visibility":"","ast-main-header-display":"","ast-hfb-above-header-display":"","ast-hfb-below-header-display":"","ast-hfb-mobile-header-display":"","site-post-title":"","ast-breadcrumbs-content":"","ast-featured-img":"","footer-sml-layout":"","theme-transparent-header-meta":"","adv-header-id-meta":"","stick-header-meta":"","header-above-stick-meta":"","header-main-stick-meta":"","header-below-stick-meta":"","astra-migrate-meta-layouts":"set","ast-page-background-enabled":"default","ast-page-background-meta":{"desktop":{"background-color":"var(--ast-global-color-4)","background-image":"","background-repeat":"repeat","background-position":"center center","background-size":"auto","background-attachment":"scroll","background-type":"","background-media":"","overlay-type":"","overlay-color":"","overlay-opacity":"","overlay-gradient":""},"tablet":{"background-color":"","background-image":"","background-repeat":"repeat","background-position":"center center","background-size":"auto","background-attachment":"scroll","background-type":"","background-media":"","overlay-type":"","overlay-color":"","overlay-opacity":"","overlay-gradient":""},"mobile":{"background-color":"","background-image":"","background-repeat":"repeat","background-position":"center center","background-size":"auto","background-attachment":"scroll","background-type":"","background-media":"","overlay-type":"","overlay-color":"","overlay-opacity":"","overlay-gradient":""}},"ast-content-background-meta":{"desktop":{"background-color":"var(--ast-global-color-5)","background-image":"","background-repeat":"repeat","background-position":"center center","background-size":"auto","background-attachment":"scroll","background-type":"","background-media":"","overlay-type":"","overlay-color":"","overlay-opacity":"","overlay-gradient":""},"tablet":{"background-color":"var(--ast-global-color-5)","background-image":"","background-repeat":"repeat","background-position":"center center","background-size":"auto","background-attachment":"scroll","background-type":"","background-media":"","overlay-type":"","overlay-color":"","overlay-opacity":"","overlay-gradient":""},"mobile":{"background-color":"var(--ast-global-color-5)","background-image":"","background-repeat":"repeat","background-position":"center center","background-size":"auto","background-attachment":"scroll","background-type":"","background-media":"","overlay-type":"","overlay-color":"","overlay-opacity":"","overlay-gradient":""}},"footnotes":""},"categories":[14,4,5],"tags":[],"class_list":["post-27838","post","type-post","status-publish","format-standard","has-post-thumbnail","hentry","category-5e","category-portada","category-primaria"],"post_mailing_queue_ids":[],"_links":{"self":[{"href":"https:\/\/agora.xtec.cat\/escola-elsestanys\/wp-json\/wp\/v2\/posts\/27838","targetHints":{"allow":["GET"]}}],"collection":[{"href":"https:\/\/agora.xtec.cat\/escola-elsestanys\/wp-json\/wp\/v2\/posts"}],"about":[{"href":"https:\/\/agora.xtec.cat\/escola-elsestanys\/wp-json\/wp\/v2\/types\/post"}],"author":[{"embeddable":true,"href":"https:\/\/agora.xtec.cat\/escola-elsestanys\/wp-json\/wp\/v2\/users\/151"}],"replies":[{"embeddable":true,"href":"https:\/\/agora.xtec.cat\/escola-elsestanys\/wp-json\/wp\/v2\/comments?post=27838"}],"version-history":[{"count":1,"href":"https:\/\/agora.xtec.cat\/escola-elsestanys\/wp-json\/wp\/v2\/posts\/27838\/revisions"}],"predecessor-version":[{"id":27843,"href":"https:\/\/agora.xtec.cat\/escola-elsestanys\/wp-json\/wp\/v2\/posts\/27838\/revisions\/27843"}],"wp:featuredmedia":[{"embeddable":true,"href":"https:\/\/agora.xtec.cat\/escola-elsestanys\/wp-json\/wp\/v2\/media\/27840"}],"wp:attachment":[{"href":"https:\/\/agora.xtec.cat\/escola-elsestanys\/wp-json\/wp\/v2\/media?parent=27838"}],"wp:term":[{"taxonomy":"category","embeddable":true,"href":"https:\/\/agora.xtec.cat\/escola-elsestanys\/wp-json\/wp\/v2\/categories?post=27838"},{"taxonomy":"post_tag","embeddable":true,"href":"https:\/\/agora.xtec.cat\/escola-elsestanys\/wp-json\/wp\/v2\/tags?post=27838"}],"curies":[{"name":"wp","href":"https:\/\/api.w.org\/{rel}","templated":true}]}}