{"id":2780,"date":"2016-11-09T10:20:46","date_gmt":"2016-11-09T09:20:46","guid":{"rendered":"http:\/\/agora.xtec.cat\/escola-elsestanys\/?p=2780"},"modified":"2016-11-09T10:30:32","modified_gmt":"2016-11-09T09:30:32","slug":"eleccions-per-la-renovacio-del-consell-escolar-2016","status":"publish","type":"post","link":"https:\/\/agora.xtec.cat\/escola-elsestanys\/general\/eleccions-per-la-renovacio-del-consell-escolar-2016\/","title":{"rendered":"Eleccions per la renovaci\u00f3 del consell escolar 2016"},"content":{"rendered":"<p>Els Consells es renoven per meitats cada dos anys i hi estan representats tots els sectors que conformen la comunitat educativa: mestres, pares i mares, personal no docent, ajuntament i alumnes (aquests darrers nom\u00e9s als centres de secund\u00e0ria).<\/p>\n<p>Aquest any cal renovar una part del sector pares\/mares. El nombre total de persones a renovar \u00e9s de 4.<\/p>\n<p>El Consell Escolar \u00e9s l\u2019\u00f2rgan de participaci\u00f3 de la comunitat educativa en el govern dels centres escolars. \u00c9s per aix\u00f2 que us volem encoratjar per a que hi participeu presentant-vos. Aquelles persones que estiguin interessades a formar part del Consell Escolar cal que contacteu amb direcci\u00f3\/secretaria.<\/p>\n<p><strong>CALENDARI<\/strong><\/p>\n<p>7 de novembre\u00a0\u00a0\u00a0\u00a0\u00a0\u00a0\u00a0\u00a0\u00a0\u00a0\u00a0\u00a0\u00a0\u00a0\u00a0\u00a0\u00a0\u00a0\u00a0 \u00a0\u00a0\u00a0\u00a0\u00a0\u00a0\u00a0\u00a0\u00a0\u00a0\u00a0 Convocat\u00f2ria d\u2019eleccions<\/p>\n<p>Publicaci\u00f3 del cens electoral\u00a0 (entrada de secretaria)<\/p>\n<p>Publicaci\u00f3 de vacants<\/p>\n<p>14 i 15 de novembre\u00a0\u00a0\u00a0\u00a0\u00a0\u00a0\u00a0\u00a0\u00a0\u00a0 \u00a0\u00a0\u00a0\u00a0\u00a0\u00a0\u00a0\u00a0\u00a0\u00a0\u00a0 Reclamacions al cens electoral<\/p>\n<p>8 de novembre\u00a0\u00a0\u00a0\u00a0\u00a0\u00a0\u00a0\u00a0\u00a0\u00a0\u00a0\u00a0\u00a0\u00a0\u00a0\u00a0\u00a0\u00a0\u00a0 \u00a0\u00a0\u00a0\u00a0\u00a0\u00a0\u00a0\u00a0\u00a0\u00a0\u00a0 Sorteig per tal de designar els vocals de les meses.<\/p>\n<p>9 de novembre\u00a0\u00a0\u00a0\u00a0\u00a0\u00a0\u00a0\u00a0\u00a0\u00a0\u00a0\u00a0\u00a0\u00a0\u00a0\u00a0\u00a0\u00a0\u00a0 \u00a0\u00a0\u00a0\u00a0\u00a0\u00a0\u00a0\u00a0\u00a0\u00a0\u00a0 Constituci\u00f3 de les meses electorals.<\/p>\n<p>18 de novembre\u00a0\u00a0\u00a0\u00a0\u00a0\u00a0\u00a0\u00a0\u00a0\u00a0\u00a0\u00a0\u00a0\u00a0\u00a0\u00a0\u00a0 \u00a0\u00a0\u00a0\u00a0\u00a0\u00a0\u00a0\u00a0\u00a0\u00a0\u00a0 Aprovaci\u00f3 i publicaci\u00f3 del cens definitiu<\/p>\n<p>Fins18 de novembre\u00a0\u00a0\u00a0\u00a0\u00a0\u00a0\u00a0\u00a0\u00a0\u00a0\u00a0\u00a0\u00a0\u00a0\u00a0\u00a0\u00a0\u00a0\u00a0\u00a0\u00a0 Presentaci\u00f3 de candidatures<\/p>\n<p>Les persones interessades per ser candidates de qualsevol sector han de passar per direcci\u00f3\/secretaria i recollir l\u2019impr\u00e8s oficial que han d\u2019omplir per presentar la candidatura.<\/p>\n<p>21 de novembre\u00a0\u00a0\u00a0\u00a0\u00a0\u00a0\u00a0\u00a0\u00a0\u00a0\u00a0\u00a0\u00a0\u00a0\u00a0\u00a0\u00a0 \u00a0\u00a0\u00a0\u00a0\u00a0\u00a0\u00a0\u00a0\u00a0\u00a0\u00a0 Publicaci\u00f3 candidatures<\/p>\n<p><strong>28 de novembre\u00a0\u00a0\u00a0\u00a0 \u00a0\u00a0\u00a0\u00a0\u00a0\u00a0\u00a0\u00a0\u00a0\u00a0\u00a0 \u00a0\u00a0\u00a0\u00a0\u00a0\u00a0\u00a0\u00a0\u00a0\u00a0\u00a0 Elecci\u00f3 del sector pares\/mares.<\/strong><\/p>\n<p>Mat\u00ed (8:30h-9:30h), migdia (13h-14h) i tarda (15h-16h)<\/p>\n<p>7 de desembre\u00a0\u00a0\u00a0\u00a0\u00a0\u00a0\u00a0\u00a0\u00a0\u00a0\u00a0\u00a0\u00a0\u00a0\u00a0\u00a0\u00a0\u00a0\u00a0\u00a0 \u00a0\u00a0\u00a0\u00a0\u00a0\u00a0\u00a0\u00a0\u00a0\u00a0\u00a0 Constituci\u00f3 del Consell Escolar Resultant<\/p>\n<ul>\n<li>Cada elector podr\u00e0 votar un nombre m\u00e0xim de 4 representants en el sector pares\/mares.<\/li>\n<li>Finalitzades les votacions, en sessi\u00f3 p\u00fablica, es faran els escrutinis dels vots emesos i posteriorment es proclamaran els candidats electes de cada sector.<\/li>\n<li>Les meses electorals respectives resoldran qualsevol dubte i les reclamacions que puguin presentar-se.<\/li>\n<li>Poden votar tots els pares i mares, tutors i tutores dels alumnes matriculats al centre.<\/li>\n<li>Per poder votar s\u2019ha de presentar el DNI, passaport, perm\u00eds de conduir o targeta de resid\u00e8ncia.<\/li>\n<\/ul>\n","protected":false},"excerpt":{"rendered":"<p>Els Consells es renoven per meitats cada dos anys i hi estan representats tots els sectors que conformen la comunitat educativa: mestres, pares i mares, personal no docent, ajuntament i alumnes (aquests darrers nom\u00e9s als centres de secund\u00e0ria). Aquest any cal renovar una part del sector pares\/mares. El nombre total de persones a renovar \u00e9s [&hellip;]<\/p>\n","protected":false},"author":1,"featured_media":0,"comment_status":"open","ping_status":"open","sticky":false,"template":"","format":"standard","meta":{"_bbp_topic_count":0,"_bbp_reply_count":0,"_bbp_total_topic_count":0,"_bbp_total_reply_count":0,"_bbp_voice_count":0,"_bbp_anonymous_reply_count":0,"_bbp_topic_count_hidden":0,"_bbp_reply_count_hidden":0,"_bbp_forum_subforum_count":0,"site-sidebar-layout":"default","site-content-layout":"","ast-site-content-layout":"","site-content-style":"default","site-sidebar-style":"default","ast-global-header-display":"","ast-banner-title-visibility":"","ast-main-header-display":"","ast-hfb-above-header-display":"","ast-hfb-below-header-display":"","ast-hfb-mobile-header-display":"","site-post-title":"","ast-breadcrumbs-content":"","ast-featured-img":"","footer-sml-layout":"","theme-transparent-header-meta":"","adv-header-id-meta":"","stick-header-meta":"","header-above-stick-meta":"","header-main-stick-meta":"","header-below-stick-meta":"","astra-migrate-meta-layouts":"default","ast-page-background-enabled":"default","ast-page-background-meta":{"desktop":{"background-color":"var(--ast-global-color-4)","background-image":"","background-repeat":"repeat","background-position":"center center","background-size":"auto","background-attachment":"scroll","background-type":"","background-media":"","overlay-type":"","overlay-color":"","overlay-opacity":"","overlay-gradient":""},"tablet":{"background-color":"","background-image":"","background-repeat":"repeat","background-position":"center center","background-size":"auto","background-attachment":"scroll","background-type":"","background-media":"","overlay-type":"","overlay-color":"","overlay-opacity":"","overlay-gradient":""},"mobile":{"background-color":"","background-image":"","background-repeat":"repeat","background-position":"center center","background-size":"auto","background-attachment":"scroll","background-type":"","background-media":"","overlay-type":"","overlay-color":"","overlay-opacity":"","overlay-gradient":""}},"ast-content-background-meta":{"desktop":{"background-color":"var(--ast-global-color-5)","background-image":"","background-repeat":"repeat","background-position":"center center","background-size":"auto","background-attachment":"scroll","background-type":"","background-media":"","overlay-type":"","overlay-color":"","overlay-opacity":"","overlay-gradient":""},"tablet":{"background-color":"var(--ast-global-color-5)","background-image":"","background-repeat":"repeat","background-position":"center center","background-size":"auto","background-attachment":"scroll","background-type":"","background-media":"","overlay-type":"","overlay-color":"","overlay-opacity":"","overlay-gradient":""},"mobile":{"background-color":"var(--ast-global-color-5)","background-image":"","background-repeat":"repeat","background-position":"center center","background-size":"auto","background-attachment":"scroll","background-type":"","background-media":"","overlay-type":"","overlay-color":"","overlay-opacity":"","overlay-gradient":""}},"footnotes":""},"categories":[1,4],"tags":[85,86],"class_list":["post-2780","post","type-post","status-publish","format-standard","hentry","category-general","category-portada","tag-consell-escolar","tag-eleccions"],"post_mailing_queue_ids":[],"_links":{"self":[{"href":"https:\/\/agora.xtec.cat\/escola-elsestanys\/wp-json\/wp\/v2\/posts\/2780","targetHints":{"allow":["GET"]}}],"collection":[{"href":"https:\/\/agora.xtec.cat\/escola-elsestanys\/wp-json\/wp\/v2\/posts"}],"about":[{"href":"https:\/\/agora.xtec.cat\/escola-elsestanys\/wp-json\/wp\/v2\/types\/post"}],"author":[{"embeddable":true,"href":"https:\/\/agora.xtec.cat\/escola-elsestanys\/wp-json\/wp\/v2\/users\/1"}],"replies":[{"embeddable":true,"href":"https:\/\/agora.xtec.cat\/escola-elsestanys\/wp-json\/wp\/v2\/comments?post=2780"}],"version-history":[{"count":1,"href":"https:\/\/agora.xtec.cat\/escola-elsestanys\/wp-json\/wp\/v2\/posts\/2780\/revisions"}],"predecessor-version":[{"id":2781,"href":"https:\/\/agora.xtec.cat\/escola-elsestanys\/wp-json\/wp\/v2\/posts\/2780\/revisions\/2781"}],"wp:attachment":[{"href":"https:\/\/agora.xtec.cat\/escola-elsestanys\/wp-json\/wp\/v2\/media?parent=2780"}],"wp:term":[{"taxonomy":"category","embeddable":true,"href":"https:\/\/agora.xtec.cat\/escola-elsestanys\/wp-json\/wp\/v2\/categories?post=2780"},{"taxonomy":"post_tag","embeddable":true,"href":"https:\/\/agora.xtec.cat\/escola-elsestanys\/wp-json\/wp\/v2\/tags?post=2780"}],"curies":[{"name":"wp","href":"https:\/\/api.w.org\/{rel}","templated":true}]}}