{"id":27796,"date":"2026-04-23T12:03:59","date_gmt":"2026-04-23T10:03:59","guid":{"rendered":"https:\/\/agora.xtec.cat\/escola-elsestanys\/?p=27796"},"modified":"2026-04-23T12:04:00","modified_gmt":"2026-04-23T10:04:00","slug":"6e-visita-a-la-sagrada-familia-i-el-parc-guell","status":"publish","type":"post","link":"https:\/\/agora.xtec.cat\/escola-elsestanys\/portada\/6e-visita-a-la-sagrada-familia-i-el-parc-guell\/","title":{"rendered":"6\u00e8 visita a La Sagrada Fam\u00edlia i el Parc G\u00fcell"},"content":{"rendered":"\n<p>Aquest dimarts, l\u2019alumnat de 6\u00e8 va fer una sortida a Barcelona. Primerament, van visitar la Sagrada Fam\u00edlia. Gr\u00e0cies a les explicacions d\u2019una guia, van descobrir com es va construir la bas\u00edlica i van veure de primera m\u00e0 els diferents elements arquitect\u00f2nics que la fan tant singular.<\/p>\n\n\n\n<p>Despr\u00e9s d\u2019esmorzar en un parc proper, van visitar el Parc G\u00fcell. A m\u00e9s de passejar i observar el paisatge tant espectacular, tamb\u00e9 van con\u00e8ixer que aquest espai va ser dissenyat inicialment com una urbanitzaci\u00f3 amb tot tipus de luxes. Durant la visita, van rec\u00f3rrer molts dels indrets m\u00e9s emblem\u00e0tics del parc.<\/p>\n\n\n\n<p>Va ser una jornada molt enriquidora, plena d\u2019aprenentatges i moments compartits que de ben segur recordaran.<\/p>\n\n\n\n<figure class=\"wp-block-image size-full\"><a href=\"https:\/\/photos.app.goo.gl\/mc3M2ztzedgiQLAx7\" target=\"_blank\" rel=\" noreferrer noopener\"><img loading=\"lazy\" decoding=\"async\" width=\"640\" height=\"480\" src=\"https:\/\/agora.xtec.cat\/escola-elsestanys\/wp-content\/uploads\/usu1300\/2026\/04\/WhatsApp-Image-2026-04-23-at-10.10.53-1-e1776932273678.jpeg\" alt=\"\" class=\"wp-image-27801\" \/><\/a><\/figure>\n\n\n\n<p><\/p>\n","protected":false},"excerpt":{"rendered":"<p>Aquest dimarts, l\u2019alumnat de 6\u00e8 va fer una sortida a Barcelona. Primerament, van visitar la Sagrada Fam\u00edlia. Gr\u00e0cies a les explicacions d\u2019una guia, van descobrir com es va construir la bas\u00edlica i van veure de primera m\u00e0 els diferents elements arquitect\u00f2nics que la fan tant singular. Despr\u00e9s d\u2019esmorzar en un parc proper, van visitar el [&hellip;]<\/p>\n","protected":false},"author":151,"featured_media":27801,"comment_status":"open","ping_status":"open","sticky":false,"template":"","format":"standard","meta":{"_bbp_topic_count":0,"_bbp_reply_count":0,"_bbp_total_topic_count":0,"_bbp_total_reply_count":0,"_bbp_voice_count":0,"_bbp_anonymous_reply_count":0,"_bbp_topic_count_hidden":0,"_bbp_reply_count_hidden":0,"_bbp_forum_subforum_count":0,"site-sidebar-layout":"default","site-content-layout":"","ast-site-content-layout":"default","site-content-style":"default","site-sidebar-style":"default","ast-global-header-display":"","ast-banner-title-visibility":"","ast-main-header-display":"","ast-hfb-above-header-display":"","ast-hfb-below-header-display":"","ast-hfb-mobile-header-display":"","site-post-title":"","ast-breadcrumbs-content":"","ast-featured-img":"","footer-sml-layout":"","theme-transparent-header-meta":"","adv-header-id-meta":"","stick-header-meta":"","header-above-stick-meta":"","header-main-stick-meta":"","header-below-stick-meta":"","astra-migrate-meta-layouts":"set","ast-page-background-enabled":"default","ast-page-background-meta":{"desktop":{"background-color":"var(--ast-global-color-4)","background-image":"","background-repeat":"repeat","background-position":"center center","background-size":"auto","background-attachment":"scroll","background-type":"","background-media":"","overlay-type":"","overlay-color":"","overlay-opacity":"","overlay-gradient":""},"tablet":{"background-color":"","background-image":"","background-repeat":"repeat","background-position":"center center","background-size":"auto","background-attachment":"scroll","background-type":"","background-media":"","overlay-type":"","overlay-color":"","overlay-opacity":"","overlay-gradient":""},"mobile":{"background-color":"","background-image":"","background-repeat":"repeat","background-position":"center center","background-size":"auto","background-attachment":"scroll","background-type":"","background-media":"","overlay-type":"","overlay-color":"","overlay-opacity":"","overlay-gradient":""}},"ast-content-background-meta":{"desktop":{"background-color":"var(--ast-global-color-5)","background-image":"","background-repeat":"repeat","background-position":"center center","background-size":"auto","background-attachment":"scroll","background-type":"","background-media":"","overlay-type":"","overlay-color":"","overlay-opacity":"","overlay-gradient":""},"tablet":{"background-color":"var(--ast-global-color-5)","background-image":"","background-repeat":"repeat","background-position":"center center","background-size":"auto","background-attachment":"scroll","background-type":"","background-media":"","overlay-type":"","overlay-color":"","overlay-opacity":"","overlay-gradient":""},"mobile":{"background-color":"var(--ast-global-color-5)","background-image":"","background-repeat":"repeat","background-position":"center center","background-size":"auto","background-attachment":"scroll","background-type":"","background-media":"","overlay-type":"","overlay-color":"","overlay-opacity":"","overlay-gradient":""}},"footnotes":""},"categories":[15,677,4,5],"tags":[],"class_list":["post-27796","post","type-post","status-publish","format-standard","has-post-thumbnail","hentry","category-6e","category-cs","category-portada","category-primaria"],"post_mailing_queue_ids":[],"_links":{"self":[{"href":"https:\/\/agora.xtec.cat\/escola-elsestanys\/wp-json\/wp\/v2\/posts\/27796","targetHints":{"allow":["GET"]}}],"collection":[{"href":"https:\/\/agora.xtec.cat\/escola-elsestanys\/wp-json\/wp\/v2\/posts"}],"about":[{"href":"https:\/\/agora.xtec.cat\/escola-elsestanys\/wp-json\/wp\/v2\/types\/post"}],"author":[{"embeddable":true,"href":"https:\/\/agora.xtec.cat\/escola-elsestanys\/wp-json\/wp\/v2\/users\/151"}],"replies":[{"embeddable":true,"href":"https:\/\/agora.xtec.cat\/escola-elsestanys\/wp-json\/wp\/v2\/comments?post=27796"}],"version-history":[{"count":1,"href":"https:\/\/agora.xtec.cat\/escola-elsestanys\/wp-json\/wp\/v2\/posts\/27796\/revisions"}],"predecessor-version":[{"id":27809,"href":"https:\/\/agora.xtec.cat\/escola-elsestanys\/wp-json\/wp\/v2\/posts\/27796\/revisions\/27809"}],"wp:featuredmedia":[{"embeddable":true,"href":"https:\/\/agora.xtec.cat\/escola-elsestanys\/wp-json\/wp\/v2\/media\/27801"}],"wp:attachment":[{"href":"https:\/\/agora.xtec.cat\/escola-elsestanys\/wp-json\/wp\/v2\/media?parent=27796"}],"wp:term":[{"taxonomy":"category","embeddable":true,"href":"https:\/\/agora.xtec.cat\/escola-elsestanys\/wp-json\/wp\/v2\/categories?post=27796"},{"taxonomy":"post_tag","embeddable":true,"href":"https:\/\/agora.xtec.cat\/escola-elsestanys\/wp-json\/wp\/v2\/tags?post=27796"}],"curies":[{"name":"wp","href":"https:\/\/api.w.org\/{rel}","templated":true}]}}