{"id":27573,"date":"2026-03-11T13:47:35","date_gmt":"2026-03-11T12:47:35","guid":{"rendered":"https:\/\/agora.xtec.cat\/escola-elsestanys\/?p=27573"},"modified":"2026-03-11T13:47:35","modified_gmt":"2026-03-11T12:47:35","slug":"sortida-pel-municipi-de-platja-daro","status":"publish","type":"post","link":"https:\/\/agora.xtec.cat\/escola-elsestanys\/general\/sortida-pel-municipi-de-platja-daro\/","title":{"rendered":"Sortida pel municipi de Platja d&#8217;Aro"},"content":{"rendered":"\n<p>Els alumnes de 1r de Prim\u00e0ria han realitzat una sortida pel municipi de Platja d\u2019Aro en el marc del projecte que estan treballant a l\u2019aula: <strong>\u201cEl poble\u201d<\/strong>. Aquesta activitat ha tingut com a objectiu con\u00e8ixer millor l\u2019entorn proper i descobrir alguns dels punts d\u2019inter\u00e8s tur\u00edstic m\u00e9s destacats de la poblaci\u00f3.<\/p>\n\n\n\n<p>Durant el recorregut, els infants han pogut observar diferents espais del municipi, fixant-se en els elements que formen part del poble: carrers, places, comer\u00e7os i edificis emblem\u00e0tics. Tamb\u00e9 han visitat alguns llocs d\u2019inter\u00e8s tur\u00edstic que formen part de la identitat de Platja d\u2019Aro i que atrauen molts visitants al llarg de l\u2019any.<\/p>\n\n\n\n<p>La sortida ha estat una oportunitat molt enriquidora per relacionar els continguts treballats a classe amb la realitat del seu entorn. A m\u00e9s, els alumnes han pogut compartir preguntes, curiositats i descobertes mentre exploraven el municipi de manera activa i participativa.<\/p>\n\n\n\n<figure class=\"wp-block-image size-full is-resized\"><a class=\"https:\/\/photos.app.goo.gl\/3GxaPB4WkJAbdefi9\" href=\"https:\/\/photos.app.goo.gl\/3GxaPB4WkJAbdefi9\" target=\"_blank\" rel=\"https:\/\/photos.app.goo.gl\/3GxaPB4WkJAbdefi9\"><img loading=\"lazy\" decoding=\"async\" width=\"746\" height=\"420\" src=\"https:\/\/agora.xtec.cat\/escola-elsestanys\/wp-content\/uploads\/usu1300\/2026\/03\/20260311_105341-1.jpg\" alt=\"\" class=\"wp-image-27574\" style=\"width:834px;height:auto\" srcset=\"https:\/\/agora.xtec.cat\/escola-elsestanys\/wp-content\/uploads\/usu1300\/2026\/03\/20260311_105341-1.jpg 746w, https:\/\/agora.xtec.cat\/escola-elsestanys\/wp-content\/uploads\/usu1300\/2026\/03\/20260311_105341-1-300x169.jpg 300w\" sizes=\"auto, (max-width: 746px) 100vw, 746px\" \/><\/a><\/figure>\n","protected":false},"excerpt":{"rendered":"<p>Els alumnes de 1r de Prim\u00e0ria han realitzat una sortida pel municipi de Platja d\u2019Aro en el marc del projecte que estan treballant a l\u2019aula: \u201cEl poble\u201d. Aquesta activitat ha tingut com a objectiu con\u00e8ixer millor l\u2019entorn proper i descobrir alguns dels punts d\u2019inter\u00e8s tur\u00edstic m\u00e9s destacats de la poblaci\u00f3. Durant el recorregut, els infants [&hellip;]<\/p>\n","protected":false},"author":133,"featured_media":27574,"comment_status":"open","ping_status":"open","sticky":false,"template":"","format":"standard","meta":{"_bbp_topic_count":0,"_bbp_reply_count":0,"_bbp_total_topic_count":0,"_bbp_total_reply_count":0,"_bbp_voice_count":0,"_bbp_anonymous_reply_count":0,"_bbp_topic_count_hidden":0,"_bbp_reply_count_hidden":0,"_bbp_forum_subforum_count":0,"site-sidebar-layout":"default","site-content-layout":"","ast-site-content-layout":"default","site-content-style":"default","site-sidebar-style":"default","ast-global-header-display":"","ast-banner-title-visibility":"","ast-main-header-display":"","ast-hfb-above-header-display":"","ast-hfb-below-header-display":"","ast-hfb-mobile-header-display":"","site-post-title":"","ast-breadcrumbs-content":"","ast-featured-img":"","footer-sml-layout":"","theme-transparent-header-meta":"","adv-header-id-meta":"","stick-header-meta":"","header-above-stick-meta":"","header-main-stick-meta":"","header-below-stick-meta":"","astra-migrate-meta-layouts":"set","ast-page-background-enabled":"default","ast-page-background-meta":{"desktop":{"background-color":"var(--ast-global-color-4)","background-image":"","background-repeat":"repeat","background-position":"center center","background-size":"auto","background-attachment":"scroll","background-type":"","background-media":"","overlay-type":"","overlay-color":"","overlay-opacity":"","overlay-gradient":""},"tablet":{"background-color":"","background-image":"","background-repeat":"repeat","background-position":"center center","background-size":"auto","background-attachment":"scroll","background-type":"","background-media":"","overlay-type":"","overlay-color":"","overlay-opacity":"","overlay-gradient":""},"mobile":{"background-color":"","background-image":"","background-repeat":"repeat","background-position":"center center","background-size":"auto","background-attachment":"scroll","background-type":"","background-media":"","overlay-type":"","overlay-color":"","overlay-opacity":"","overlay-gradient":""}},"ast-content-background-meta":{"desktop":{"background-color":"var(--ast-global-color-5)","background-image":"","background-repeat":"repeat","background-position":"center center","background-size":"auto","background-attachment":"scroll","background-type":"","background-media":"","overlay-type":"","overlay-color":"","overlay-opacity":"","overlay-gradient":""},"tablet":{"background-color":"var(--ast-global-color-5)","background-image":"","background-repeat":"repeat","background-position":"center center","background-size":"auto","background-attachment":"scroll","background-type":"","background-media":"","overlay-type":"","overlay-color":"","overlay-opacity":"","overlay-gradient":""},"mobile":{"background-color":"var(--ast-global-color-5)","background-image":"","background-repeat":"repeat","background-position":"center center","background-size":"auto","background-attachment":"scroll","background-type":"","background-media":"","overlay-type":"","overlay-color":"","overlay-opacity":"","overlay-gradient":""}},"footnotes":""},"categories":[10,673,1,5],"tags":[66],"class_list":["post-27573","post","type-post","status-publish","format-standard","has-post-thumbnail","hentry","category-1r","category-ci","category-general","category-primaria","tag-sortida"],"post_mailing_queue_ids":[],"_links":{"self":[{"href":"https:\/\/agora.xtec.cat\/escola-elsestanys\/wp-json\/wp\/v2\/posts\/27573","targetHints":{"allow":["GET"]}}],"collection":[{"href":"https:\/\/agora.xtec.cat\/escola-elsestanys\/wp-json\/wp\/v2\/posts"}],"about":[{"href":"https:\/\/agora.xtec.cat\/escola-elsestanys\/wp-json\/wp\/v2\/types\/post"}],"author":[{"embeddable":true,"href":"https:\/\/agora.xtec.cat\/escola-elsestanys\/wp-json\/wp\/v2\/users\/133"}],"replies":[{"embeddable":true,"href":"https:\/\/agora.xtec.cat\/escola-elsestanys\/wp-json\/wp\/v2\/comments?post=27573"}],"version-history":[{"count":2,"href":"https:\/\/agora.xtec.cat\/escola-elsestanys\/wp-json\/wp\/v2\/posts\/27573\/revisions"}],"predecessor-version":[{"id":27576,"href":"https:\/\/agora.xtec.cat\/escola-elsestanys\/wp-json\/wp\/v2\/posts\/27573\/revisions\/27576"}],"wp:featuredmedia":[{"embeddable":true,"href":"https:\/\/agora.xtec.cat\/escola-elsestanys\/wp-json\/wp\/v2\/media\/27574"}],"wp:attachment":[{"href":"https:\/\/agora.xtec.cat\/escola-elsestanys\/wp-json\/wp\/v2\/media?parent=27573"}],"wp:term":[{"taxonomy":"category","embeddable":true,"href":"https:\/\/agora.xtec.cat\/escola-elsestanys\/wp-json\/wp\/v2\/categories?post=27573"},{"taxonomy":"post_tag","embeddable":true,"href":"https:\/\/agora.xtec.cat\/escola-elsestanys\/wp-json\/wp\/v2\/tags?post=27573"}],"curies":[{"name":"wp","href":"https:\/\/api.w.org\/{rel}","templated":true}]}}