{"id":27551,"date":"2026-03-06T11:58:16","date_gmt":"2026-03-06T10:58:16","guid":{"rendered":"https:\/\/agora.xtec.cat\/escola-elsestanys\/?p=27551"},"modified":"2026-03-06T11:59:24","modified_gmt":"2026-03-06T10:59:24","slug":"fototrampeig-dels-comisorguis","status":"publish","type":"post","link":"https:\/\/agora.xtec.cat\/escola-elsestanys\/portada\/fototrampeig-dels-comisorguis\/","title":{"rendered":"Fototrampeig dels Comisorguis"},"content":{"rendered":"\n<p>Al mes d\u2019octubre, l\u2019alumnat que forma part de l\u2019Escola Verda, conegut com els <strong>Comisorguis<\/strong>, va instal\u00b7lar unes c\u00e0meres de fototrampeig al <strong>Parc dels Estanys<\/strong> i a la llera del riu <strong>Ridaura<\/strong>. L\u2019objectiu d\u2019aquesta activitat era observar i con\u00e8ixer quins animals habiten en aquests espais naturals propers.<\/p>\n\n\n\n<p>Al cap d\u2019un mes, els alumnes van retirar les c\u00e0meres per poder visualitzar els enregistraments realitzats. D\u2019aquesta manera, van tenir l\u2019oportunitat de descobrir de primera m\u00e0 diverses esp\u00e8cies que viuen en aquesta zona.<\/p>\n\n\n\n<p>Durant les sessions seg\u00fcents, l\u2019alumnat va investigar el nom dels animals detectats en catal\u00e0, castell\u00e0 i angl\u00e8s, aix\u00ed com el seu nom cient\u00edfic. Tamb\u00e9 en van fer un dibuix. Aquesta tasca es va dur a terme en grups de dos alumnes, fomentant el treball cooperatiu i la recerca.<\/p>\n\n\n\n<p>Per finalitzar l\u2019activitat, cada grup va elaborar un petit resum explicant qu\u00e8 \u00e9s el <strong>fototrampeig<\/strong> i com es va desenvolupar aquesta experi\u00e8ncia.<\/p>\n\n\n\n<p> <\/p>\n\n\n\n<figure class=\"wp-block-image size-full\"><a href=\"https:\/\/photos.app.goo.gl\/X2B6w3oWeZBg343b6\" target=\"_blank\" rel=\" noreferrer noopener\"><img loading=\"lazy\" decoding=\"async\" width=\"640\" height=\"480\" src=\"https:\/\/agora.xtec.cat\/escola-elsestanys\/wp-content\/uploads\/usu1300\/2026\/03\/20260306_115310-1-e1772794632293.jpg\" alt=\"\" class=\"wp-image-27552\" \/><\/a><\/figure>\n","protected":false},"excerpt":{"rendered":"<p>Al mes d\u2019octubre, l\u2019alumnat que forma part de l\u2019Escola Verda, conegut com els Comisorguis, va instal\u00b7lar unes c\u00e0meres de fototrampeig al Parc dels Estanys i a la llera del riu Ridaura. L\u2019objectiu d\u2019aquesta activitat era observar i con\u00e8ixer quins animals habiten en aquests espais naturals propers. Al cap d\u2019un mes, els alumnes van retirar les [&hellip;]<\/p>\n","protected":false},"author":151,"featured_media":27552,"comment_status":"open","ping_status":"open","sticky":false,"template":"","format":"standard","meta":{"_bbp_topic_count":0,"_bbp_reply_count":0,"_bbp_total_topic_count":0,"_bbp_total_reply_count":0,"_bbp_voice_count":0,"_bbp_anonymous_reply_count":0,"_bbp_topic_count_hidden":0,"_bbp_reply_count_hidden":0,"_bbp_forum_subforum_count":0,"site-sidebar-layout":"default","site-content-layout":"","ast-site-content-layout":"default","site-content-style":"default","site-sidebar-style":"default","ast-global-header-display":"","ast-banner-title-visibility":"","ast-main-header-display":"","ast-hfb-above-header-display":"","ast-hfb-below-header-display":"","ast-hfb-mobile-header-display":"","site-post-title":"","ast-breadcrumbs-content":"","ast-featured-img":"","footer-sml-layout":"","theme-transparent-header-meta":"","adv-header-id-meta":"","stick-header-meta":"","header-above-stick-meta":"","header-main-stick-meta":"","header-below-stick-meta":"","astra-migrate-meta-layouts":"set","ast-page-background-enabled":"default","ast-page-background-meta":{"desktop":{"background-color":"var(--ast-global-color-4)","background-image":"","background-repeat":"repeat","background-position":"center center","background-size":"auto","background-attachment":"scroll","background-type":"","background-media":"","overlay-type":"","overlay-color":"","overlay-opacity":"","overlay-gradient":""},"tablet":{"background-color":"","background-image":"","background-repeat":"repeat","background-position":"center center","background-size":"auto","background-attachment":"scroll","background-type":"","background-media":"","overlay-type":"","overlay-color":"","overlay-opacity":"","overlay-gradient":""},"mobile":{"background-color":"","background-image":"","background-repeat":"repeat","background-position":"center center","background-size":"auto","background-attachment":"scroll","background-type":"","background-media":"","overlay-type":"","overlay-color":"","overlay-opacity":"","overlay-gradient":""}},"ast-content-background-meta":{"desktop":{"background-color":"var(--ast-global-color-5)","background-image":"","background-repeat":"repeat","background-position":"center center","background-size":"auto","background-attachment":"scroll","background-type":"","background-media":"","overlay-type":"","overlay-color":"","overlay-opacity":"","overlay-gradient":""},"tablet":{"background-color":"var(--ast-global-color-5)","background-image":"","background-repeat":"repeat","background-position":"center center","background-size":"auto","background-attachment":"scroll","background-type":"","background-media":"","overlay-type":"","overlay-color":"","overlay-opacity":"","overlay-gradient":""},"mobile":{"background-color":"var(--ast-global-color-5)","background-image":"","background-repeat":"repeat","background-position":"center center","background-size":"auto","background-attachment":"scroll","background-type":"","background-media":"","overlay-type":"","overlay-color":"","overlay-opacity":"","overlay-gradient":""}},"footnotes":""},"categories":[673,676,677,4],"tags":[],"class_list":["post-27551","post","type-post","status-publish","format-standard","has-post-thumbnail","hentry","category-ci","category-cm","category-cs","category-portada"],"post_mailing_queue_ids":[],"_links":{"self":[{"href":"https:\/\/agora.xtec.cat\/escola-elsestanys\/wp-json\/wp\/v2\/posts\/27551","targetHints":{"allow":["GET"]}}],"collection":[{"href":"https:\/\/agora.xtec.cat\/escola-elsestanys\/wp-json\/wp\/v2\/posts"}],"about":[{"href":"https:\/\/agora.xtec.cat\/escola-elsestanys\/wp-json\/wp\/v2\/types\/post"}],"author":[{"embeddable":true,"href":"https:\/\/agora.xtec.cat\/escola-elsestanys\/wp-json\/wp\/v2\/users\/151"}],"replies":[{"embeddable":true,"href":"https:\/\/agora.xtec.cat\/escola-elsestanys\/wp-json\/wp\/v2\/comments?post=27551"}],"version-history":[{"count":1,"href":"https:\/\/agora.xtec.cat\/escola-elsestanys\/wp-json\/wp\/v2\/posts\/27551\/revisions"}],"predecessor-version":[{"id":27553,"href":"https:\/\/agora.xtec.cat\/escola-elsestanys\/wp-json\/wp\/v2\/posts\/27551\/revisions\/27553"}],"wp:featuredmedia":[{"embeddable":true,"href":"https:\/\/agora.xtec.cat\/escola-elsestanys\/wp-json\/wp\/v2\/media\/27552"}],"wp:attachment":[{"href":"https:\/\/agora.xtec.cat\/escola-elsestanys\/wp-json\/wp\/v2\/media?parent=27551"}],"wp:term":[{"taxonomy":"category","embeddable":true,"href":"https:\/\/agora.xtec.cat\/escola-elsestanys\/wp-json\/wp\/v2\/categories?post=27551"},{"taxonomy":"post_tag","embeddable":true,"href":"https:\/\/agora.xtec.cat\/escola-elsestanys\/wp-json\/wp\/v2\/tags?post=27551"}],"curies":[{"name":"wp","href":"https:\/\/api.w.org\/{rel}","templated":true}]}}