{"id":27373,"date":"2026-01-23T13:39:01","date_gmt":"2026-01-23T12:39:01","guid":{"rendered":"https:\/\/agora.xtec.cat\/escola-elsestanys\/?p=27373"},"modified":"2026-01-23T13:45:24","modified_gmt":"2026-01-23T12:45:24","slug":"racons-de-llengua-a-1r-de-primaria","status":"publish","type":"post","link":"https:\/\/agora.xtec.cat\/escola-elsestanys\/general\/racons-de-llengua-a-1r-de-primaria\/","title":{"rendered":"Racons de llengua a 1r de prim\u00e0ria"},"content":{"rendered":"\n<p>A primer de prim\u00e0ria treballem la llengua d\u2019una manera activa i motivadora a trav\u00e9s dels <strong>racons de llengua<\/strong>, una metodologia que permet a l\u2019alumnat aprendre tot jugant, explorant i col\u00b7laborant amb els companys i companyes.<\/p>\n\n\n\n<p>A l\u2019aula s\u2019organitzen diferents racons on els infants realitzen activitats variades relacionades amb la lectura, l\u2019escriptura, la comprensi\u00f3 oral i l\u2019expressi\u00f3 escrita. Aquests racons poden incloure jocs de paraules, lectura de contes, activitats de consci\u00e8ncia fonol\u00f2gica, construcci\u00f3 de frases o petites produccions escrites.<\/p>\n\n\n\n<p>Aquesta manera de treballar afavoreix l\u2019<strong>autonomia<\/strong>, el <strong>respecte als diferents ritmes d\u2019aprenentatge<\/strong> i la <strong>participaci\u00f3 activa<\/strong> de tot l\u2019alumnat. A m\u00e9s, els infants aprenen a organitzar-se, a compartir materials i a ajudar-se entre ells, fomentant aix\u00ed el treball cooperatiu.<\/p>\n\n\n\n<p>Els racons de llengua converteixen l\u2019aprenentatge en una experi\u00e8ncia engrescadora i significativa, on els nens i nenes s\u00f3n els protagonistes del seu propi proc\u00e9s d\u2019aprenentatge.<\/p>\n\n\n\n<figure class=\"wp-block-image size-full\"><a href=\"https:\/\/photos.app.goo.gl\/Dt9cSECm396TkYwB6\" target=\"_blank\" rel=\"https:\/\/photos.app.goo.gl\/Dt9cSECm396TkYwB6\"><img loading=\"lazy\" decoding=\"async\" width=\"640\" height=\"360\" src=\"https:\/\/agora.xtec.cat\/escola-elsestanys\/wp-content\/uploads\/usu1300\/2026\/01\/RACO-DE-LLENGUA-1-e1769171734471.jpg\" alt=\"\" class=\"wp-image-27375\" \/><\/a><\/figure>\n\n\n\n<p><\/p>\n","protected":false},"excerpt":{"rendered":"<p>A primer de prim\u00e0ria treballem la llengua d\u2019una manera activa i motivadora a trav\u00e9s dels racons de llengua, una metodologia que permet a l\u2019alumnat aprendre tot jugant, explorant i col\u00b7laborant amb els companys i companyes. A l\u2019aula s\u2019organitzen diferents racons on els infants realitzen activitats variades relacionades amb la lectura, l\u2019escriptura, la comprensi\u00f3 oral i [&hellip;]<\/p>\n","protected":false},"author":133,"featured_media":27375,"comment_status":"open","ping_status":"open","sticky":false,"template":"","format":"standard","meta":{"_bbp_topic_count":0,"_bbp_reply_count":0,"_bbp_total_topic_count":0,"_bbp_total_reply_count":0,"_bbp_voice_count":0,"_bbp_anonymous_reply_count":0,"_bbp_topic_count_hidden":0,"_bbp_reply_count_hidden":0,"_bbp_forum_subforum_count":0,"site-sidebar-layout":"default","site-content-layout":"","ast-site-content-layout":"default","site-content-style":"default","site-sidebar-style":"default","ast-global-header-display":"","ast-banner-title-visibility":"","ast-main-header-display":"","ast-hfb-above-header-display":"","ast-hfb-below-header-display":"","ast-hfb-mobile-header-display":"","site-post-title":"","ast-breadcrumbs-content":"","ast-featured-img":"","footer-sml-layout":"","theme-transparent-header-meta":"","adv-header-id-meta":"","stick-header-meta":"","header-above-stick-meta":"","header-main-stick-meta":"","header-below-stick-meta":"","astra-migrate-meta-layouts":"set","ast-page-background-enabled":"default","ast-page-background-meta":{"desktop":{"background-color":"var(--ast-global-color-4)","background-image":"","background-repeat":"repeat","background-position":"center center","background-size":"auto","background-attachment":"scroll","background-type":"","background-media":"","overlay-type":"","overlay-color":"","overlay-opacity":"","overlay-gradient":""},"tablet":{"background-color":"","background-image":"","background-repeat":"repeat","background-position":"center center","background-size":"auto","background-attachment":"scroll","background-type":"","background-media":"","overlay-type":"","overlay-color":"","overlay-opacity":"","overlay-gradient":""},"mobile":{"background-color":"","background-image":"","background-repeat":"repeat","background-position":"center center","background-size":"auto","background-attachment":"scroll","background-type":"","background-media":"","overlay-type":"","overlay-color":"","overlay-opacity":"","overlay-gradient":""}},"ast-content-background-meta":{"desktop":{"background-color":"var(--ast-global-color-5)","background-image":"","background-repeat":"repeat","background-position":"center center","background-size":"auto","background-attachment":"scroll","background-type":"","background-media":"","overlay-type":"","overlay-color":"","overlay-opacity":"","overlay-gradient":""},"tablet":{"background-color":"var(--ast-global-color-5)","background-image":"","background-repeat":"repeat","background-position":"center center","background-size":"auto","background-attachment":"scroll","background-type":"","background-media":"","overlay-type":"","overlay-color":"","overlay-opacity":"","overlay-gradient":""},"mobile":{"background-color":"var(--ast-global-color-5)","background-image":"","background-repeat":"repeat","background-position":"center center","background-size":"auto","background-attachment":"scroll","background-type":"","background-media":"","overlay-type":"","overlay-color":"","overlay-opacity":"","overlay-gradient":""}},"footnotes":""},"categories":[10,673,1,4,5],"tags":[],"class_list":["post-27373","post","type-post","status-publish","format-standard","has-post-thumbnail","hentry","category-1r","category-ci","category-general","category-portada","category-primaria"],"post_mailing_queue_ids":[],"_links":{"self":[{"href":"https:\/\/agora.xtec.cat\/escola-elsestanys\/wp-json\/wp\/v2\/posts\/27373","targetHints":{"allow":["GET"]}}],"collection":[{"href":"https:\/\/agora.xtec.cat\/escola-elsestanys\/wp-json\/wp\/v2\/posts"}],"about":[{"href":"https:\/\/agora.xtec.cat\/escola-elsestanys\/wp-json\/wp\/v2\/types\/post"}],"author":[{"embeddable":true,"href":"https:\/\/agora.xtec.cat\/escola-elsestanys\/wp-json\/wp\/v2\/users\/133"}],"replies":[{"embeddable":true,"href":"https:\/\/agora.xtec.cat\/escola-elsestanys\/wp-json\/wp\/v2\/comments?post=27373"}],"version-history":[{"count":2,"href":"https:\/\/agora.xtec.cat\/escola-elsestanys\/wp-json\/wp\/v2\/posts\/27373\/revisions"}],"predecessor-version":[{"id":27377,"href":"https:\/\/agora.xtec.cat\/escola-elsestanys\/wp-json\/wp\/v2\/posts\/27373\/revisions\/27377"}],"wp:featuredmedia":[{"embeddable":true,"href":"https:\/\/agora.xtec.cat\/escola-elsestanys\/wp-json\/wp\/v2\/media\/27375"}],"wp:attachment":[{"href":"https:\/\/agora.xtec.cat\/escola-elsestanys\/wp-json\/wp\/v2\/media?parent=27373"}],"wp:term":[{"taxonomy":"category","embeddable":true,"href":"https:\/\/agora.xtec.cat\/escola-elsestanys\/wp-json\/wp\/v2\/categories?post=27373"},{"taxonomy":"post_tag","embeddable":true,"href":"https:\/\/agora.xtec.cat\/escola-elsestanys\/wp-json\/wp\/v2\/tags?post=27373"}],"curies":[{"name":"wp","href":"https:\/\/api.w.org\/{rel}","templated":true}]}}