{"id":25283,"date":"2024-03-08T13:55:30","date_gmt":"2024-03-08T12:55:30","guid":{"rendered":"https:\/\/agora.xtec.cat\/escola-elsestanys\/?p=25283"},"modified":"2024-03-11T11:18:34","modified_gmt":"2024-03-11T10:18:34","slug":"visita-biblioteca-municipal","status":"publish","type":"post","link":"https:\/\/agora.xtec.cat\/escola-elsestanys\/general\/visita-biblioteca-municipal\/","title":{"rendered":"Visita biblioteca municipal"},"content":{"rendered":"<p><span style=\"font-weight: 400;\">Aquesta setmana l\u2019alumnat de quart ha gaudit d\u2019una estona amb l\u2019escriptora Anna Gasol, autora del llibre <\/span><i><span style=\"font-weight: 400;\">Vivim en una crisi Bufa, quins embolics, avi Mateu! <\/span><\/i><span style=\"font-weight: 400;\">que recentment hem llegit a l\u2019aula.<\/span><\/p>\n<p><span style=\"font-weight: 400;\">La trobada ha tingut lloc a la Biblioteca Municipal del nostre poble i ens ha explicat la seva traject\u00f2ria professional i algunes viv\u00e8ncies personals. Despr\u00e9s, l\u2019alumnat ha pogut formular totes les preguntes que s\u2019havien preparat pr\u00e8viament a l\u2019aula.<\/span><\/p>\n<p><span style=\"font-weight: 400;\">Ha sigut un plaer poder con\u00e8ixer en primera persona l\u2019autora del llibre i la feina d\u2019una escriptora professional.\u00a0<\/span><\/p>\n<p><a href=\"https:\/\/photos.app.goo.gl\/4M73QrvqTdkfJ6xX8\" target=\"_blank\" rel=\"noopener\"><img loading=\"lazy\" decoding=\"async\" class=\"alignnone\" src=\"https:\/\/lh3.googleusercontent.com\/pw\/AP1GczPXmEKfad0LQL_FV8stYtDP_T1uO8rt0CW1GI08w0v-NgqbHRyTlX_3d22dw0I0Q_u7ouraiOw8Szpx6MVsNXGaE-rXaIz5_iULP5BKcJYSlTUNLDJyiRIuxq0-XvLg-AXY4-Ygoa_OkrSXU2pgGjcZ=w1260-h945-s-no-gm?authuser=0\" alt=\"\" width=\"640\" height=\"480\" \/><\/a><\/p>\n","protected":false},"excerpt":{"rendered":"<p>Aquesta setmana l\u2019alumnat de quart ha gaudit d\u2019una estona amb l\u2019escriptora Anna Gasol, autora del llibre Vivim en una crisi Bufa, quins embolics, avi Mateu! que recentment hem llegit a l\u2019aula. La trobada ha tingut lloc a la Biblioteca Municipal del nostre poble i ens ha explicat la seva traject\u00f2ria professional i algunes viv\u00e8ncies personals. [&hellip;]<\/p>\n","protected":false},"author":14,"featured_media":0,"comment_status":"open","ping_status":"closed","sticky":false,"template":"","format":"standard","meta":{"_bbp_topic_count":0,"_bbp_reply_count":0,"_bbp_total_topic_count":0,"_bbp_total_reply_count":0,"_bbp_voice_count":0,"_bbp_anonymous_reply_count":0,"_bbp_topic_count_hidden":0,"_bbp_reply_count_hidden":0,"_bbp_forum_subforum_count":0,"site-sidebar-layout":"default","site-content-layout":"","ast-site-content-layout":"","site-content-style":"default","site-sidebar-style":"default","ast-global-header-display":"","ast-banner-title-visibility":"","ast-main-header-display":"","ast-hfb-above-header-display":"","ast-hfb-below-header-display":"","ast-hfb-mobile-header-display":"","site-post-title":"","ast-breadcrumbs-content":"","ast-featured-img":"","footer-sml-layout":"","theme-transparent-header-meta":"","adv-header-id-meta":"","stick-header-meta":"","header-above-stick-meta":"","header-main-stick-meta":"","header-below-stick-meta":"","astra-migrate-meta-layouts":"default","ast-page-background-enabled":"default","ast-page-background-meta":{"desktop":{"background-color":"var(--ast-global-color-4)","background-image":"","background-repeat":"repeat","background-position":"center center","background-size":"auto","background-attachment":"scroll","background-type":"","background-media":"","overlay-type":"","overlay-color":"","overlay-opacity":"","overlay-gradient":""},"tablet":{"background-color":"","background-image":"","background-repeat":"repeat","background-position":"center center","background-size":"auto","background-attachment":"scroll","background-type":"","background-media":"","overlay-type":"","overlay-color":"","overlay-opacity":"","overlay-gradient":""},"mobile":{"background-color":"","background-image":"","background-repeat":"repeat","background-position":"center center","background-size":"auto","background-attachment":"scroll","background-type":"","background-media":"","overlay-type":"","overlay-color":"","overlay-opacity":"","overlay-gradient":""}},"ast-content-background-meta":{"desktop":{"background-color":"var(--ast-global-color-5)","background-image":"","background-repeat":"repeat","background-position":"center center","background-size":"auto","background-attachment":"scroll","background-type":"","background-media":"","overlay-type":"","overlay-color":"","overlay-opacity":"","overlay-gradient":""},"tablet":{"background-color":"var(--ast-global-color-5)","background-image":"","background-repeat":"repeat","background-position":"center center","background-size":"auto","background-attachment":"scroll","background-type":"","background-media":"","overlay-type":"","overlay-color":"","overlay-opacity":"","overlay-gradient":""},"mobile":{"background-color":"var(--ast-global-color-5)","background-image":"","background-repeat":"repeat","background-position":"center center","background-size":"auto","background-attachment":"scroll","background-type":"","background-media":"","overlay-type":"","overlay-color":"","overlay-opacity":"","overlay-gradient":""}},"footnotes":""},"categories":[13,676,1,4,5],"tags":[],"class_list":["post-25283","post","type-post","status-publish","format-standard","hentry","category-4t","category-cm","category-general","category-portada","category-primaria"],"post_mailing_queue_ids":[],"_links":{"self":[{"href":"https:\/\/agora.xtec.cat\/escola-elsestanys\/wp-json\/wp\/v2\/posts\/25283","targetHints":{"allow":["GET"]}}],"collection":[{"href":"https:\/\/agora.xtec.cat\/escola-elsestanys\/wp-json\/wp\/v2\/posts"}],"about":[{"href":"https:\/\/agora.xtec.cat\/escola-elsestanys\/wp-json\/wp\/v2\/types\/post"}],"author":[{"embeddable":true,"href":"https:\/\/agora.xtec.cat\/escola-elsestanys\/wp-json\/wp\/v2\/users\/14"}],"replies":[{"embeddable":true,"href":"https:\/\/agora.xtec.cat\/escola-elsestanys\/wp-json\/wp\/v2\/comments?post=25283"}],"version-history":[{"count":2,"href":"https:\/\/agora.xtec.cat\/escola-elsestanys\/wp-json\/wp\/v2\/posts\/25283\/revisions"}],"predecessor-version":[{"id":25291,"href":"https:\/\/agora.xtec.cat\/escola-elsestanys\/wp-json\/wp\/v2\/posts\/25283\/revisions\/25291"}],"wp:attachment":[{"href":"https:\/\/agora.xtec.cat\/escola-elsestanys\/wp-json\/wp\/v2\/media?parent=25283"}],"wp:term":[{"taxonomy":"category","embeddable":true,"href":"https:\/\/agora.xtec.cat\/escola-elsestanys\/wp-json\/wp\/v2\/categories?post=25283"},{"taxonomy":"post_tag","embeddable":true,"href":"https:\/\/agora.xtec.cat\/escola-elsestanys\/wp-json\/wp\/v2\/tags?post=25283"}],"curies":[{"name":"wp","href":"https:\/\/api.w.org\/{rel}","templated":true}]}}